{"id":140168,"date":"2025-09-20T19:56:35","date_gmt":"2025-09-20T22:56:35","guid":{"rendered":"https:\/\/www.elsindical.com.ar\/notas\/?p=140168"},"modified":"2025-09-20T20:44:18","modified_gmt":"2025-09-20T23:44:18","slug":"javier-milei-el-nino-roto-presidente","status":"publish","type":"post","link":"https:\/\/www.elsindical.com.ar\/notas\/javier-milei-el-nino-roto-presidente\/","title":{"rendered":"Javier Milei el \u00abni\u00f1o roto\u00bb presidente"},"content":{"rendered":"<div class=\"wp-block-image\">\n<figure class=\"aligncenter size-full\"><a href=\"https:\/\/www.elsindical.com.ar\/notas\/var\/www\/html\/notas\/wp-content\/uploads\/2025\/09\/Javier-y-Karina-Milei-abrazados.jpg\"><img loading=\"lazy\" decoding=\"async\" width=\"700\" height=\"466\" src=\"https:\/\/www.elsindical.com.ar\/notas\/var\/www\/html\/notas\/wp-content\/uploads\/2025\/09\/Javier-y-Karina-Milei-abrazados.jpg\" alt=\"\" class=\"wp-image-140170\" srcset=\"https:\/\/www.elsindical.com.ar\/notas\/var\/www\/html\/notas\/wp-content\/uploads\/2025\/09\/Javier-y-Karina-Milei-abrazados.jpg 700w, https:\/\/www.elsindical.com.ar\/notas\/var\/www\/html\/notas\/wp-content\/uploads\/2025\/09\/Javier-y-Karina-Milei-abrazados-300x200.jpg 300w\" sizes=\"auto, (max-width: 700px) 100vw, 700px\" \/><\/a><\/figure>\n<\/div>\n\n\n<p>Mientras todos los indicadores econ\u00f3micos se encuentran en ROJO, solo minimizados por un Luis Caputo que al hablar se lo nota inc\u00f3modo y por momentos ido al pausar su alocuci\u00f3n, buscando continuar con las oraciones que son forzadas, Javier Milei se muestra excitado y derrochando irresponsabilidad en sus comentarios.<\/p>\n\n\n\n<p>Vuelve a la postura del pol\u00edtico en campa\u00f1a agresiva, insultando, amenazando pero por sobre todo, mintiendo.<\/p>\n\n\n\n<p>Para que el \u00abni\u00f1o\u00bb Javier no se enoje de m\u00e1s, Karina organiza las visitas m\u00e1s bizarras que se pueden generar en una crisis grave, lo rodean al presidente trolls, medi\u00e1ticos, brujos y lo peor que integra la pol\u00edtica actual, es obvio que ninguno puede aportar una idea constructiva, pero la diversi\u00f3n est\u00e1 garantizada y Javier Milei, el hombre quebrado cuando ni\u00f1o por la violencia f\u00edsica y psicol\u00f3gica de sus padres, ahora goza con ver a un grupo alent\u00e1ndolo, a \u00e9l a quien su padre le gritaba que era un in\u00fatil que no serv\u00eda para nada.<\/p>\n\n\n\n<p>El propio Javier Milei a contado p\u00fablicamente las palizas que recib\u00eda y que lo dejaban sin poder caminar, reconociendo que todo eso lo da\u00f1o gravemente y que por ese motivo el no iba a tener hijos, porque sab\u00eda que no est\u00e1 bien y no quiere repetir en su hijo lo que \u00e9l vivi\u00f3, es decir, tiene muy claro eso de que el abusado se transforma en abusador.<\/p>\n\n\n\n<figure class=\"wp-block-embed is-type-video is-provider-youtube wp-block-embed-youtube wp-embed-aspect-16-9 wp-has-aspect-ratio\"><div class=\"wp-block-embed__wrapper\">\n<iframe loading=\"lazy\" title=\"JJavier Milei se sincera sobrela relaci\u00f3n con padres\" width=\"700\" height=\"394\" src=\"https:\/\/www.youtube.com\/embed\/z1HV-a9vQB0?feature=oembed\" frameborder=\"0\" allow=\"accelerometer; autoplay; clipboard-write; encrypted-media; gyroscope; picture-in-picture; web-share\" referrerpolicy=\"strict-origin-when-cross-origin\" allowfullscreen><\/iframe>\n<\/div><\/figure>\n\n\n\n<p>Pero un tipo con la estructura psicol\u00f3gica de Javier Milei es peligroso para s\u00ed y para terceros, porque fue criado en el lenguaje de la violencia, de la crueldad f\u00edsica y verbal, de la humillaci\u00f3n, incluso de la perversi\u00f3n, aprendi\u00f3 que para demostrar el poder hay que dominar, doblegar y romper al otro como sea.<\/p>\n\n\n\n<p>A pesar de que siempre Javier Milei tuvo reacciones agresivas principalmente con mujeres, esta conducta no tuvo los reproches suficientes, pocos le pusieron l\u00edmites, una de las m\u00e1s valientes fue <strong>Marcela Tinayre<\/strong>, que hecho a Javier de su programa al aire. <\/p>\n\n\n\n<figure class=\"wp-block-embed is-type-video is-provider-youtube wp-block-embed-youtube wp-embed-aspect-16-9 wp-has-aspect-ratio\"><div class=\"wp-block-embed__wrapper\">\n<iframe loading=\"lazy\" title=\"Marcela Tinayre hecha en vivo a Javier Milei\" width=\"700\" height=\"394\" src=\"https:\/\/www.youtube.com\/embed\/qSrDSdyDZko?feature=oembed\" frameborder=\"0\" allow=\"accelerometer; autoplay; clipboard-write; encrypted-media; gyroscope; picture-in-picture; web-share\" referrerpolicy=\"strict-origin-when-cross-origin\" allowfullscreen><\/iframe>\n<\/div><\/figure>\n\n\n\n<p>Por esa conducta reiterada y reprochable Milei agrede a la periodista <strong>Teresita Fr\u00edas<\/strong> en una conferencia en Met\u00e1n en Salta en el a\u00f1o 2018 Javier Milei es imputado de oficio por la Fiscal penal de Violencia Familiar y de G\u00e9nero de Met\u00e1n,<strong>&nbsp;Susana Redondo Torino<\/strong>. Intervino el juez del fuero,&nbsp;<strong>Carmelo Paz<\/strong>, que sigui\u00f3 las pautas fijadas por las leyes provinciales 7403 y 7888. \u00bfConclusi\u00f3n? El magistrado dispuso \u201cmedidas preventivas\u201d.&nbsp;Hoy la medida m\u00e1s relevante es el resultado de las pericias psicol\u00f3gicas a Javier Milei, por parte de profesionales de la OVFG.<\/p>\n\n\n<div class=\"wp-block-image\">\n<figure class=\"aligncenter size-full\"><a href=\"https:\/\/www.elsindical.com.ar\/notas\/var\/www\/html\/notas\/wp-content\/uploads\/2025\/09\/Fallo-justicia-de-Salta-Javier-Milei.jpg\"><img loading=\"lazy\" decoding=\"async\" width=\"420\" height=\"713\" src=\"https:\/\/www.elsindical.com.ar\/notas\/var\/www\/html\/notas\/wp-content\/uploads\/2025\/09\/Fallo-justicia-de-Salta-Javier-Milei.jpg\" alt=\"\" class=\"wp-image-140172\" srcset=\"https:\/\/www.elsindical.com.ar\/notas\/var\/www\/html\/notas\/wp-content\/uploads\/2025\/09\/Fallo-justicia-de-Salta-Javier-Milei.jpg 420w, https:\/\/www.elsindical.com.ar\/notas\/var\/www\/html\/notas\/wp-content\/uploads\/2025\/09\/Fallo-justicia-de-Salta-Javier-Milei-177x300.jpg 177w\" sizes=\"auto, (max-width: 420px) 100vw, 420px\" \/><\/a><\/figure>\n<\/div>\n\n\n<p>Otro hecho grave ocurri\u00f3 el mismo d\u00eda al salir del Colegio de Abogados, Milei y las personas que lo acompa\u00f1aban se fueron a cenar a un restaurante del pueblo. Cuando se sent\u00f3, el economista fue atendido por la moza<strong> Karina Banegas<\/strong>, quien le tom\u00f3 el pedido. Seg\u00fan una serie de art\u00edculos publicados por <em>El Tribuno<\/em>, Milei estall\u00f3 de furia cuando le lleg\u00f3 a la mesa el bife de chorizo que hab\u00eda pedido. \u00ab<strong>Yo lo ped\u00ed jugoso y esto est\u00e1 seco. Estuve media hora esperando y mi tiempo vale oro<\/strong>\u00ab, le habr\u00eda dicho a la moza.<\/p>\n\n\n\n<p>De acuerdo al relato, Banegas retir\u00f3 el plato ante la queja para cambiarlo. Al cabo de unos minutos volvi\u00f3 a aparecer con otro bife y Milei cort\u00f3 la carne, tir\u00f3 los cubiertos y, enojado, insisti\u00f3: <strong>\u00abMe lo voy a tener que comer as\u00ed, porque mi tiempo vale oro\u00bb<\/strong>.<\/p>\n\n\n\n<p>Cuesta creer que el eje de Javier Milei sea Karina Milei, quien a demostrado ser la \u00fanica capaz de contenerlo, pero \u00bfes la persona recomendada para hacerlo? porque tampoco es una persona libre de las traum\u00e1ticas vivencias de Javier.<\/p>\n\n\n\n<p>La soledad y el encontrar refugio afectivo en los perros tiene su l\u00f3gica, ellos no defraudan y suelen lamerse sus propias heridas.<\/p>\n\n\n\n<p>El exceso de alegr\u00eda cuando participa en eventos militares es otro indicador tard\u00edo de su espacio de juego, por eso no duda en vestirse de uniforme pero la vida real no es un juego y estas conductas son aprovechadas por oportunistas que estimulan la pavada por sobre la realidad.<\/p>\n\n\n\n<p>Entretener a Javier Milei no es dif\u00edcil, basta con ir por cuestiones m\u00edsticas, instalar conspiraciones y enemigos que quieren arrebatarle su momento, as\u00ed Javier se parece mucho al gordo \u00abPituca\u00bb de la canci\u00f3n de Los Redonditos de Ricota.<\/p>\n\n\n\n<p>Las \u00faltimas declaraciones de uno de los fundadores de LLA y amigo personal de Javier Milei son graves y m\u00e1s grave es el hecho de que el presidente no las haya desmentido,<strong> Gast\u00f3n Alberdi<\/strong>, directamente lo acusa de consumir y distribuir material sobre pedofilia, de consumir pornograf\u00eda gay, de ser un mentiroso serial entre otras acusaciones.<\/p>\n\n\n\n<figure class=\"wp-block-embed is-type-video is-provider-youtube wp-block-embed-youtube wp-embed-aspect-16-9 wp-has-aspect-ratio\"><div class=\"wp-block-embed__wrapper\">\n<iframe loading=\"lazy\" title=\"&quot;MILEI ES UN MENTIROSO SERIAL&quot; | EL BULO DE VIVIANA #CARNAVALSTREAM\" width=\"700\" height=\"394\" src=\"https:\/\/www.youtube.com\/embed\/ADb9iqxiKMk?start=2786&#038;feature=oembed\" frameborder=\"0\" allow=\"accelerometer; autoplay; clipboard-write; encrypted-media; gyroscope; picture-in-picture; web-share\" referrerpolicy=\"strict-origin-when-cross-origin\" allowfullscreen><\/iframe>\n<\/div><\/figure>\n\n\n\n<p>El lanzamiento de la campa\u00f1a para octubre en C\u00f3rdoba fue m\u00e1s un circo que un evento serio de la pol\u00edtica.<\/p>\n\n\n\n<p><a><\/a>\u201cM\u00e1s de 200 francotiradores\u201d desplegados en los techos y hasta en la \u201crueda de la fortuna\u201d para cuidar un acto de Milei\u2026 \u00bfEl detalle? Apenas \u201c500 personas\u201d asistieron. Un operativo de pel\u00edcula para una convocatoria de cuarto de sala.<\/p>\n\n\n\n<p>La postal en C\u00f3rdoba es clara: \u201cmucha bala, poca gente\u201d. El r\u00e9gimen libertario se blinda cada vez m\u00e1s mientras el pueblo se aleja cada vez m\u00e1s.<\/p>\n\n\n\n<figure class=\"wp-block-embed is-type-video is-provider-youtube wp-block-embed-youtube wp-embed-aspect-16-9 wp-has-aspect-ratio\"><div class=\"wp-block-embed__wrapper\">\n<iframe loading=\"lazy\" title=\"C\u00f3rdoba Milei lanza su campa\u00f1a en medio de un circo con la custodia\" width=\"700\" height=\"394\" src=\"https:\/\/www.youtube.com\/embed\/M79NkkaKvCY?feature=oembed\" frameborder=\"0\" allow=\"accelerometer; autoplay; clipboard-write; encrypted-media; gyroscope; picture-in-picture; web-share\" referrerpolicy=\"strict-origin-when-cross-origin\" allowfullscreen><\/iframe>\n<\/div><\/figure>\n\n\n\n<p>La conclusi\u00f3n es que Javier Milei lleg\u00f3 a la presidencia prometiendo terminar con todo lo que eran beneficios, la casta, los curros, jurando no aumentar las tarifas hasta que los sueldos sean fuertes, dolarizar, ser experto en crecimiento con y sin dinero, no volver a endeudar al pa\u00eds con pr\u00e9stamos porque eso era condenar a generaciones que a\u00fan no nacieron a malas condiciones por la deuda y los condicionamientos para crecer, todo muy lindo, de todo eso, no cumpli\u00f3 y ya no puede cumplir nada.<\/p>\n\n\n\n<p>Ante los esc\u00e1ndalos por las coimas y los hechos de corrupci\u00f3n los niega y acusa a la IA, perdiendo as\u00ed la credibilidad de millones que lo votaron a pesar de ser un violento, exc\u00e9ntrico y poco claro para hablar.<\/p>\n\n\n\n<p>Por Marcelo Ricardo Hawrylciw<\/p>\n","protected":false},"excerpt":{"rendered":"<p>Mientras todos los indicadores econ\u00f3micos se encuentran en ROJO, solo minimizados por un Luis Caputo que al hablar se lo nota inc\u00f3modo y por momentos ido al pausar su alocuci\u00f3n, buscando continuar con las oraciones que son forzadas, Javier Milei se muestra excitado y derrochando irresponsabilidad en sus comentarios. Vuelve a la postura del pol\u00edtico&hellip;<\/p>\n","protected":false},"author":1,"featured_media":140170,"comment_status":"open","ping_status":"open","sticky":false,"template":"","format":"standard","meta":{"footnotes":""},"categories":[10],"tags":[45941,622,45939,2450,45938,28812,40428,40899,45942,4844,4073,45940],"class_list":["post-140168","post","type-post","status-publish","format-standard","has-post-thumbnail","hentry","category-editorial","tag-alicia-lujan-lucich","tag-coimas","tag-conan","tag-diario-el-sindical","tag-gaston-alberdi","tag-javier-milei","tag-karina-milei","tag-lilia-lemoine","tag-norberto-horacio-milei","tag-pedofilo","tag-pericias-psicologicas","tag-teresita-frias"],"_links":{"self":[{"href":"https:\/\/www.elsindical.com.ar\/notas\/wp-json\/wp\/v2\/posts\/140168","targetHints":{"allow":["GET"]}}],"collection":[{"href":"https:\/\/www.elsindical.com.ar\/notas\/wp-json\/wp\/v2\/posts"}],"about":[{"href":"https:\/\/www.elsindical.com.ar\/notas\/wp-json\/wp\/v2\/types\/post"}],"author":[{"embeddable":true,"href":"https:\/\/www.elsindical.com.ar\/notas\/wp-json\/wp\/v2\/users\/1"}],"replies":[{"embeddable":true,"href":"https:\/\/www.elsindical.com.ar\/notas\/wp-json\/wp\/v2\/comments?post=140168"}],"version-history":[{"count":6,"href":"https:\/\/www.elsindical.com.ar\/notas\/wp-json\/wp\/v2\/posts\/140168\/revisions"}],"predecessor-version":[{"id":140178,"href":"https:\/\/www.elsindical.com.ar\/notas\/wp-json\/wp\/v2\/posts\/140168\/revisions\/140178"}],"wp:featuredmedia":[{"embeddable":true,"href":"https:\/\/www.elsindical.com.ar\/notas\/wp-json\/wp\/v2\/media\/140170"}],"wp:attachment":[{"href":"https:\/\/www.elsindical.com.ar\/notas\/wp-json\/wp\/v2\/media?parent=140168"}],"wp:term":[{"taxonomy":"category","embeddable":true,"href":"https:\/\/www.elsindical.com.ar\/notas\/wp-json\/wp\/v2\/categories?post=140168"},{"taxonomy":"post_tag","embeddable":true,"href":"https:\/\/www.elsindical.com.ar\/notas\/wp-json\/wp\/v2\/tags?post=140168"}],"curies":[{"name":"wp","href":"https:\/\/api.w.org\/{rel}","templated":true}]}}