{"id":140153,"date":"2025-09-19T17:41:53","date_gmt":"2025-09-19T20:41:53","guid":{"rendered":"https:\/\/www.elsindical.com.ar\/notas\/?p=140153"},"modified":"2025-09-19T17:41:59","modified_gmt":"2025-09-19T20:41:59","slug":"la-anmat-recordo-la-prohibicion-del-uso-distribucion-y-comercializacion-de-una-conocida-crema-dental","status":"publish","type":"post","link":"https:\/\/www.elsindical.com.ar\/notas\/la-anmat-recordo-la-prohibicion-del-uso-distribucion-y-comercializacion-de-una-conocida-crema-dental\/","title":{"rendered":"La ANMAT record\u00f3 la prohibici\u00f3n del uso, distribuci\u00f3n y comercializaci\u00f3n de una conocida crema dental"},"content":{"rendered":"<div class=\"wp-block-image\">\n<figure class=\"aligncenter size-full\"><a href=\"https:\/\/www.elsindical.com.ar\/notas\/var\/www\/html\/notas\/wp-content\/uploads\/2025\/07\/Colgate-total-clean-mint.jpg\"><img loading=\"lazy\" decoding=\"async\" width=\"700\" height=\"207\" src=\"https:\/\/www.elsindical.com.ar\/notas\/var\/www\/html\/notas\/wp-content\/uploads\/2025\/07\/Colgate-total-clean-mint.jpg\" alt=\"\" class=\"wp-image-139088\" srcset=\"https:\/\/www.elsindical.com.ar\/notas\/var\/www\/html\/notas\/wp-content\/uploads\/2025\/07\/Colgate-total-clean-mint.jpg 700w, https:\/\/www.elsindical.com.ar\/notas\/var\/www\/html\/notas\/wp-content\/uploads\/2025\/07\/Colgate-total-clean-mint-300x89.jpg 300w\" sizes=\"auto, (max-width: 700px) 100vw, 700px\" \/><\/a><\/figure>\n<\/div>\n\n\n<p>La Administraci\u00f3n Nacional de Medicamentos, Alimentos y Tecnolog\u00eda M\u00e9dica (ANMAT) volvi\u00f3 a recordar la prohibici\u00f3n del uso, distribuci\u00f3n y comercializaci\u00f3n de una crema dental que genera efectos adversos.<\/p>\n\n\n\n<p>Se trata del producto <strong>Crema dental anticaries con fl\u00faor COLGATE TOTAL CLEAN MINT<\/strong>, el cual hab\u00eda sido reportado en la Disposici\u00f3n 5126\/2025 el pasado 22 de julio por tener efectos adversos en los usuarios.<\/p>\n\n\n\n<p>El producto en cuesti\u00f3n se encuadra bajo la categor\u00eda de cosm\u00e9ticos y, como tales, \u201cno presentan actividad terap\u00e9utica que justifique la aceptaci\u00f3n de efectos adversos\u201d.<\/p>\n\n\n\n<p>En Brasil el uso de esta misma pasta dental gener\u00f3 reacciones desfavorables en casi 11.500 casos y los expertos indicaron que dicho pa\u00eds comparte la misma f\u00f3rmula cuali-cuantitativa, origen y planta elaboradora con el que se comercializa en Argentina.<\/p>\n\n\n\n<p>Ahora, pese al retiro del producto del mercado en nuestro pa\u00eds, los casos continuaron notific\u00e1ndose, motivo por el cual la ANMTA efectu\u00f3 un nuevo aviso.<\/p>\n\n\n\n<p>Por lo expuesto, \u201cse recuerda que se encuentra prohibido el uso, la distribuci\u00f3n y la comercializaci\u00f3n del producto en todas sus presentaciones, tama\u00f1os y lotes\u201d.<\/p>\n\n\n\n<p>Ante cualquier reacci\u00f3n adversa el usuario puede completar el formulario de cosmetovigilancia o v\u00eda mail a <a href=\"mailto:cosmeto.vigilancia@anmat.gob.ar\"><strong>cosmeto.vigilancia@anmat.gob.ar<\/strong><\/a>.<\/p>\n","protected":false},"excerpt":{"rendered":"<p>La Administraci\u00f3n Nacional de Medicamentos, Alimentos y Tecnolog\u00eda M\u00e9dica (ANMAT) volvi\u00f3 a recordar la prohibici\u00f3n del uso, distribuci\u00f3n y comercializaci\u00f3n de una crema dental que genera efectos adversos. Se trata del producto Crema dental anticaries con fl\u00faor COLGATE TOTAL CLEAN MINT, el cual hab\u00eda sido reportado en la Disposici\u00f3n 5126\/2025 el pasado 22 de julio&hellip;<\/p>\n","protected":false},"author":1,"featured_media":139088,"comment_status":"open","ping_status":"open","sticky":false,"template":"","format":"standard","meta":{"footnotes":""},"categories":[23],"tags":[1394,45600,2450,22031],"class_list":["post-140153","post","type-post","status-publish","format-standard","has-post-thumbnail","hentry","category-salud","tag-anmat","tag-colgate-clean-mint","tag-diario-el-sindical","tag-salud"],"_links":{"self":[{"href":"https:\/\/www.elsindical.com.ar\/notas\/wp-json\/wp\/v2\/posts\/140153","targetHints":{"allow":["GET"]}}],"collection":[{"href":"https:\/\/www.elsindical.com.ar\/notas\/wp-json\/wp\/v2\/posts"}],"about":[{"href":"https:\/\/www.elsindical.com.ar\/notas\/wp-json\/wp\/v2\/types\/post"}],"author":[{"embeddable":true,"href":"https:\/\/www.elsindical.com.ar\/notas\/wp-json\/wp\/v2\/users\/1"}],"replies":[{"embeddable":true,"href":"https:\/\/www.elsindical.com.ar\/notas\/wp-json\/wp\/v2\/comments?post=140153"}],"version-history":[{"count":1,"href":"https:\/\/www.elsindical.com.ar\/notas\/wp-json\/wp\/v2\/posts\/140153\/revisions"}],"predecessor-version":[{"id":140154,"href":"https:\/\/www.elsindical.com.ar\/notas\/wp-json\/wp\/v2\/posts\/140153\/revisions\/140154"}],"wp:featuredmedia":[{"embeddable":true,"href":"https:\/\/www.elsindical.com.ar\/notas\/wp-json\/wp\/v2\/media\/139088"}],"wp:attachment":[{"href":"https:\/\/www.elsindical.com.ar\/notas\/wp-json\/wp\/v2\/media?parent=140153"}],"wp:term":[{"taxonomy":"category","embeddable":true,"href":"https:\/\/www.elsindical.com.ar\/notas\/wp-json\/wp\/v2\/categories?post=140153"},{"taxonomy":"post_tag","embeddable":true,"href":"https:\/\/www.elsindical.com.ar\/notas\/wp-json\/wp\/v2\/tags?post=140153"}],"curies":[{"name":"wp","href":"https:\/\/api.w.org\/{rel}","templated":true}]}}