{"id":140097,"date":"2025-09-16T01:55:07","date_gmt":"2025-09-16T04:55:07","guid":{"rendered":"https:\/\/www.elsindical.com.ar\/notas\/?p=140097"},"modified":"2025-09-16T01:55:14","modified_gmt":"2025-09-16T04:55:14","slug":"efemerides-del-dia-16-de-septiembre-12","status":"publish","type":"post","link":"https:\/\/www.elsindical.com.ar\/notas\/efemerides-del-dia-16-de-septiembre-12\/","title":{"rendered":"EFEM\u00c9RIDES: DEL D\u00cdA 16 DE SEPTIEMBRE"},"content":{"rendered":"\n<p>D\u00eda Internacional de la Preservaci\u00f3n de la Capa de Ozono<\/p>\n\n\n\n<p>\u2013 D\u00eda de los Derechos del Estudiante Secundario (en Argentina)<\/p>\n\n\n\n<p>1224 \u2013 San Francisco de As\u00eds recibe los estigmas.<\/p>\n\n\n\n<p>1380 \u2013 Muere Carlos V de Francia.<\/p>\n\n\n\n<p>1492 \u2013 Las carabelas de Col\u00f3n llegan a una amplia extensi\u00f3n atl\u00e1ntica cubierta de algas que despu\u00e9s ser\u00eda denominada \u00abMar de los sargazos\u00bb.<\/p>\n\n\n\n<p>1498 \u2013 Muere el inquisidor Tomas de Torquemada.<\/p>\n\n\n\n<p>1736 \u2013 Muere Gabriel Daniel Fahrenheit, f\u00edsico alem\u00e1n.<\/p>\n\n\n\n<p>1795 \u2013 Gran Breta\u00f1a captura Ciudad del Cabo.<\/p>\n\n\n\n<p>1810 \u2013 Grito de Dolores: el mexicano Miguel Hidalgo se rebela contra las autoridades espa\u00f1olas.<\/p>\n\n\n\n<p>1824 \u2013 Muere Luis XVIII, rey de Francia.<\/p>\n\n\n\n<p>1848 \u2013 La esclavitud es abolida en todos los territorios franceses.<\/p>\n\n\n\n<p>1873 \u2013 Nace Belisario Rold\u00e1n, pol\u00edtico y periodista argentino<\/p>\n\n\n\n<p>1882 \u2013 Nace Ricardo Rojas, escritor y profesor.<\/p>\n\n\n\n<p>1908 \u2013 William Crapo \u2018Billy\u2019 Durant funda la General Motors.<\/p>\n\n\n\n<p>1924 \u2013 Nace Lauren Bacall, actriz estadounidense.<\/p>\n\n\n\n<p>1925 \u2013 Nace B.B. King (Riley B. King), cantante y guitarrista estadounidense.<\/p>\n\n\n\n<p>1936 \u2013 Muere ahogado en Islandia, junto con 38 de sus compa\u00f1eros, el ocean\u00f3grafo y explorador frances Jean Baptiste Charcot.<\/p>\n\n\n\n<p>1952 \u2013 Nace el actor estadounidense Mickey Rourke.<\/p>\n\n\n\n<p>1955 \u2013 La Revoluci\u00f3n Libertadora derroca al gobierno presidente Juan Domingo Per\u00f3n.<\/p>\n\n\n\n<p>1956 \u2013 Nace el ilusionista estadounidense David Copperfield.<\/p>\n\n\n\n<p>1963 \u2013 Se forma la federaci\u00f3n de Malasia.<\/p>\n\n\n\n<p>1963 \u2013 Nace Richard Marx, compositor y cantante estadounidense.<\/p>\n\n\n\n<p>1969 \u2013 Nace el cantante estadounidense Marc Anthony.<\/p>\n\n\n\n<p>1973 \u2013 Muere asesinado por la dictadura de Augusto Pinochet el m\u00fasico V\u00edctor Jara, representante de la Nueva Canci\u00f3n Chilena.<\/p>\n\n\n\n<p>1975 \u2013 Independencia de Papua Nueva Guinea.<\/p>\n\n\n\n<p>1976 \u2013 Son secuestrados 6 estudiantes secundarios de La Plata, Buenos Aires, que piden por el Boleto Estudiantil. El hecho se conoce como \u00abLa Noche de los L\u00e1pices\u00bb.<\/p>\n\n\n\n<p>1977 \u2013 Muere la soprano Mar\u00eda Callas.<\/p>\n\n\n\n<p>1978 \u2013 M\u00e1s de 15.000 muertos en un terremoto de 7,7 de magnitud en la escala Richter en Tabas (Ir\u00e1n).<\/p>\n\n\n\n<p>1981 \u2013 Nace Alexis Bledel, actriz estadounidense.<\/p>\n\n\n\n<p>1987 \u2013 Veinticuatro pa\u00edses firman en Canad\u00e1 el Protocolo de Montreal para evitar el deterioro de la capa de ozono.<\/p>\n\n\n\n<p>2006 \u2013 Muere An\u00edbal Vinelli, periodista y cr\u00edtico de cine argentino.<\/p>\n\n\n\n<p>2007 \u2013 Muere Robert Jordan, escritor estadounidense.<\/p>\n\n\n\n<p>2010 \u2013 Muere Silo (Mario Rodr\u00edguez), escritor argentino.<\/p>\n\n\n\n<p>2015 -En Chile se produce un terremoto de gran intensidad, acompa\u00f1ado de r\u00e9plicas y tsunami de una magnitud de 8,4 en Escala sismol\u00f3gica de magnitud de momento, produciendo 16 fallecidos y numerosos damnificados.<\/p>\n\n\n\n<p>2021 \u2013 Inspiration4 es lanzado por SpaceX y se convierte en el primer vuelo espacial totalmente civil, con una tripulaci\u00f3n de cuatro personas en una \u00f3rbita de tres d\u00edas de la Tierra.<\/p>\n\n\n\n<p>2022 \u2013 Multitudinarias protestas en Ir\u00e1n por el trato a las mujeres, despu\u00e9s del funeral de Mahsa Amini, una joven de 22 a\u00f1os que muri\u00f3 bajo custodia policial bajo circunstancias sospechosas.<\/p>\n\n\n\n<p><\/p>\n","protected":false},"excerpt":{"rendered":"<p>D\u00eda Internacional de la Preservaci\u00f3n de la Capa de Ozono \u2013 D\u00eda de los Derechos del Estudiante Secundario (en Argentina) 1224 \u2013 San Francisco de As\u00eds recibe los estigmas. 1380 \u2013 Muere Carlos V de Francia. 1492 \u2013 Las carabelas de Col\u00f3n llegan a una amplia extensi\u00f3n atl\u00e1ntica cubierta de algas que despu\u00e9s ser\u00eda denominada&hellip;<\/p>\n","protected":false},"author":1,"featured_media":0,"comment_status":"open","ping_status":"open","sticky":false,"template":"","format":"standard","meta":{"footnotes":""},"categories":[14],"tags":[2450,22026],"class_list":["post-140097","post","type-post","status-publish","format-standard","hentry","category-efemerides","tag-diario-el-sindical","tag-efemerides"],"_links":{"self":[{"href":"https:\/\/www.elsindical.com.ar\/notas\/wp-json\/wp\/v2\/posts\/140097","targetHints":{"allow":["GET"]}}],"collection":[{"href":"https:\/\/www.elsindical.com.ar\/notas\/wp-json\/wp\/v2\/posts"}],"about":[{"href":"https:\/\/www.elsindical.com.ar\/notas\/wp-json\/wp\/v2\/types\/post"}],"author":[{"embeddable":true,"href":"https:\/\/www.elsindical.com.ar\/notas\/wp-json\/wp\/v2\/users\/1"}],"replies":[{"embeddable":true,"href":"https:\/\/www.elsindical.com.ar\/notas\/wp-json\/wp\/v2\/comments?post=140097"}],"version-history":[{"count":1,"href":"https:\/\/www.elsindical.com.ar\/notas\/wp-json\/wp\/v2\/posts\/140097\/revisions"}],"predecessor-version":[{"id":140098,"href":"https:\/\/www.elsindical.com.ar\/notas\/wp-json\/wp\/v2\/posts\/140097\/revisions\/140098"}],"wp:attachment":[{"href":"https:\/\/www.elsindical.com.ar\/notas\/wp-json\/wp\/v2\/media?parent=140097"}],"wp:term":[{"taxonomy":"category","embeddable":true,"href":"https:\/\/www.elsindical.com.ar\/notas\/wp-json\/wp\/v2\/categories?post=140097"},{"taxonomy":"post_tag","embeddable":true,"href":"https:\/\/www.elsindical.com.ar\/notas\/wp-json\/wp\/v2\/tags?post=140097"}],"curies":[{"name":"wp","href":"https:\/\/api.w.org\/{rel}","templated":true}]}}