{"id":140092,"date":"2025-09-15T15:58:59","date_gmt":"2025-09-15T18:58:59","guid":{"rendered":"https:\/\/www.elsindical.com.ar\/notas\/?p=140092"},"modified":"2025-09-15T15:59:06","modified_gmt":"2025-09-15T18:59:06","slug":"procesan-a-tres-efectivos-de-la-policia-de-la-ciudad-por-un-secuestro-extorsivo-en-bajo-flores","status":"publish","type":"post","link":"https:\/\/www.elsindical.com.ar\/notas\/procesan-a-tres-efectivos-de-la-policia-de-la-ciudad-por-un-secuestro-extorsivo-en-bajo-flores\/","title":{"rendered":"Procesan a tres efectivos de la Polic\u00eda de la Ciudad por un secuestro extorsivo en Bajo Flores"},"content":{"rendered":"<div class=\"wp-block-image\">\n<figure class=\"aligncenter size-full\"><a href=\"https:\/\/www.elsindical.com.ar\/notas\/var\/www\/html\/notas\/wp-content\/uploads\/2025\/09\/Policias-de-la-Ciudad-secuestradores.jpeg\"><img loading=\"lazy\" decoding=\"async\" width=\"929\" height=\"523\" src=\"https:\/\/www.elsindical.com.ar\/notas\/var\/www\/html\/notas\/wp-content\/uploads\/2025\/09\/Policias-de-la-Ciudad-secuestradores.jpeg\" alt=\"\" class=\"wp-image-140093\" srcset=\"https:\/\/www.elsindical.com.ar\/notas\/var\/www\/html\/notas\/wp-content\/uploads\/2025\/09\/Policias-de-la-Ciudad-secuestradores.jpeg 929w, https:\/\/www.elsindical.com.ar\/notas\/var\/www\/html\/notas\/wp-content\/uploads\/2025\/09\/Policias-de-la-Ciudad-secuestradores-300x169.jpeg 300w, https:\/\/www.elsindical.com.ar\/notas\/var\/www\/html\/notas\/wp-content\/uploads\/2025\/09\/Policias-de-la-Ciudad-secuestradores-768x432.jpeg 768w, https:\/\/www.elsindical.com.ar\/notas\/var\/www\/html\/notas\/wp-content\/uploads\/2025\/09\/Policias-de-la-Ciudad-secuestradores-460x260.jpeg 460w\" sizes=\"auto, (max-width: 929px) 100vw, 929px\" \/><\/a><\/figure>\n<\/div>\n\n\n<p>La v\u00edctima de 24 a\u00f1os estuvo dos horas cautiva arriba de su propio auto hasta que su familia pag\u00f3 en Villa Lugano un rescate en d\u00f3lares y pesos.<\/p>\n\n\n\n<p>Tres inspectores de la Polic\u00eda de la Ciudad fueron procesados con prisi\u00f3n preventiva acusados de haber participado del secuestro extorsivo de un joven de 24 a\u00f1os ocurrido en mayo pasado en la zona porte\u00f1a del Bajo Flores. La v\u00edctima estuvo dos horas cautiva arriba de su propio auto hasta que su familia pag\u00f3 un rescate de 4.000 d\u00f3lares y $1.500.000.<\/p>\n\n\n\n<p>Los efectivos y un cuarto acusado, de nacionalidad peruana, fueron procesados por la jueza federal Mar\u00eda Romilda Servini, quien les impuso adem\u00e1s embargos por $50 millones.<\/p>\n\n\n\n<figure class=\"wp-block-image size-large\"><a href=\"https:\/\/www.elsindical.com.ar\/notas\/var\/www\/html\/notas\/wp-content\/uploads\/2025\/09\/Policias-de-la-Ciudad-secuestradores-2.jpeg\"><img loading=\"lazy\" decoding=\"async\" width=\"1024\" height=\"666\" src=\"https:\/\/www.elsindical.com.ar\/notas\/var\/www\/html\/notas\/wp-content\/uploads\/2025\/09\/Policias-de-la-Ciudad-secuestradores-2-1024x666.jpeg\" alt=\"\" class=\"wp-image-140094\" srcset=\"https:\/\/www.elsindical.com.ar\/notas\/var\/www\/html\/notas\/wp-content\/uploads\/2025\/09\/Policias-de-la-Ciudad-secuestradores-2-1024x666.jpeg 1024w, https:\/\/www.elsindical.com.ar\/notas\/var\/www\/html\/notas\/wp-content\/uploads\/2025\/09\/Policias-de-la-Ciudad-secuestradores-2-300x195.jpeg 300w, https:\/\/www.elsindical.com.ar\/notas\/var\/www\/html\/notas\/wp-content\/uploads\/2025\/09\/Policias-de-la-Ciudad-secuestradores-2-768x500.jpeg 768w, https:\/\/www.elsindical.com.ar\/notas\/var\/www\/html\/notas\/wp-content\/uploads\/2025\/09\/Policias-de-la-Ciudad-secuestradores-2.jpeg 1265w\" sizes=\"auto, (max-width: 1024px) 100vw, 1024px\" \/><\/a><\/figure>\n\n\n\n<p>Seg\u00fan se destaca en el documento presentado por el Ministerio P\u00fablico Fiscal, los efectivos alcanzados por la resoluci\u00f3n son A.N.L. (32), P.O.M. (43) y H.M.D.S. (50). Los tres tienen la misma jerarqu\u00eda de inspectores dentro de la fuerza y cumpl\u00edan, hasta su detenci\u00f3n, tareas como personal de \u201cbrigada\u201d de la Divisi\u00f3n Investigaciones Comunales (DIC) 4 de la Polic\u00eda de la Ciudad, con asiento en el barrio de Parque Patricios.<\/p>\n\n\n\n<p>Los cuatro fueron acusados del delito de \u201csecuestro extorsivo agravado por haberse logrado el prop\u00f3sito de obtener rescate, por la participaci\u00f3n de tres o m\u00e1s personas y por haber sido cometido con violencia o intimidaci\u00f3n contra las personas mediante el empleo de armas de fuego\u201d (con una pena de 10 a 25 a\u00f1os de prisi\u00f3n), en concurso real con \u201crobo agravado por el uso de armas\u201d (de 5 a 15 a\u00f1os de prisi\u00f3n), ya que a la v\u00edctima tambi\u00e9n le robaron su celular iPhone 12 -con el que hicieron los llamados extorsivos- y un par de zapatillas.<\/p>\n\n\n\n<p>En el caso de los polic\u00edas, la figura del secuestro tambi\u00e9n est\u00e1 agravada por ser miembros de una fuerza de seguridad, en este caso, de la Polic\u00eda de la Ciudad.<\/p>\n\n\n\n<figure class=\"wp-block-image size-large\"><a href=\"https:\/\/www.elsindical.com.ar\/notas\/var\/www\/html\/notas\/wp-content\/uploads\/2025\/09\/Policias-de-la-Ciudad-secuestradores-3.jpeg\"><img loading=\"lazy\" decoding=\"async\" width=\"1024\" height=\"523\" src=\"https:\/\/www.elsindical.com.ar\/notas\/var\/www\/html\/notas\/wp-content\/uploads\/2025\/09\/Policias-de-la-Ciudad-secuestradores-3-1024x523.jpeg\" alt=\"\" class=\"wp-image-140095\" srcset=\"https:\/\/www.elsindical.com.ar\/notas\/var\/www\/html\/notas\/wp-content\/uploads\/2025\/09\/Policias-de-la-Ciudad-secuestradores-3-1024x523.jpeg 1024w, https:\/\/www.elsindical.com.ar\/notas\/var\/www\/html\/notas\/wp-content\/uploads\/2025\/09\/Policias-de-la-Ciudad-secuestradores-3-300x153.jpeg 300w, https:\/\/www.elsindical.com.ar\/notas\/var\/www\/html\/notas\/wp-content\/uploads\/2025\/09\/Policias-de-la-Ciudad-secuestradores-3-768x392.jpeg 768w, https:\/\/www.elsindical.com.ar\/notas\/var\/www\/html\/notas\/wp-content\/uploads\/2025\/09\/Policias-de-la-Ciudad-secuestradores-3.jpeg 1219w\" sizes=\"auto, (max-width: 1024px) 100vw, 1024px\" \/><\/a><\/figure>\n\n\n\n<p>En la acusaci\u00f3n se indica que los tres utilizaron uno de los m\u00f3viles no identificables de la dependencia en la que trabajaban \u201cpara actuar como veh\u00edculo de apoyo y monitorear distintas fases del secuestro\u201d.<\/p>\n\n\n\n<p>Acerca del cuarto implicado, las autoridades informaron que trabaja como delivery para una aplicaci\u00f3n de comidas y cuya moto fue empleada en distintas etapas del secuestro, entre ellas, la del cobro del rescate.<\/p>\n\n\n\n<p><strong>Secuestro y detenciones<\/strong><\/p>\n\n\n\n<p>El hecho ocurri\u00f3 el 17 de mayo de este a\u00f1o cuando la v\u00edctima, que se dedica a revender por internet distintos elementos que importa desde el exterior, se dirigi\u00f3 en su veh\u00edculo desde su domicilio en Villa Lugano hasta la intersecci\u00f3n de las avenidas Perito Moreno y Cruz, en la zona del Bajo Flores, por la venta de unas zapatillas que ten\u00eda publicadas en la red social Instagram, y por las que fue contactado a trav\u00e9s de un n\u00famero desconocido por WhatsApp.<\/p>\n\n\n\n<p>Al punto de encuentro llegaron en una moto dos hombres, uno de los cuales se identific\u00f3 como el comprador de las zapatillas y le pidi\u00f3 a la v\u00edctima si pod\u00eda contar el dinero dentro de su auto, ocasi\u00f3n que aprovech\u00f3 para decirle \u201cperdiste guach\u00edn\u201d y amenazarlo y golpearlo con un arma de fuego.<\/p>\n\n\n\n<p>En ese momento, el secuestrador le quit\u00f3 el celular y lo oblig\u00f3 a conducir por distintas zonas de la ciudad mientras lo manten\u00eda cautivo. El veh\u00edculo fue abordado por otro hombre que, desde el tel\u00e9fono del damnificado, llamo a la novia y le exigi\u00f3 un rescate de 5.000 d\u00f3lares a cambio de su libertad.<\/p>\n\n\n\n<p>La v\u00edctima recuper\u00f3 su libertad tras el pago del rescate y las detenciones ocurrieron el 2 de septiembre pasado en una serie de ocho allanamientos -seis en la Ciudad Aut\u00f3noma de Buenos Aires y dos en el conurbano bonaerense.<\/p>\n\n\n\n<p>La jueza orden\u00f3 el alojamiento de los cuatro procesados en dependencias del Servicio Penitenciario Federal. Asimismo, dispuso que la investigaci\u00f3n contin\u00fae a cargo de la Fiscal\u00eda Federal N\u00b03, con el objetivo de intentar identificar a otros posibles part\u00edcipes y para profundizar el an\u00e1lisis patrimonial de los actuales imputados.<\/p>\n","protected":false},"excerpt":{"rendered":"<p>La v\u00edctima de 24 a\u00f1os estuvo dos horas cautiva arriba de su propio auto hasta que su familia pag\u00f3 en Villa Lugano un rescate en d\u00f3lares y pesos. Tres inspectores de la Polic\u00eda de la Ciudad fueron procesados con prisi\u00f3n preventiva acusados de haber participado del secuestro extorsivo de un joven de 24 a\u00f1os ocurrido&hellip;<\/p>\n","protected":false},"author":1,"featured_media":140093,"comment_status":"open","ping_status":"open","sticky":false,"template":"","format":"standard","meta":{"footnotes":""},"categories":[20],"tags":[3452,2450,1115,5136,30117,3058,6363],"class_list":["post-140092","post","type-post","status-publish","format-standard","has-post-thumbnail","hentry","category-judiciales","tag-bajo-flores","tag-diario-el-sindical","tag-dolares","tag-pesos","tag-policias-de-la-ciudad","tag-procesados","tag-secuestro-extorsivo"],"_links":{"self":[{"href":"https:\/\/www.elsindical.com.ar\/notas\/wp-json\/wp\/v2\/posts\/140092","targetHints":{"allow":["GET"]}}],"collection":[{"href":"https:\/\/www.elsindical.com.ar\/notas\/wp-json\/wp\/v2\/posts"}],"about":[{"href":"https:\/\/www.elsindical.com.ar\/notas\/wp-json\/wp\/v2\/types\/post"}],"author":[{"embeddable":true,"href":"https:\/\/www.elsindical.com.ar\/notas\/wp-json\/wp\/v2\/users\/1"}],"replies":[{"embeddable":true,"href":"https:\/\/www.elsindical.com.ar\/notas\/wp-json\/wp\/v2\/comments?post=140092"}],"version-history":[{"count":1,"href":"https:\/\/www.elsindical.com.ar\/notas\/wp-json\/wp\/v2\/posts\/140092\/revisions"}],"predecessor-version":[{"id":140096,"href":"https:\/\/www.elsindical.com.ar\/notas\/wp-json\/wp\/v2\/posts\/140092\/revisions\/140096"}],"wp:featuredmedia":[{"embeddable":true,"href":"https:\/\/www.elsindical.com.ar\/notas\/wp-json\/wp\/v2\/media\/140093"}],"wp:attachment":[{"href":"https:\/\/www.elsindical.com.ar\/notas\/wp-json\/wp\/v2\/media?parent=140092"}],"wp:term":[{"taxonomy":"category","embeddable":true,"href":"https:\/\/www.elsindical.com.ar\/notas\/wp-json\/wp\/v2\/categories?post=140092"},{"taxonomy":"post_tag","embeddable":true,"href":"https:\/\/www.elsindical.com.ar\/notas\/wp-json\/wp\/v2\/tags?post=140092"}],"curies":[{"name":"wp","href":"https:\/\/api.w.org\/{rel}","templated":true}]}}