{"id":140024,"date":"2025-09-12T09:47:00","date_gmt":"2025-09-12T12:47:00","guid":{"rendered":"https:\/\/www.elsindical.com.ar\/notas\/?p=140024"},"modified":"2025-09-12T09:47:05","modified_gmt":"2025-09-12T12:47:05","slug":"la-justicia-bonaerense-cito-al-influencer-santiago-maratea-denunciado-penalmente-por-el-colegio-de-nutricionistas-bonaerense","status":"publish","type":"post","link":"https:\/\/www.elsindical.com.ar\/notas\/la-justicia-bonaerense-cito-al-influencer-santiago-maratea-denunciado-penalmente-por-el-colegio-de-nutricionistas-bonaerense\/","title":{"rendered":"La Justicia bonaerense cit\u00f3 al influencer Santiago Maratea, denunciado penalmente por el Colegio de Nutricionistas bonaerense\u00a0"},"content":{"rendered":"<div class=\"wp-block-image\">\n<figure class=\"aligncenter size-full\"><a href=\"https:\/\/www.elsindical.com.ar\/notas\/var\/www\/html\/notas\/wp-content\/uploads\/2025\/09\/Santiago-Maratea-promocion-te.jpg\"><img loading=\"lazy\" decoding=\"async\" width=\"414\" height=\"520\" src=\"https:\/\/www.elsindical.com.ar\/notas\/var\/www\/html\/notas\/wp-content\/uploads\/2025\/09\/Santiago-Maratea-promocion-te.jpg\" alt=\"\" class=\"wp-image-140025\" srcset=\"https:\/\/www.elsindical.com.ar\/notas\/var\/www\/html\/notas\/wp-content\/uploads\/2025\/09\/Santiago-Maratea-promocion-te.jpg 414w, https:\/\/www.elsindical.com.ar\/notas\/var\/www\/html\/notas\/wp-content\/uploads\/2025\/09\/Santiago-Maratea-promocion-te-239x300.jpg 239w\" sizes=\"auto, (max-width: 414px) 100vw, 414px\" \/><\/a><\/figure>\n<\/div>\n\n\n<p>El Colegio de Nutricionistas de la Provincia de Buenos Aires denunci\u00f3 penalmente por injurias al influencer Santiago Maratea y el Juzgado en lo Correccional N\u00b02 de La Plata, a cargo del juez Diego Tatarsky, cit\u00f3 a una audiencia de conciliaci\u00f3n para el 26 de septiembre.<\/p>\n\n\n\n<p>\u00abReafirmamos nuestro compromiso con la defensa del honor de sus profesionales y de la instituci\u00f3n, frente a declaraciones que consideramos agraviantes, irresponsables e intrusivas\u00bb, asegur\u00f3 Laura Salzman, presidenta de la instituci\u00f3n que nuclea a las y los nutricionistas bonaerenses. Y agreg\u00f3: \u00abLa transparencia y la \u00e9tica profesional son pilares fundamentales de nuestra labor, y actuaremos con la firmeza necesaria para proteger la integridad de quienes representan a la nutrici\u00f3n en la provincia\u00bb.<\/p>\n\n\n\n<p>La audiencia de conciliaci\u00f3n, enmarcada en el art\u00edculo 388 del C\u00f3digo Procesal Penal de la provincia, busca un posible acuerdo entre las partes, que incluye el pedido de disculpas p\u00fablicas de Maratea, quien tambi\u00e9n debe retirar de sus redes sociales los posteos que promocionan la compra de un t\u00e9 con propiedades para bajar de peso.<\/p>\n\n\n\n<p>Cabe recordar que el influencer public\u00f3 un video donde aseguraba que hab\u00eda un t\u00e9 que \u00abayuda a tu cuerpo a que use los carbohidratos mejor como energ\u00eda y que no los acumule como grasa, aparte de que evita esos picos de glucosa que te dan hambre a la media hora\u00bb. Asimismo, en el video conclu\u00eda diciendo: \u00abSi lo quieren probar, h\u00e1ganlo con informaci\u00f3n, y no como ciertos nutricionistas arrogantes que a pesar de tener un t\u00edtulo, no investigan y desinforman\u00bb.<\/p>\n\n\n\n<p>A ra\u00edz de todas estas declaraciones, el Colegio de Nutricionistas de la Provincia de Buenos Aires le envi\u00f3 a Maratea una carta documento para que se retracte y borre esos posteos pero al no obtener respuestas lo denunci\u00f3 penalmente.<\/p>\n\n\n\n<p>\u00abEsta instancia es un paso m\u00e1s en ese camino, buscando que se reconozca el valor y el profesionalismo de quienes trabajan por una alimentaci\u00f3n saludable en nuestra provincia\u00bb, afirm\u00f3 Salzman. \u00abLas y los nutricionistas estudiamos, nos formamos y entendemos los riesgos que implican estas cosas para la salud. A veces parece inocente recomendar un t\u00e9 o una vitamina pero puede resultar realmente peligroso\u00bb, concluy\u00f3.<\/p>\n","protected":false},"excerpt":{"rendered":"<p>El Colegio de Nutricionistas de la Provincia de Buenos Aires denunci\u00f3 penalmente por injurias al influencer Santiago Maratea y el Juzgado en lo Correccional N\u00b02 de La Plata, a cargo del juez Diego Tatarsky, cit\u00f3 a una audiencia de conciliaci\u00f3n para el 26 de septiembre. \u00abReafirmamos nuestro compromiso con la defensa del honor de sus&hellip;<\/p>\n","protected":false},"author":1,"featured_media":140025,"comment_status":"open","ping_status":"open","sticky":false,"template":"","format":"standard","meta":{"footnotes":""},"categories":[20],"tags":[45481,175,2450,45890,40060,3605],"class_list":["post-140024","post","type-post","status-publish","format-standard","has-post-thumbnail","hentry","category-judiciales","tag-colegio-de-nutricionistas-provincia-de-buenos-aires","tag-denuncia","tag-diario-el-sindical","tag-juez-diego-tatarsky","tag-santiago-maratea","tag-videos"],"_links":{"self":[{"href":"https:\/\/www.elsindical.com.ar\/notas\/wp-json\/wp\/v2\/posts\/140024","targetHints":{"allow":["GET"]}}],"collection":[{"href":"https:\/\/www.elsindical.com.ar\/notas\/wp-json\/wp\/v2\/posts"}],"about":[{"href":"https:\/\/www.elsindical.com.ar\/notas\/wp-json\/wp\/v2\/types\/post"}],"author":[{"embeddable":true,"href":"https:\/\/www.elsindical.com.ar\/notas\/wp-json\/wp\/v2\/users\/1"}],"replies":[{"embeddable":true,"href":"https:\/\/www.elsindical.com.ar\/notas\/wp-json\/wp\/v2\/comments?post=140024"}],"version-history":[{"count":1,"href":"https:\/\/www.elsindical.com.ar\/notas\/wp-json\/wp\/v2\/posts\/140024\/revisions"}],"predecessor-version":[{"id":140026,"href":"https:\/\/www.elsindical.com.ar\/notas\/wp-json\/wp\/v2\/posts\/140024\/revisions\/140026"}],"wp:featuredmedia":[{"embeddable":true,"href":"https:\/\/www.elsindical.com.ar\/notas\/wp-json\/wp\/v2\/media\/140025"}],"wp:attachment":[{"href":"https:\/\/www.elsindical.com.ar\/notas\/wp-json\/wp\/v2\/media?parent=140024"}],"wp:term":[{"taxonomy":"category","embeddable":true,"href":"https:\/\/www.elsindical.com.ar\/notas\/wp-json\/wp\/v2\/categories?post=140024"},{"taxonomy":"post_tag","embeddable":true,"href":"https:\/\/www.elsindical.com.ar\/notas\/wp-json\/wp\/v2\/tags?post=140024"}],"curies":[{"name":"wp","href":"https:\/\/api.w.org\/{rel}","templated":true}]}}