{"id":140006,"date":"2025-09-11T15:01:22","date_gmt":"2025-09-11T18:01:22","guid":{"rendered":"https:\/\/www.elsindical.com.ar\/notas\/?p=140006"},"modified":"2025-09-11T15:01:26","modified_gmt":"2025-09-11T18:01:26","slug":"paro-en-el-hospital-garrahan-en-rechazo-al-veto-de-la-ley-de-emergencia-pediatrica","status":"publish","type":"post","link":"https:\/\/www.elsindical.com.ar\/notas\/paro-en-el-hospital-garrahan-en-rechazo-al-veto-de-la-ley-de-emergencia-pediatrica\/","title":{"rendered":"Paro en el Hospital Garrahan en rechazo al veto de la Ley de Emergencia Pedi\u00e1trica"},"content":{"rendered":"<div class=\"wp-block-image\">\n<figure class=\"aligncenter size-large\"><a href=\"https:\/\/www.elsindical.com.ar\/notas\/var\/www\/html\/notas\/wp-content\/uploads\/2025\/09\/salud-en-lucha-Garrahan.jpg\"><img loading=\"lazy\" decoding=\"async\" width=\"1024\" height=\"576\" src=\"https:\/\/www.elsindical.com.ar\/notas\/var\/www\/html\/notas\/wp-content\/uploads\/2025\/09\/salud-en-lucha-Garrahan-1024x576.jpg\" alt=\"\" class=\"wp-image-140007\" srcset=\"https:\/\/www.elsindical.com.ar\/notas\/var\/www\/html\/notas\/wp-content\/uploads\/2025\/09\/salud-en-lucha-Garrahan-1024x576.jpg 1024w, https:\/\/www.elsindical.com.ar\/notas\/var\/www\/html\/notas\/wp-content\/uploads\/2025\/09\/salud-en-lucha-Garrahan-300x169.jpg 300w, https:\/\/www.elsindical.com.ar\/notas\/var\/www\/html\/notas\/wp-content\/uploads\/2025\/09\/salud-en-lucha-Garrahan-768x432.jpg 768w, https:\/\/www.elsindical.com.ar\/notas\/var\/www\/html\/notas\/wp-content\/uploads\/2025\/09\/salud-en-lucha-Garrahan-460x260.jpg 460w, https:\/\/www.elsindical.com.ar\/notas\/var\/www\/html\/notas\/wp-content\/uploads\/2025\/09\/salud-en-lucha-Garrahan.jpg 1280w\" sizes=\"auto, (max-width: 1024px) 100vw, 1024px\" \/><\/a><\/figure>\n<\/div>\n\n\n<p class=\"wp-block-paragraph\">Los trabajadores nucleados en la Asociaci\u00f3n de Profesionales y T\u00e9cnicos (APyT) anunciaron un cese de actividades por 24 horas desde el viernes 12 a las 7.00, en protesta contra la decisi\u00f3n del presidente Javier Milei de vetar la Ley de Emergencia Pedi\u00e1trica.<\/p>\n\n\n\n<p class=\"wp-block-paragraph\"><strong>Los trabajadores del Hospital Garrahan confirmaron que iniciar\u00e1n un paro de 24 horas a partir del viernes 12 de septiembre<\/strong>, en rechazo al veto presidencial de la <strong>Ley de Emergencia Pedi\u00e1trica.<\/strong> La medida, impulsada por la <strong>Asociaci\u00f3n de Profesionales y T\u00e9cnicos (APyT)<\/strong>, afectar\u00e1 la atenci\u00f3n hospitalaria, que quedar\u00e1 reducida a internaciones y guardias m\u00ednimas.<\/p>\n\n\n\n<p class=\"wp-block-paragraph\">La decisi\u00f3n fue anunciada tras un plenario en el que los profesionales se\u00f1alaron que <strong>\u201cal presidente Milei lo van a vetar en las calles\u201d<\/strong>. Adem\u00e1s, convocaron a una asamblea para ma\u00f1ana a las 13.00, en la que definir\u00e1n nuevas acciones y reforzar\u00e1n la convocatoria a una conferencia de prensa el lunes 15 en el mismo hospital.<\/p>\n\n\n\n<p class=\"wp-block-paragraph\"><strong>Desde APyT anticiparon que propondr\u00e1n un Cabildo Abierto junto a m\u00e1s de 30 organizaciones sociales, sindicales y universitarias, con el objetivo de presionar al Congreso para que se traten de forma urgente los vetos.<\/strong> Tambi\u00e9n adelantaron que, cuando la C\u00e1mara de Diputados aborde el tema, movilizar\u00e1n \u201cmasivamente\u201d a la sociedad frente al Congreso y en distintas plazas del pa\u00eds.<\/p>\n\n\n\n<p class=\"wp-block-paragraph\">Por \u00faltimo, los trabajadores subrayaron que el pueblo <strong>\u201cya vot\u00f3 a favor del Garrahan y la Universidad P\u00fablica\u201d<\/strong> y llamaron a la comunidad a participar de las actividades en defensa de la salud y la educaci\u00f3n, en un contexto de creciente tensi\u00f3n con el Gobierno nacional.<\/p>\n","protected":false},"excerpt":{"rendered":"<p>Los trabajadores nucleados en la Asociaci\u00f3n de Profesionales y T\u00e9cnicos (APyT) anunciaron un cese de actividades por 24 horas desde el viernes 12 a las 7.00, en protesta contra la decisi\u00f3n del presidente Javier Milei de vetar la Ley de Emergencia Pedi\u00e1trica. Los trabajadores del Hospital Garrahan confirmaron que iniciar\u00e1n un paro de 24 horas&hellip;<\/p>\n","protected":false},"author":1,"featured_media":140007,"comment_status":"open","ping_status":"open","sticky":false,"template":"","format":"standard","meta":{"footnotes":""},"categories":[16],"tags":[40108,2450,9661,28812,45887,4918],"class_list":["post-140006","post","type-post","status-publish","format-standard","has-post-thumbnail","hentry","category-gremiales","tag-apyt","tag-diario-el-sindical","tag-hospital-garraham","tag-javier-milei","tag-ley-de-emergencia-pediatrica","tag-veto"],"_links":{"self":[{"href":"https:\/\/www.elsindical.com.ar\/notas\/wp-json\/wp\/v2\/posts\/140006","targetHints":{"allow":["GET"]}}],"collection":[{"href":"https:\/\/www.elsindical.com.ar\/notas\/wp-json\/wp\/v2\/posts"}],"about":[{"href":"https:\/\/www.elsindical.com.ar\/notas\/wp-json\/wp\/v2\/types\/post"}],"author":[{"embeddable":true,"href":"https:\/\/www.elsindical.com.ar\/notas\/wp-json\/wp\/v2\/users\/1"}],"replies":[{"embeddable":true,"href":"https:\/\/www.elsindical.com.ar\/notas\/wp-json\/wp\/v2\/comments?post=140006"}],"version-history":[{"count":1,"href":"https:\/\/www.elsindical.com.ar\/notas\/wp-json\/wp\/v2\/posts\/140006\/revisions"}],"predecessor-version":[{"id":140008,"href":"https:\/\/www.elsindical.com.ar\/notas\/wp-json\/wp\/v2\/posts\/140006\/revisions\/140008"}],"wp:featuredmedia":[{"embeddable":true,"href":"https:\/\/www.elsindical.com.ar\/notas\/wp-json\/wp\/v2\/media\/140007"}],"wp:attachment":[{"href":"https:\/\/www.elsindical.com.ar\/notas\/wp-json\/wp\/v2\/media?parent=140006"}],"wp:term":[{"taxonomy":"category","embeddable":true,"href":"https:\/\/www.elsindical.com.ar\/notas\/wp-json\/wp\/v2\/categories?post=140006"},{"taxonomy":"post_tag","embeddable":true,"href":"https:\/\/www.elsindical.com.ar\/notas\/wp-json\/wp\/v2\/tags?post=140006"}],"curies":[{"name":"wp","href":"https:\/\/api.w.org\/{rel}","templated":true}]}}