{"id":139978,"date":"2025-09-09T17:00:55","date_gmt":"2025-09-09T20:00:55","guid":{"rendered":"https:\/\/www.elsindical.com.ar\/notas\/?p=139978"},"modified":"2025-09-09T17:01:00","modified_gmt":"2025-09-09T20:01:00","slug":"rusia-endurece-su-posicion-con-argentina-por-las-acusaciones-de-patricia-bullrich-de-espionaje","status":"publish","type":"post","link":"https:\/\/www.elsindical.com.ar\/notas\/rusia-endurece-su-posicion-con-argentina-por-las-acusaciones-de-patricia-bullrich-de-espionaje\/","title":{"rendered":"Rusia endurece su posici\u00f3n con Argentina por las acusaciones de Patricia Bullrich de espionaje"},"content":{"rendered":"<div class=\"wp-block-image\">\n<figure class=\"aligncenter size-full\"><a href=\"https:\/\/www.elsindical.com.ar\/notas\/var\/www\/html\/notas\/wp-content\/uploads\/2025\/09\/Bullrich-y-Putin.jpg\"><img loading=\"lazy\" decoding=\"async\" width=\"700\" height=\"404\" src=\"https:\/\/www.elsindical.com.ar\/notas\/var\/www\/html\/notas\/wp-content\/uploads\/2025\/09\/Bullrich-y-Putin.jpg\" alt=\"\" class=\"wp-image-139979\" srcset=\"https:\/\/www.elsindical.com.ar\/notas\/var\/www\/html\/notas\/wp-content\/uploads\/2025\/09\/Bullrich-y-Putin.jpg 700w, https:\/\/www.elsindical.com.ar\/notas\/var\/www\/html\/notas\/wp-content\/uploads\/2025\/09\/Bullrich-y-Putin-300x173.jpg 300w, https:\/\/www.elsindical.com.ar\/notas\/var\/www\/html\/notas\/wp-content\/uploads\/2025\/09\/Bullrich-y-Putin-220x126.jpg 220w\" sizes=\"auto, (max-width: 700px) 100vw, 700px\" \/><\/a><\/figure>\n<\/div>\n\n\n<p class=\"wp-block-paragraph\">\u00ab(El gobierno de Rusia) lamenta que Buenos Aires no est\u00e9 dispuesto a avanzar en el camino de su desarrollo progresivo\u00bb, se\u00f1alaron.<\/p>\n\n\n\n<p class=\"wp-block-paragraph\">La <strong>Canciller\u00eda de&nbsp;Rusia<\/strong>&nbsp;convoc\u00f3 al&nbsp;embajador&nbsp;argentino en Mosc\u00fa, Enrique Ignacio Ferrer Vieyra, tras los se\u00f1alamientos de ministra de seguridad, <strong>Patricia Bullrich<\/strong>, quien acus\u00f3 a la inteligencia rusa de haber participado en una grabaci\u00f3n ilegal en la Casa Rosada<\/p>\n\n\n\n<p class=\"wp-block-paragraph\">\u201cSe le inform\u00f3 al embajador de la Argentina que la parte rusa rechaza firmemente las acusaciones\u201d&nbsp;de la ministra, que considera&nbsp;\u201cinfundadas\u201d, reza un comunicado del Ministerio de Exteriores.<\/p>\n\n\n\n<p class=\"wp-block-paragraph\">En este sentido,&nbsp;<strong>Mosc\u00fa \u201clamenta que Buenos Aires no est\u00e9 dispuesto a avanzar en el camino de su desarrollo progresivo\u201d<\/strong>, se\u00f1ala el Ministerio en su comentario.<\/p>\n\n\n\n<p class=\"wp-block-paragraph\">Finalmente, la Canciller\u00eda rusa conf\u00eda en que recibir\u00e1 de la parte&nbsp; argentina \u201cuna explicaci\u00f3n detallada\u201d de las \u201cinaceptables declaraciones\u201d de la ministra \u201clo antes posible\u201d.<\/p>\n\n\n\n<p class=\"wp-block-paragraph\"><strong>Bullrich <a href=\"https:\/\/www.inforegion.com.ar\/2025\/09\/01\/bullrich-sobre-los-audios-de-karina-milei-denunciamos-a-personas-ligadas-a-servicios-de-inteligencia-rusos\/\">denunci\u00f3 <\/a>a personas ligadas a exservicios de inteligencia rusos por la filtraci\u00f3n de audios de Karina Mieli<\/strong>, en el marco del esc\u00e1ndalo por las coimas en la ANDIS (Agencia Nacional de Discapacidad).<\/p>\n","protected":false},"excerpt":{"rendered":"<p>\u00ab(El gobierno de Rusia) lamenta que Buenos Aires no est\u00e9 dispuesto a avanzar en el camino de su desarrollo progresivo\u00bb, se\u00f1alaron. La Canciller\u00eda de&nbsp;Rusia&nbsp;convoc\u00f3 al&nbsp;embajador&nbsp;argentino en Mosc\u00fa, Enrique Ignacio Ferrer Vieyra, tras los se\u00f1alamientos de ministra de seguridad, Patricia Bullrich, quien acus\u00f3 a la inteligencia rusa de haber participado en una grabaci\u00f3n ilegal en la&hellip;<\/p>\n","protected":false},"author":1,"featured_media":139979,"comment_status":"open","ping_status":"open","sticky":false,"template":"","format":"standard","meta":{"footnotes":""},"categories":[13],"tags":[127,2450,5012,45878,470,2649,1241,2650],"class_list":["post-139978","post","type-post","status-publish","format-standard","has-post-thumbnail","hentry","category-politica","tag-argentina","tag-diario-el-sindical","tag-embajador","tag-enrique-ignacio-ferrer-vieyra","tag-espionaje","tag-moscu","tag-patricia-bullrich","tag-rusia"],"_links":{"self":[{"href":"https:\/\/www.elsindical.com.ar\/notas\/wp-json\/wp\/v2\/posts\/139978","targetHints":{"allow":["GET"]}}],"collection":[{"href":"https:\/\/www.elsindical.com.ar\/notas\/wp-json\/wp\/v2\/posts"}],"about":[{"href":"https:\/\/www.elsindical.com.ar\/notas\/wp-json\/wp\/v2\/types\/post"}],"author":[{"embeddable":true,"href":"https:\/\/www.elsindical.com.ar\/notas\/wp-json\/wp\/v2\/users\/1"}],"replies":[{"embeddable":true,"href":"https:\/\/www.elsindical.com.ar\/notas\/wp-json\/wp\/v2\/comments?post=139978"}],"version-history":[{"count":1,"href":"https:\/\/www.elsindical.com.ar\/notas\/wp-json\/wp\/v2\/posts\/139978\/revisions"}],"predecessor-version":[{"id":139980,"href":"https:\/\/www.elsindical.com.ar\/notas\/wp-json\/wp\/v2\/posts\/139978\/revisions\/139980"}],"wp:featuredmedia":[{"embeddable":true,"href":"https:\/\/www.elsindical.com.ar\/notas\/wp-json\/wp\/v2\/media\/139979"}],"wp:attachment":[{"href":"https:\/\/www.elsindical.com.ar\/notas\/wp-json\/wp\/v2\/media?parent=139978"}],"wp:term":[{"taxonomy":"category","embeddable":true,"href":"https:\/\/www.elsindical.com.ar\/notas\/wp-json\/wp\/v2\/categories?post=139978"},{"taxonomy":"post_tag","embeddable":true,"href":"https:\/\/www.elsindical.com.ar\/notas\/wp-json\/wp\/v2\/tags?post=139978"}],"curies":[{"name":"wp","href":"https:\/\/api.w.org\/{rel}","templated":true}]}}