{"id":139929,"date":"2025-09-06T19:57:25","date_gmt":"2025-09-06T22:57:25","guid":{"rendered":"https:\/\/www.elsindical.com.ar\/notas\/?p=139929"},"modified":"2025-09-06T19:57:31","modified_gmt":"2025-09-06T22:57:31","slug":"curso-internacional-de-negociacion-en-crisis-dictado-por-la-superintendencia-de-fuerzas-de-operaciones-especiales","status":"publish","type":"post","link":"https:\/\/www.elsindical.com.ar\/notas\/curso-internacional-de-negociacion-en-crisis-dictado-por-la-superintendencia-de-fuerzas-de-operaciones-especiales\/","title":{"rendered":"Curso Internacional de Negociaci\u00f3n en Crisis dictado por la Superintendencia de Fuerzas de Operaciones Especiales"},"content":{"rendered":"\n<figure class=\"wp-block-image size-large\"><a href=\"https:\/\/www.elsindical.com.ar\/notas\/var\/www\/html\/notas\/wp-content\/uploads\/2025\/09\/Curso-Internacional-negociacion-en-crisis-1-scaled.jpg\"><img loading=\"lazy\" decoding=\"async\" width=\"1024\" height=\"768\" src=\"https:\/\/www.elsindical.com.ar\/notas\/var\/www\/html\/notas\/wp-content\/uploads\/2025\/09\/Curso-Internacional-negociacion-en-crisis-1-1024x768.jpg\" alt=\"\" class=\"wp-image-139930\" srcset=\"https:\/\/www.elsindical.com.ar\/notas\/var\/www\/html\/notas\/wp-content\/uploads\/2025\/09\/Curso-Internacional-negociacion-en-crisis-1-1024x768.jpg 1024w, https:\/\/www.elsindical.com.ar\/notas\/var\/www\/html\/notas\/wp-content\/uploads\/2025\/09\/Curso-Internacional-negociacion-en-crisis-1-300x225.jpg 300w, https:\/\/www.elsindical.com.ar\/notas\/var\/www\/html\/notas\/wp-content\/uploads\/2025\/09\/Curso-Internacional-negociacion-en-crisis-1-768x576.jpg 768w, https:\/\/www.elsindical.com.ar\/notas\/var\/www\/html\/notas\/wp-content\/uploads\/2025\/09\/Curso-Internacional-negociacion-en-crisis-1-1536x1152.jpg 1536w, https:\/\/www.elsindical.com.ar\/notas\/var\/www\/html\/notas\/wp-content\/uploads\/2025\/09\/Curso-Internacional-negociacion-en-crisis-1-2048x1536.jpg 2048w\" sizes=\"auto, (max-width: 1024px) 100vw, 1024px\" \/><\/a><\/figure>\n\n\n\n<p>Formaci\u00f3n internacional en nuestra Provincia<\/p>\n\n\n\n<p>Polic\u00edas de seis pa\u00edses latinoamericanos participaron del Curso Internacional de Negociaci\u00f3n en Crisis dictado por la Superintendencia de Fuerzas de Operaciones Especiales. Una capacitaci\u00f3n que nos consolida como espacio de encuentro y cooperaci\u00f3n al servicio de la seguridad.<\/p>\n\n\n\n<p>Estuvieron presentes la embajadora de Ecuador en Argentina, Diana Salazar M\u00e9ndez; el Coronel Fausto Paul Medina Ru\u00edz, agregado de Polic\u00eda del Ecuador en Argentina; el embajador de Colombia en Argentina, Jos\u00e9 Roberto Acosta; el Coronel N\u00e9stor Pineda, agregado policial de Colombia; la consejera de la Embajada de Uruguay en Argentina, Julieta Falero Gonz\u00e1lez; el embajador de Bolivia en Argentina, Jorge Ramiro Tapia Sainz; y el subsecretario de Relaciones Internacionales e Interjurisdiccionales de nuestra provincia, Juan Manuel Padin.<\/p>\n\n\n\n<p>Con la entrega de diplomas celebramos el esfuerzo de cada cursante y el orgullo de construir juntos conocimiento para salvar vidas.<\/p>\n\n\n\n<figure class=\"wp-block-embed is-type-video is-provider-youtube wp-block-embed-youtube wp-embed-aspect-16-9 wp-has-aspect-ratio\"><div class=\"wp-block-embed__wrapper\">\n<iframe loading=\"lazy\" title=\"Curso Internacional de Negociaci\u00f3n en Crisis\" width=\"700\" height=\"394\" src=\"https:\/\/www.youtube.com\/embed\/_wtfrVi0epg?feature=oembed\" frameborder=\"0\" allow=\"accelerometer; autoplay; clipboard-write; encrypted-media; gyroscope; picture-in-picture; web-share\" referrerpolicy=\"strict-origin-when-cross-origin\" allowfullscreen><\/iframe>\n<\/div><\/figure>\n\n\n\n<figure class=\"wp-block-embed is-type-video is-provider-youtube wp-block-embed-youtube wp-embed-aspect-9-16 wp-has-aspect-ratio\"><div class=\"wp-block-embed__wrapper\">\n<iframe loading=\"lazy\" title=\"Formaci\u00f3n internacional en nuestra Provincia Polic\u00edas de seis pa\u00edses latinoamericanos\" width=\"563\" height=\"1000\" src=\"https:\/\/www.youtube.com\/embed\/M4kuesZVBpQ?feature=oembed\" frameborder=\"0\" allow=\"accelerometer; autoplay; clipboard-write; encrypted-media; gyroscope; picture-in-picture; web-share\" referrerpolicy=\"strict-origin-when-cross-origin\" allowfullscreen><\/iframe>\n<\/div><\/figure>\n\n\n\n<p><strong>Fuente: <a href=\"https:\/\/losbonaerenses.com.ar\/\">Los Bonaerenses<\/a><\/strong><\/p>\n","protected":false},"excerpt":{"rendered":"<p>Formaci\u00f3n internacional en nuestra Provincia Polic\u00edas de seis pa\u00edses latinoamericanos participaron del Curso Internacional de Negociaci\u00f3n en Crisis dictado por la Superintendencia de Fuerzas de Operaciones Especiales. Una capacitaci\u00f3n que nos consolida como espacio de encuentro y cooperaci\u00f3n al servicio de la seguridad. Estuvieron presentes la embajadora de Ecuador en Argentina, Diana Salazar M\u00e9ndez; el&hellip;<\/p>\n","protected":false},"author":1,"featured_media":139930,"comment_status":"open","ping_status":"open","sticky":false,"template":"","format":"standard","meta":{"footnotes":""},"categories":[22],"tags":[45861,2450,33318,42799,42198,11623,118],"class_list":["post-139929","post","type-post","status-publish","format-standard","has-post-thumbnail","hentry","category-policiales","tag-curso-internacional-de-negociacion-en-crisis-dictado-por-la-superintendencia-de-fuerzas-de-operaciones-especiales","tag-diario-el-sindical","tag-javier-alonso","tag-jefe-de-policia-comisario-general-javier-carlos-villar","tag-los-bonaerenses","tag-ministerio-de-seguridad-bonaerense","tag-policias"],"_links":{"self":[{"href":"https:\/\/www.elsindical.com.ar\/notas\/wp-json\/wp\/v2\/posts\/139929","targetHints":{"allow":["GET"]}}],"collection":[{"href":"https:\/\/www.elsindical.com.ar\/notas\/wp-json\/wp\/v2\/posts"}],"about":[{"href":"https:\/\/www.elsindical.com.ar\/notas\/wp-json\/wp\/v2\/types\/post"}],"author":[{"embeddable":true,"href":"https:\/\/www.elsindical.com.ar\/notas\/wp-json\/wp\/v2\/users\/1"}],"replies":[{"embeddable":true,"href":"https:\/\/www.elsindical.com.ar\/notas\/wp-json\/wp\/v2\/comments?post=139929"}],"version-history":[{"count":1,"href":"https:\/\/www.elsindical.com.ar\/notas\/wp-json\/wp\/v2\/posts\/139929\/revisions"}],"predecessor-version":[{"id":139931,"href":"https:\/\/www.elsindical.com.ar\/notas\/wp-json\/wp\/v2\/posts\/139929\/revisions\/139931"}],"wp:featuredmedia":[{"embeddable":true,"href":"https:\/\/www.elsindical.com.ar\/notas\/wp-json\/wp\/v2\/media\/139930"}],"wp:attachment":[{"href":"https:\/\/www.elsindical.com.ar\/notas\/wp-json\/wp\/v2\/media?parent=139929"}],"wp:term":[{"taxonomy":"category","embeddable":true,"href":"https:\/\/www.elsindical.com.ar\/notas\/wp-json\/wp\/v2\/categories?post=139929"},{"taxonomy":"post_tag","embeddable":true,"href":"https:\/\/www.elsindical.com.ar\/notas\/wp-json\/wp\/v2\/tags?post=139929"}],"curies":[{"name":"wp","href":"https:\/\/api.w.org\/{rel}","templated":true}]}}