{"id":139925,"date":"2025-09-06T19:34:30","date_gmt":"2025-09-06T22:34:30","guid":{"rendered":"https:\/\/www.elsindical.com.ar\/notas\/?p=139925"},"modified":"2025-09-06T19:51:29","modified_gmt":"2025-09-06T22:51:29","slug":"avellaneda-interpol-detuvo-a-peligroso-delincuente-colombiano","status":"publish","type":"post","link":"https:\/\/www.elsindical.com.ar\/notas\/avellaneda-interpol-detuvo-a-peligroso-delincuente-colombiano\/","title":{"rendered":"Avellaneda: Interpol detuvo a peligroso delincuente colombiano"},"content":{"rendered":"<div class=\"wp-block-image\">\n<figure class=\"aligncenter size-full is-resized\"><a href=\"https:\/\/www.elsindical.com.ar\/notas\/var\/www\/html\/notas\/wp-content\/uploads\/2025\/09\/Avellaneda-colombiano-detenido-por-Interpol-1.jpeg\"><img loading=\"lazy\" decoding=\"async\" width=\"705\" height=\"379\" src=\"https:\/\/www.elsindical.com.ar\/notas\/var\/www\/html\/notas\/wp-content\/uploads\/2025\/09\/Avellaneda-colombiano-detenido-por-Interpol-1.jpeg\" alt=\"\" class=\"wp-image-139926\" style=\"width:779px;height:auto\" srcset=\"https:\/\/www.elsindical.com.ar\/notas\/var\/www\/html\/notas\/wp-content\/uploads\/2025\/09\/Avellaneda-colombiano-detenido-por-Interpol-1.jpeg 705w, https:\/\/www.elsindical.com.ar\/notas\/var\/www\/html\/notas\/wp-content\/uploads\/2025\/09\/Avellaneda-colombiano-detenido-por-Interpol-1-300x161.jpeg 300w\" sizes=\"auto, (max-width: 705px) 100vw, 705px\" \/><\/a><\/figure>\n<\/div>\n\n\n<p>A trav\u00e9s de un procedimiento supervisado por el Ministerio de Seguridad Nacional, efectivos de la Direcci\u00f3n General de Cooperaci\u00f3n Policial Internacional de la Polic\u00eda Federal Argentina (PFA), arrestaron en la provincia de Buenos Aires a un sujeto de nacionalidad colombiana, sobre quien pesaba un pedido de extradici\u00f3n a solicitud del Juzgado N\u00b018 de Ejecuci\u00f3n de Penas y Medidas de Seguridad de Bogot\u00e1, Colombia.<\/p>\n\n\n\n<p>El individuo en cuesti\u00f3n posee un frondoso prontuario de antecedentes penales en su pa\u00eds de origen, donde se destacan causas pendientes por \u201cHomicidio\u201d, \u201cHurto agravado\u201d, \u201cHurto calificado\u201d, \u201cDistribuci\u00f3n y portaci\u00f3n ilegal de armas de fuego\u201d, \u201cRobo\u201d y \u201cHurto\u201d, entre otras.<\/p>\n\n\n\n<p>En ese contexto y puesto que sobre el mismo reca\u00eda un pedido de captura a nivel internacional a solicitud de Interpol, personal de la Divisi\u00f3n Investigaci\u00f3n Federal de Fugitivos y Extradiciones de la PFA desarrollaron arduas tareas de inteligencia, estableciendo que el forajido se hallar\u00eda oculto en nuestro pa\u00eds.<\/p>\n\n\n\n<p>Con el devenir de los trabajos investigativos, los uniformados identificaron un domicilio ubicado en la localidad bonaerense de Avellaneda, el cual ser\u00eda utilizado por el buscado para mantenerse all\u00ed al margen de la justicia, en compa\u00f1\u00eda de una mujer y otro hombre de su misma nacionalidad.<\/p>\n\n\n\n<p>Con el total de las pruebas reunidas por las autoridades policiales, el Juzgado Federal de Primera Instancia de Quilmes, a cargo del Dr. Luis Antonio Armella, Secretar\u00eda 3 del Dr. Maximiliano Iturburu, ordenaron su inmediata detenci\u00f3n.<\/p>\n\n\n\n<p>Cabe destacar que el encartado ya hab\u00eda sido detenido en otras ocasiones por agentes de la Polic\u00eda de la Ciudad de Buenos Aires, sin embargo, el mismo logr\u00f3 despistar a los polic\u00edas porte\u00f1os utilizando identidades ap\u00f3crifas.<\/p>\n\n\n\n<p>Por ese motivo, se solicit\u00f3 apoyo de la Oficina Central Nacional (OCN) Bogot\u00e1 con la finalidad de practicar pericias sobre sus huellas dactilares, certificando de ese modo que se trataba del evadido en cuesti\u00f3n.<\/p>\n\n\n\n<p>En consecuencia, se mont\u00f3 un discreto operativo de vigilancia en la zona, logrando la captura del sujeto al ser advertido en la v\u00eda p\u00fablica, cuando circulaba a bordo de un veh\u00edculo particular, sobre la calle Pit\u00e1goras al 2000.<\/p>\n\n\n\n<p>El detenido, de nacionalidad colombiana y 37 a\u00f1os de edad, qued\u00f3 a disposici\u00f3n del magistrado interventor a la espera de las actuaciones procesales de rigor vinculadas a su proceso de extradici\u00f3n.<\/p>\n\n\n\n<figure class=\"wp-block-embed is-type-video is-provider-youtube wp-block-embed-youtube wp-embed-aspect-16-9 wp-has-aspect-ratio\"><div class=\"wp-block-embed__wrapper\">\n<iframe loading=\"lazy\" title=\"Avellaneda Interpol detuvo a peligroso delincuente colombiano\" width=\"700\" height=\"394\" src=\"https:\/\/www.youtube.com\/embed\/u41Zna8R4VM?feature=oembed\" frameborder=\"0\" allow=\"accelerometer; autoplay; clipboard-write; encrypted-media; gyroscope; picture-in-picture; web-share\" referrerpolicy=\"strict-origin-when-cross-origin\" allowfullscreen><\/iframe>\n<\/div><\/figure>\n","protected":false},"excerpt":{"rendered":"<p>A trav\u00e9s de un procedimiento supervisado por el Ministerio de Seguridad Nacional, efectivos de la Direcci\u00f3n General de Cooperaci\u00f3n Policial Internacional de la Polic\u00eda Federal Argentina (PFA), arrestaron en la provincia de Buenos Aires a un sujeto de nacionalidad colombiana, sobre quien pesaba un pedido de extradici\u00f3n a solicitud del Juzgado N\u00b018 de Ejecuci\u00f3n de&hellip;<\/p>\n","protected":false},"author":1,"featured_media":139926,"comment_status":"open","ping_status":"open","sticky":false,"template":"","format":"standard","meta":{"footnotes":""},"categories":[22],"tags":[45860,461,6809,890,2450,5032,45859,698],"class_list":["post-139925","post","type-post","status-publish","format-standard","has-post-thumbnail","hentry","category-policiales","tag-antecdentes","tag-avellaneda","tag-colombiano","tag-detencion","tag-diario-el-sindical","tag-interpol","tag-ocn","tag-pfa"],"_links":{"self":[{"href":"https:\/\/www.elsindical.com.ar\/notas\/wp-json\/wp\/v2\/posts\/139925","targetHints":{"allow":["GET"]}}],"collection":[{"href":"https:\/\/www.elsindical.com.ar\/notas\/wp-json\/wp\/v2\/posts"}],"about":[{"href":"https:\/\/www.elsindical.com.ar\/notas\/wp-json\/wp\/v2\/types\/post"}],"author":[{"embeddable":true,"href":"https:\/\/www.elsindical.com.ar\/notas\/wp-json\/wp\/v2\/users\/1"}],"replies":[{"embeddable":true,"href":"https:\/\/www.elsindical.com.ar\/notas\/wp-json\/wp\/v2\/comments?post=139925"}],"version-history":[{"count":2,"href":"https:\/\/www.elsindical.com.ar\/notas\/wp-json\/wp\/v2\/posts\/139925\/revisions"}],"predecessor-version":[{"id":139928,"href":"https:\/\/www.elsindical.com.ar\/notas\/wp-json\/wp\/v2\/posts\/139925\/revisions\/139928"}],"wp:featuredmedia":[{"embeddable":true,"href":"https:\/\/www.elsindical.com.ar\/notas\/wp-json\/wp\/v2\/media\/139926"}],"wp:attachment":[{"href":"https:\/\/www.elsindical.com.ar\/notas\/wp-json\/wp\/v2\/media?parent=139925"}],"wp:term":[{"taxonomy":"category","embeddable":true,"href":"https:\/\/www.elsindical.com.ar\/notas\/wp-json\/wp\/v2\/categories?post=139925"},{"taxonomy":"post_tag","embeddable":true,"href":"https:\/\/www.elsindical.com.ar\/notas\/wp-json\/wp\/v2\/tags?post=139925"}],"curies":[{"name":"wp","href":"https:\/\/api.w.org\/{rel}","templated":true}]}}