{"id":139914,"date":"2025-09-05T12:30:44","date_gmt":"2025-09-05T15:30:44","guid":{"rendered":"https:\/\/www.elsindical.com.ar\/notas\/?p=139914"},"modified":"2025-09-05T12:55:46","modified_gmt":"2025-09-05T15:55:46","slug":"avellaneda-bajaron-del-taxi-con-dos-ladrillos-de-cocaina","status":"publish","type":"post","link":"https:\/\/www.elsindical.com.ar\/notas\/avellaneda-bajaron-del-taxi-con-dos-ladrillos-de-cocaina\/","title":{"rendered":"Avellaneda: bajaron del taxi con dos ladrillos de coca\u00edna"},"content":{"rendered":"<div class=\"wp-block-image\">\n<figure class=\"aligncenter size-full\"><a href=\"https:\/\/www.elsindical.com.ar\/notas\/var\/www\/html\/notas\/wp-content\/uploads\/2025\/09\/cocaina-peruanos-Avellaneda-1.jpg\"><img loading=\"lazy\" decoding=\"async\" width=\"700\" height=\"394\" src=\"https:\/\/www.elsindical.com.ar\/notas\/var\/www\/html\/notas\/wp-content\/uploads\/2025\/09\/cocaina-peruanos-Avellaneda-1.jpg\" alt=\"\" class=\"wp-image-139915\" srcset=\"https:\/\/www.elsindical.com.ar\/notas\/var\/www\/html\/notas\/wp-content\/uploads\/2025\/09\/cocaina-peruanos-Avellaneda-1.jpg 700w, https:\/\/www.elsindical.com.ar\/notas\/var\/www\/html\/notas\/wp-content\/uploads\/2025\/09\/cocaina-peruanos-Avellaneda-1-300x169.jpg 300w, https:\/\/www.elsindical.com.ar\/notas\/var\/www\/html\/notas\/wp-content\/uploads\/2025\/09\/cocaina-peruanos-Avellaneda-1-460x260.jpg 460w\" sizes=\"auto, (max-width: 700px) 100vw, 700px\" \/><\/a><\/figure>\n<\/div>\n\n\n<p>Dos hombres fueron detenidos con dos ladrillos de coca\u00edna de m\u00e1xima pureza en Avellaneda.<\/p>\n\n\n\n<p><strong>Dos hombres fueron detenidos en Avellaneda<\/strong>, acusados de tenencia de estupefacientes con fines de comercializaci\u00f3n. Bajaron de un taxi con dos ladrillos de coca\u00edna y al ver a la Polic\u00eda, se dieron a la fuga pero finalmente fueron detenidos.<\/p>\n\n\n\n<p>Todo comenz\u00f3 cuando la Divisi\u00f3n Unidad Operativa Federal (DUOF) Avellaneda realiz\u00f3 un operativo en las inmediaciones del Puente Pueyrred\u00f3n.<\/p>\n\n\n\n<p>Fue as\u00ed que en la intersecci\u00f3n de las calles Mariano Acosta y Col\u00f3n de la localidad de Avellaneda, los efectivos divisaron a dos hombres en \u201csituaci\u00f3n altamente sospechosa\u201d. Es que <strong>bajaron de un taxi y al notar la presencia policial, \u201cevidenciaron un claro grado de nerviosismo y eligieron desviar su camino\u201d<\/strong>.<\/p>\n\n\n\n<p>Cuando los efectivos abordaron a los individuos, intentaron darse a la fuga. Finalmente, fueron detenidos y <strong>encontraron dos ladrillos de coca\u00edna compactada de m\u00e1xima pureza<\/strong>, cuyo peso superaba los dos kilos, entre sus pertenencias.<\/p>\n\n\n\n<p>Ante la consulta con el Juzgado Federal de Quilmes, a cargo de Luis Antonio Armella, Secretar\u00eda Penal N\u00b04 de Nahuel Rennes, se encomend\u00f3 que se allanen sus respectivos domicilios, donde decomisaron 390 dosis de coca\u00edna, tres dispositivos tel\u00e9fonos, una balanza de precisi\u00f3n y una r\u00e9plica de pistola.<\/p>\n\n\n<div class=\"wp-block-image\">\n<figure class=\"aligncenter size-full\"><a href=\"https:\/\/www.elsindical.com.ar\/notas\/var\/www\/html\/notas\/wp-content\/uploads\/2025\/09\/cocaina-peruanos-Avellaneda-2.jpg\"><img loading=\"lazy\" decoding=\"async\" width=\"700\" height=\"394\" src=\"https:\/\/www.elsindical.com.ar\/notas\/var\/www\/html\/notas\/wp-content\/uploads\/2025\/09\/cocaina-peruanos-Avellaneda-2.jpg\" alt=\"\" class=\"wp-image-139916\" srcset=\"https:\/\/www.elsindical.com.ar\/notas\/var\/www\/html\/notas\/wp-content\/uploads\/2025\/09\/cocaina-peruanos-Avellaneda-2.jpg 700w, https:\/\/www.elsindical.com.ar\/notas\/var\/www\/html\/notas\/wp-content\/uploads\/2025\/09\/cocaina-peruanos-Avellaneda-2-300x169.jpg 300w, https:\/\/www.elsindical.com.ar\/notas\/var\/www\/html\/notas\/wp-content\/uploads\/2025\/09\/cocaina-peruanos-Avellaneda-2-460x260.jpg 460w\" sizes=\"auto, (max-width: 700px) 100vw, 700px\" \/><\/a><\/figure>\n<\/div>\n\n\n<p>Los detenidos, de nacionalidad peruana y mayores de edad, quedaron junto a los materiales confiscados a disposici\u00f3n del magistrado interventor por infracci\u00f3n a la Ley Nacional de Drogas.<\/p>\n\n\n\n<figure class=\"wp-block-embed is-type-video is-provider-youtube wp-block-embed-youtube wp-embed-aspect-16-9 wp-has-aspect-ratio\"><div class=\"wp-block-embed__wrapper\">\n<iframe loading=\"lazy\" title=\"Avellaneda la PFA detuvo a 2 peruanos con 2 kilos de coca\u00edna\" width=\"700\" height=\"394\" src=\"https:\/\/www.youtube.com\/embed\/vQqEMzUHBVw?feature=oembed\" frameborder=\"0\" allow=\"accelerometer; autoplay; clipboard-write; encrypted-media; gyroscope; picture-in-picture; web-share\" referrerpolicy=\"strict-origin-when-cross-origin\" allowfullscreen><\/iframe>\n<\/div><\/figure>\n","protected":false},"excerpt":{"rendered":"<p>Dos hombres fueron detenidos con dos ladrillos de coca\u00edna de m\u00e1xima pureza en Avellaneda. Dos hombres fueron detenidos en Avellaneda, acusados de tenencia de estupefacientes con fines de comercializaci\u00f3n. Bajaron de un taxi con dos ladrillos de coca\u00edna y al ver a la Polic\u00eda, se dieron a la fuga pero finalmente fueron detenidos. Todo comenz\u00f3&hellip;<\/p>\n","protected":false},"author":1,"featured_media":139915,"comment_status":"open","ping_status":"open","sticky":false,"template":"","format":"standard","meta":{"footnotes":""},"categories":[22],"tags":[493,461,43,2450,13944,2616,698],"class_list":["post-139914","post","type-post","status-publish","format-standard","has-post-thumbnail","hentry","category-policiales","tag-allanamientos","tag-avellaneda","tag-cocaina","tag-diario-el-sindical","tag-juzgado-federal-de-quilmes","tag-peruanos","tag-pfa"],"_links":{"self":[{"href":"https:\/\/www.elsindical.com.ar\/notas\/wp-json\/wp\/v2\/posts\/139914","targetHints":{"allow":["GET"]}}],"collection":[{"href":"https:\/\/www.elsindical.com.ar\/notas\/wp-json\/wp\/v2\/posts"}],"about":[{"href":"https:\/\/www.elsindical.com.ar\/notas\/wp-json\/wp\/v2\/types\/post"}],"author":[{"embeddable":true,"href":"https:\/\/www.elsindical.com.ar\/notas\/wp-json\/wp\/v2\/users\/1"}],"replies":[{"embeddable":true,"href":"https:\/\/www.elsindical.com.ar\/notas\/wp-json\/wp\/v2\/comments?post=139914"}],"version-history":[{"count":2,"href":"https:\/\/www.elsindical.com.ar\/notas\/wp-json\/wp\/v2\/posts\/139914\/revisions"}],"predecessor-version":[{"id":139918,"href":"https:\/\/www.elsindical.com.ar\/notas\/wp-json\/wp\/v2\/posts\/139914\/revisions\/139918"}],"wp:featuredmedia":[{"embeddable":true,"href":"https:\/\/www.elsindical.com.ar\/notas\/wp-json\/wp\/v2\/media\/139915"}],"wp:attachment":[{"href":"https:\/\/www.elsindical.com.ar\/notas\/wp-json\/wp\/v2\/media?parent=139914"}],"wp:term":[{"taxonomy":"category","embeddable":true,"href":"https:\/\/www.elsindical.com.ar\/notas\/wp-json\/wp\/v2\/categories?post=139914"},{"taxonomy":"post_tag","embeddable":true,"href":"https:\/\/www.elsindical.com.ar\/notas\/wp-json\/wp\/v2\/tags?post=139914"}],"curies":[{"name":"wp","href":"https:\/\/api.w.org\/{rel}","templated":true}]}}