{"id":139901,"date":"2025-09-04T23:40:41","date_gmt":"2025-09-05T02:40:41","guid":{"rendered":"https:\/\/www.elsindical.com.ar\/notas\/?p=139901"},"modified":"2025-09-04T23:40:53","modified_gmt":"2025-09-05T02:40:53","slug":"ezeiza-un-detenido-por-el-femicidio-de-la-mujer-enterrada-en-su-casa","status":"publish","type":"post","link":"https:\/\/www.elsindical.com.ar\/notas\/ezeiza-un-detenido-por-el-femicidio-de-la-mujer-enterrada-en-su-casa\/","title":{"rendered":"Ezeiza: Un detenido por el femicidio de la mujer enterrada en su casa"},"content":{"rendered":"\n<figure class=\"wp-block-image size-large\"><a href=\"https:\/\/www.elsindical.com.ar\/notas\/var\/www\/html\/notas\/wp-content\/uploads\/2025\/09\/Nicolas-Ezequiel-Rodriguez-detenido-por-homicidio.jpg\"><img loading=\"lazy\" decoding=\"async\" width=\"1024\" height=\"576\" src=\"https:\/\/www.elsindical.com.ar\/notas\/var\/www\/html\/notas\/wp-content\/uploads\/2025\/09\/Nicolas-Ezequiel-Rodriguez-detenido-por-homicidio-1024x576.jpg\" alt=\"\" class=\"wp-image-139902\" srcset=\"https:\/\/www.elsindical.com.ar\/notas\/var\/www\/html\/notas\/wp-content\/uploads\/2025\/09\/Nicolas-Ezequiel-Rodriguez-detenido-por-homicidio-1024x576.jpg 1024w, https:\/\/www.elsindical.com.ar\/notas\/var\/www\/html\/notas\/wp-content\/uploads\/2025\/09\/Nicolas-Ezequiel-Rodriguez-detenido-por-homicidio-300x169.jpg 300w, https:\/\/www.elsindical.com.ar\/notas\/var\/www\/html\/notas\/wp-content\/uploads\/2025\/09\/Nicolas-Ezequiel-Rodriguez-detenido-por-homicidio-768x432.jpg 768w, https:\/\/www.elsindical.com.ar\/notas\/var\/www\/html\/notas\/wp-content\/uploads\/2025\/09\/Nicolas-Ezequiel-Rodriguez-detenido-por-homicidio-460x260.jpg 460w, https:\/\/www.elsindical.com.ar\/notas\/var\/www\/html\/notas\/wp-content\/uploads\/2025\/09\/Nicolas-Ezequiel-Rodriguez-detenido-por-homicidio.jpg 1200w\" sizes=\"auto, (max-width: 1024px) 100vw, 1024px\" \/><\/a><\/figure>\n\n\n\n<p>Un joven de 19 a\u00f1os fue detenido en Valent\u00edn Alsina, partido de Lan\u00fas, <strong>acusado de ser el autor del femicidio de Claudia Scrazzolo, de 38, ocurrido el pasado mi\u00e9rcoles en una vivienda del barrio Santa Marta<\/strong>, en Trist\u00e1n Su\u00e1rez, cuyo cad\u00e1ver fue hallado enterrado en el patio trasero de su vivienda con m\u00faltiples heridas de arma blanca.<\/p>\n\n\n\n<p>El caso comenz\u00f3 cuando <strong>familiares de la mujer alertaron al 911 tras encontrar manchas de sangre y barro en el interior del domicilio, <\/strong>por lo que personal de la Comisar\u00eda Segunda de Ezeiza acudi\u00f3 al lugar y, con la intervenci\u00f3n de la Polic\u00eda Cient\u00edfica, se constat\u00f3 el hallazgo del cuerpo.<\/p>\n\n\n\n<p>Desde entonces, la DDI Lomas de Zamora y la SubDDI Ezeiza, junto al Grupo T\u00e1ctico Operativo de Trist\u00e1n Su\u00e1rez, desplegaron tareas investigativas. Los primeros testimonios, incluidos los de una menor de 15 a\u00f1os y su pareja, de 24, arrojaron datos confusos, lo que <strong>llev\u00f3 a los investigadores a profundizar en el an\u00e1lisis de c\u00e1maras de seguridad y tel\u00e9fonos celulares.<\/strong><\/p>\n\n\n\n<p>Las grabaciones revelaron movimientos sospechosos en la madrugada del crimen: a las 3.50 un <strong>Peugeot 208 de color negro lleg\u00f3 al domicilio y se retir\u00f3 minutos despu\u00e9s con tres personas a bordo<\/strong>, entre ellas la menor que hab\u00eda declarado.<\/p>\n\n\n\n<p>M\u00e1s tarde, a las 4.05 horas, <strong>un Fiat Cronos gris oscuro apareci\u00f3 en escena <\/strong>y fue clave para reconstruir la ruta de fuga del presunto homicida.<\/p>\n\n\n\n<p>Con datos aportados por la empresa Uber, se logr\u00f3 identificar al propietario del veh\u00edculo y rastrear la ubicaci\u00f3n donde finaliz\u00f3 el viaje. As\u00ed, <strong>los investigadores llegaron a una vivienda de la calle Itapir\u00fa al 1400, Valent\u00edn Alsina <\/strong>donde fue visto salir <strong>Nicol\u00e1s Ezequiel Rodr\u00edguez<\/strong>, de 19 a\u00f1os. El sospechoso vest\u00eda la misma campera que se observaba en las im\u00e1genes del d\u00eda del hecho, por lo que fue inmediatamente aprehendido.<\/p>\n\n\n\n<p>Durante el procedimiento <strong>se secuestraron prendas de vestir con manchas de barro <\/strong>y una mochila que habr\u00edan sido utilizadas la noche del crimen. Adem\u00e1s, se incaut\u00f3 su tel\u00e9fono celular para pericias.<\/p>\n\n\n\n<p>El Ministerio P\u00fablico Fiscal aval\u00f3 el operativo y dispuso la formaci\u00f3n de la causa por <strong>\u201chomicidio de una mujer cometido por un hombre mediando violencia de g\u00e9nero (femicidio)\u201d<\/strong>, quedando Rodr\u00edguez detenido a disposici\u00f3n de la UFI 3 Descentralizada de Ezeiza.<\/p>\n\n\n\n<p>Mientras tanto, <strong>los investigadores contin\u00faan reuniendo pruebas para esclarecer la participaci\u00f3n de otros posibles implicados <\/strong>y determinar las circunstancias exactas en las que fue asesinada Scrazzolo.<\/p>\n\n\n\n<p>Por caso, se supo que el tel\u00e9fono de la v\u00edctima hab\u00eda sido manipulado por la menor mencionada, quien envi\u00f3 mensajes al<strong> Centro de Operaciones y Monitoreo de Esteban Echeverr\u00eda<\/strong>, donde Claudia trabajaba, informando que no se presentar\u00eda a cumplir su turno laboral por problemas personales.<\/p>\n","protected":false},"excerpt":{"rendered":"<p>Un joven de 19 a\u00f1os fue detenido en Valent\u00edn Alsina, partido de Lan\u00fas, acusado de ser el autor del femicidio de Claudia Scrazzolo, de 38, ocurrido el pasado mi\u00e9rcoles en una vivienda del barrio Santa Marta, en Trist\u00e1n Su\u00e1rez, cuyo cad\u00e1ver fue hallado enterrado en el patio trasero de su vivienda con m\u00faltiples heridas de&hellip;<\/p>\n","protected":false},"author":1,"featured_media":139902,"comment_status":"open","ping_status":"open","sticky":false,"template":"","format":"standard","meta":{"footnotes":""},"categories":[22],"tags":[45849,6312,2450,661,24610,42799,209,45851,45850],"class_list":["post-139901","post","type-post","status-publish","format-standard","has-post-thumbnail","hentry","category-policiales","tag-claudia-scrazzolo","tag-ddi-lomas-de-zamora","tag-diario-el-sindical","tag-ezeiza","tag-famicidio","tag-jefe-de-policia-comisario-general-javier-carlos-villar","tag-lanus","tag-nicolas-ezequiel-rodriguez","tag-sddi-ezeiza"],"_links":{"self":[{"href":"https:\/\/www.elsindical.com.ar\/notas\/wp-json\/wp\/v2\/posts\/139901","targetHints":{"allow":["GET"]}}],"collection":[{"href":"https:\/\/www.elsindical.com.ar\/notas\/wp-json\/wp\/v2\/posts"}],"about":[{"href":"https:\/\/www.elsindical.com.ar\/notas\/wp-json\/wp\/v2\/types\/post"}],"author":[{"embeddable":true,"href":"https:\/\/www.elsindical.com.ar\/notas\/wp-json\/wp\/v2\/users\/1"}],"replies":[{"embeddable":true,"href":"https:\/\/www.elsindical.com.ar\/notas\/wp-json\/wp\/v2\/comments?post=139901"}],"version-history":[{"count":1,"href":"https:\/\/www.elsindical.com.ar\/notas\/wp-json\/wp\/v2\/posts\/139901\/revisions"}],"predecessor-version":[{"id":139903,"href":"https:\/\/www.elsindical.com.ar\/notas\/wp-json\/wp\/v2\/posts\/139901\/revisions\/139903"}],"wp:featuredmedia":[{"embeddable":true,"href":"https:\/\/www.elsindical.com.ar\/notas\/wp-json\/wp\/v2\/media\/139902"}],"wp:attachment":[{"href":"https:\/\/www.elsindical.com.ar\/notas\/wp-json\/wp\/v2\/media?parent=139901"}],"wp:term":[{"taxonomy":"category","embeddable":true,"href":"https:\/\/www.elsindical.com.ar\/notas\/wp-json\/wp\/v2\/categories?post=139901"},{"taxonomy":"post_tag","embeddable":true,"href":"https:\/\/www.elsindical.com.ar\/notas\/wp-json\/wp\/v2\/tags?post=139901"}],"curies":[{"name":"wp","href":"https:\/\/api.w.org\/{rel}","templated":true}]}}