{"id":139890,"date":"2025-09-04T15:07:47","date_gmt":"2025-09-04T18:07:47","guid":{"rendered":"https:\/\/www.elsindical.com.ar\/notas\/?p=139890"},"modified":"2025-09-04T15:07:53","modified_gmt":"2025-09-04T18:07:53","slug":"lanus-un-gendarme-esta-en-grave-estado-tras-resistirse-a-un-robo","status":"publish","type":"post","link":"https:\/\/www.elsindical.com.ar\/notas\/lanus-un-gendarme-esta-en-grave-estado-tras-resistirse-a-un-robo\/","title":{"rendered":"Lan\u00fas: un gendarme est\u00e1 en grave estado tras resistirse a un robo"},"content":{"rendered":"<div class=\"wp-block-image\">\n<figure class=\"aligncenter size-full\"><a href=\"https:\/\/www.elsindical.com.ar\/notas\/var\/www\/html\/notas\/wp-content\/uploads\/2025\/09\/Lanus-gendarme-herido-en-robo.jpg\"><img loading=\"lazy\" decoding=\"async\" width=\"700\" height=\"394\" src=\"https:\/\/www.elsindical.com.ar\/notas\/var\/www\/html\/notas\/wp-content\/uploads\/2025\/09\/Lanus-gendarme-herido-en-robo.jpg\" alt=\"\" class=\"wp-image-139891\" srcset=\"https:\/\/www.elsindical.com.ar\/notas\/var\/www\/html\/notas\/wp-content\/uploads\/2025\/09\/Lanus-gendarme-herido-en-robo.jpg 700w, https:\/\/www.elsindical.com.ar\/notas\/var\/www\/html\/notas\/wp-content\/uploads\/2025\/09\/Lanus-gendarme-herido-en-robo-300x169.jpg 300w, https:\/\/www.elsindical.com.ar\/notas\/var\/www\/html\/notas\/wp-content\/uploads\/2025\/09\/Lanus-gendarme-herido-en-robo-460x260.jpg 460w\" sizes=\"auto, (max-width: 700px) 100vw, 700px\" \/><\/a><\/figure>\n<\/div>\n\n\n<p>Un joven gendarme se encuentra internado en <strong>grave estado tras resistirse a un robo en Gerli, partido de Lan\u00fas<\/strong>, y todo qued\u00f3 registrado por las c\u00e1maras de seguridad de la zona donde ocurri\u00f3 el hecho: el cruce de Santiago del Estero y Pallares, donde el efectivo, de 29 a\u00f1os y que estaba de civil, volv\u00eda a su casa de un cumplea\u00f1os con su pareja.<\/p>\n\n\n\n<p>Al momento de ingresar a su casa, delincuentes se abalanzaron contra \u00e9l e intentaron sustraerle el auto, sin embargo, el efectivo, que estaba sin su arma reglamentaria, comenz\u00f3 a forcejear porque <strong>el joven no quiso entregar las llaves y all\u00ed los ladrones le pegaron un tiro <\/strong>en el est\u00f3mago y antes de huir le robaron su celular.<\/p>\n\n\n\n<p>Todo qued\u00f3 registrado por las c\u00e1maras de seguridad de la zona, las cuales permitieron escuchar el momento del pedido de ayuda por parte de la familia del gendarme: <strong>\u201c\u00a1Auxilio! Llama a una ambulancia\u201d, suplica la novia, quien comienza a llorar.<\/strong><\/p>\n\n\n\n<p>En estos momentos el efectivo se encuentra <strong>internado en grave estado en el Hospital Evita de Lan\u00fas<\/strong>. La causa qued\u00f3 en manos de la Unidad Funcional de Instrucci\u00f3n 7 de Lan\u00fas<\/p>\n\n\n\n<p>Mientras los vecinos son asaltados, heridos y asesinados, el intendente Juli\u00e1n \u00c1lvarez, sigue gastando millones en publicidad en redes sociales.<\/p>\n","protected":false},"excerpt":{"rendered":"<p>Un joven gendarme se encuentra internado en grave estado tras resistirse a un robo en Gerli, partido de Lan\u00fas, y todo qued\u00f3 registrado por las c\u00e1maras de seguridad de la zona donde ocurri\u00f3 el hecho: el cruce de Santiago del Estero y Pallares, donde el efectivo, de 29 a\u00f1os y que estaba de civil, volv\u00eda&hellip;<\/p>\n","protected":false},"author":1,"featured_media":139891,"comment_status":"open","ping_status":"open","sticky":false,"template":"","format":"standard","meta":{"footnotes":""},"categories":[22],"tags":[2450,984,42922,209,2605,986],"class_list":["post-139890","post","type-post","status-publish","format-standard","has-post-thumbnail","hentry","category-policiales","tag-diario-el-sindical","tag-inseguridad","tag-intendente-julian-alvarez","tag-lanus","tag-redes-sociales","tag-vecinos"],"_links":{"self":[{"href":"https:\/\/www.elsindical.com.ar\/notas\/wp-json\/wp\/v2\/posts\/139890","targetHints":{"allow":["GET"]}}],"collection":[{"href":"https:\/\/www.elsindical.com.ar\/notas\/wp-json\/wp\/v2\/posts"}],"about":[{"href":"https:\/\/www.elsindical.com.ar\/notas\/wp-json\/wp\/v2\/types\/post"}],"author":[{"embeddable":true,"href":"https:\/\/www.elsindical.com.ar\/notas\/wp-json\/wp\/v2\/users\/1"}],"replies":[{"embeddable":true,"href":"https:\/\/www.elsindical.com.ar\/notas\/wp-json\/wp\/v2\/comments?post=139890"}],"version-history":[{"count":1,"href":"https:\/\/www.elsindical.com.ar\/notas\/wp-json\/wp\/v2\/posts\/139890\/revisions"}],"predecessor-version":[{"id":139892,"href":"https:\/\/www.elsindical.com.ar\/notas\/wp-json\/wp\/v2\/posts\/139890\/revisions\/139892"}],"wp:featuredmedia":[{"embeddable":true,"href":"https:\/\/www.elsindical.com.ar\/notas\/wp-json\/wp\/v2\/media\/139891"}],"wp:attachment":[{"href":"https:\/\/www.elsindical.com.ar\/notas\/wp-json\/wp\/v2\/media?parent=139890"}],"wp:term":[{"taxonomy":"category","embeddable":true,"href":"https:\/\/www.elsindical.com.ar\/notas\/wp-json\/wp\/v2\/categories?post=139890"},{"taxonomy":"post_tag","embeddable":true,"href":"https:\/\/www.elsindical.com.ar\/notas\/wp-json\/wp\/v2\/tags?post=139890"}],"curies":[{"name":"wp","href":"https:\/\/api.w.org\/{rel}","templated":true}]}}