{"id":139879,"date":"2025-09-03T12:44:01","date_gmt":"2025-09-03T15:44:01","guid":{"rendered":"https:\/\/www.elsindical.com.ar\/notas\/?p=139879"},"modified":"2025-09-03T13:02:28","modified_gmt":"2025-09-03T16:02:28","slug":"la-estrategia-del-kirchnerismo-es-intentar-matarme-aseguro-javier-milei","status":"publish","type":"post","link":"https:\/\/www.elsindical.com.ar\/notas\/la-estrategia-del-kirchnerismo-es-intentar-matarme-aseguro-javier-milei\/","title":{"rendered":"\u201cLa estrategia del kirchnerismo es intentar matarme\u201d, asegur\u00f3 Javier Milei"},"content":{"rendered":"<div class=\"wp-block-image\">\n<figure class=\"aligncenter size-full\"><a href=\"https:\/\/www.elsindical.com.ar\/notas\/var\/www\/html\/notas\/wp-content\/uploads\/2025\/09\/Javier-Milei-quieren-matarme.jpg\"><img loading=\"lazy\" decoding=\"async\" width=\"700\" height=\"394\" src=\"https:\/\/www.elsindical.com.ar\/notas\/var\/www\/html\/notas\/wp-content\/uploads\/2025\/09\/Javier-Milei-quieren-matarme.jpg\" alt=\"\" class=\"wp-image-139880\" srcset=\"https:\/\/www.elsindical.com.ar\/notas\/var\/www\/html\/notas\/wp-content\/uploads\/2025\/09\/Javier-Milei-quieren-matarme.jpg 700w, https:\/\/www.elsindical.com.ar\/notas\/var\/www\/html\/notas\/wp-content\/uploads\/2025\/09\/Javier-Milei-quieren-matarme-300x169.jpg 300w, https:\/\/www.elsindical.com.ar\/notas\/var\/www\/html\/notas\/wp-content\/uploads\/2025\/09\/Javier-Milei-quieren-matarme-460x260.jpg 460w\" sizes=\"auto, (max-width: 700px) 100vw, 700px\" \/><\/a><\/figure>\n<\/div>\n\n\n<p>Javier Milei asegur\u00f3 que la oposici\u00f3n intentar\u00e1 atentar contra su vida, en medio de alertas por su seguridad y de cara al acto de cierre de campa\u00f1a.<\/p>\n\n\n\n<p>Horas antes de encabezar su acto de cierre de campa\u00f1a en Moreno, rodeado de alertas por su seguridad, el presidente <strong>Javier Milei lanz\u00f3 una grav\u00edsima acusaci\u00f3n contra la oposici\u00f3n<\/strong>, al asegurar que la estrategia del kirchnerismo es intentar matarlo.<\/p>\n\n\n\n<p><strong>\u201cLa estrategia del kirchnerismo es \u2018destruir el plan econ\u00f3mico, hacer manifestaciones violentas o intentar matarme<\/strong>\u201c, asegur\u00f3 el Presidente en una entrevista grabada en la Casa Rosada con Louis Sarkozy, hijo del expresidente franc\u00e9s, que fue publicada este mi\u00e9rcoles.<\/p>\n\n\n\n<p>Este mensaje se da a conocer en medio de los alertas por la seguridad de Milei en Moreno, en lo que ser\u00e1 el acto del cierre de campa\u00f1a de La Libertad Avanza (LLA) de cara a las elecciones del domingo en la Provincia.<\/p>\n\n\n\n<p><strong>El mandatario tendr\u00e1 a su cargo de las palabras finales del evento que se celebrar\u00e1 a las 17 en en la sede del Club Villa \u00c1ngela<\/strong>, ubicado en una de las zonas m\u00e1s populares del municipio gobernado por la intendenta peronista&nbsp;Mariel Fern\u00e1ndez.<\/p>\n\n\n\n<p>El propio ministro de Seguridad bonaerense, Javier Alonso, alert\u00f3 que el lugar elegido para el acto, un potrero, no est\u00e1 preparado y hay \u201criesgos\u201d. <strong>\u201cHago responsable a Milei de cualquier hecho de desorden o violencia que pueda producirse<\/strong>\u201c, alert\u00f3 el gobernador Axel Kicillof.<\/p>\n\n\n\n<figure class=\"wp-block-embed is-type-video is-provider-youtube wp-block-embed-youtube wp-embed-aspect-16-9 wp-has-aspect-ratio\"><div class=\"wp-block-embed__wrapper\">\n<iframe loading=\"lazy\" title=\"Javier Milei la estrategia del Kirchnerismo es intentar matarme\" width=\"700\" height=\"394\" src=\"https:\/\/www.youtube.com\/embed\/jEWMSo7-7pQ?feature=oembed\" frameborder=\"0\" allow=\"accelerometer; autoplay; clipboard-write; encrypted-media; gyroscope; picture-in-picture; web-share\" referrerpolicy=\"strict-origin-when-cross-origin\" allowfullscreen><\/iframe>\n<\/div><\/figure>\n","protected":false},"excerpt":{"rendered":"<p>Javier Milei asegur\u00f3 que la oposici\u00f3n intentar\u00e1 atentar contra su vida, en medio de alertas por su seguridad y de cara al acto de cierre de campa\u00f1a. Horas antes de encabezar su acto de cierre de campa\u00f1a en Moreno, rodeado de alertas por su seguridad, el presidente Javier Milei lanz\u00f3 una grav\u00edsima acusaci\u00f3n contra la&hellip;<\/p>\n","protected":false},"author":1,"featured_media":139880,"comment_status":"open","ping_status":"open","sticky":false,"template":"","format":"standard","meta":{"footnotes":""},"categories":[13],"tags":[45844,45843,2450,28812,679,40628,1232,613],"class_list":["post-139879","post","type-post","status-publish","format-standard","has-post-thumbnail","hentry","category-politica","tag-cierre-de-campana","tag-club-villa-angela","tag-diario-el-sindical","tag-javier-milei","tag-kirchnerismo","tag-lla","tag-moreno","tag-seguridad"],"_links":{"self":[{"href":"https:\/\/www.elsindical.com.ar\/notas\/wp-json\/wp\/v2\/posts\/139879","targetHints":{"allow":["GET"]}}],"collection":[{"href":"https:\/\/www.elsindical.com.ar\/notas\/wp-json\/wp\/v2\/posts"}],"about":[{"href":"https:\/\/www.elsindical.com.ar\/notas\/wp-json\/wp\/v2\/types\/post"}],"author":[{"embeddable":true,"href":"https:\/\/www.elsindical.com.ar\/notas\/wp-json\/wp\/v2\/users\/1"}],"replies":[{"embeddable":true,"href":"https:\/\/www.elsindical.com.ar\/notas\/wp-json\/wp\/v2\/comments?post=139879"}],"version-history":[{"count":2,"href":"https:\/\/www.elsindical.com.ar\/notas\/wp-json\/wp\/v2\/posts\/139879\/revisions"}],"predecessor-version":[{"id":139882,"href":"https:\/\/www.elsindical.com.ar\/notas\/wp-json\/wp\/v2\/posts\/139879\/revisions\/139882"}],"wp:featuredmedia":[{"embeddable":true,"href":"https:\/\/www.elsindical.com.ar\/notas\/wp-json\/wp\/v2\/media\/139880"}],"wp:attachment":[{"href":"https:\/\/www.elsindical.com.ar\/notas\/wp-json\/wp\/v2\/media?parent=139879"}],"wp:term":[{"taxonomy":"category","embeddable":true,"href":"https:\/\/www.elsindical.com.ar\/notas\/wp-json\/wp\/v2\/categories?post=139879"},{"taxonomy":"post_tag","embeddable":true,"href":"https:\/\/www.elsindical.com.ar\/notas\/wp-json\/wp\/v2\/tags?post=139879"}],"curies":[{"name":"wp","href":"https:\/\/api.w.org\/{rel}","templated":true}]}}