{"id":139859,"date":"2025-09-02T20:33:15","date_gmt":"2025-09-02T23:33:15","guid":{"rendered":"https:\/\/www.elsindical.com.ar\/notas\/?p=139859"},"modified":"2025-09-02T20:33:21","modified_gmt":"2025-09-02T23:33:21","slug":"misiones-denuncias-por-las-auditorias-de-andis-constancias-rechazadas-por-anses-y-participacion-de-militantes-libertarios","status":"publish","type":"post","link":"https:\/\/www.elsindical.com.ar\/notas\/misiones-denuncias-por-las-auditorias-de-andis-constancias-rechazadas-por-anses-y-participacion-de-militantes-libertarios\/","title":{"rendered":"Misiones: Denuncias por las auditor\u00edas de ANDIS constancias rechazadas por ANSES y participaci\u00f3n de militantes libertarios"},"content":{"rendered":"<div class=\"wp-block-image\">\n<figure class=\"aligncenter size-full is-resized\"><a href=\"https:\/\/www.elsindical.com.ar\/notas\/var\/www\/html\/notas\/wp-content\/uploads\/2025\/09\/ANDIS-Misiones.jpg\"><img loading=\"lazy\" decoding=\"async\" width=\"470\" height=\"313\" src=\"https:\/\/www.elsindical.com.ar\/notas\/var\/www\/html\/notas\/wp-content\/uploads\/2025\/09\/ANDIS-Misiones.jpg\" alt=\"\" class=\"wp-image-139860\" style=\"width:678px;height:auto\" srcset=\"https:\/\/www.elsindical.com.ar\/notas\/var\/www\/html\/notas\/wp-content\/uploads\/2025\/09\/ANDIS-Misiones.jpg 470w, https:\/\/www.elsindical.com.ar\/notas\/var\/www\/html\/notas\/wp-content\/uploads\/2025\/09\/ANDIS-Misiones-300x200.jpg 300w\" sizes=\"auto, (max-width: 470px) 100vw, 470px\" \/><\/a><\/figure>\n<\/div>\n\n\n<p>Las localidades de San Ignacio, San Pedro y 25 de Mayo denunciaron irregularidades en las auditor\u00edas de pensiones por invalidez realizadas por la Agencia Nacional de Discapacidad (ANDIS). Los operativos fueron conducidos por militantes libertarios, se detectaron firmas m\u00e9dicas falsificadas y las constancias emitidas fueron rechazadas por ANSES.<\/p>\n\n\n\n<p>Las auditor\u00edas de la <strong>Agencia Nacional de Discapacidad (ANDIS) en Misiones<\/strong> desataron un fuerte esc\u00e1ndalo institucional tras denuncias de irregularidades en las localidades de <strong>San Ignacio, San Pedro y 25 de Mayo<\/strong>. Beneficiarios y autoridades locales sostienen que <strong>los controles fueron ejecutados por militantes de La Libertad Avanza y que la ANSES rechaz\u00f3 las constancias emitidas<\/strong>, lo que dej\u00f3 a cientos de pensionados en una situaci\u00f3n de incertidumbre.<\/p>\n\n\n\n<p>El vicegobernador Lucas Romero Spinelli calific\u00f3 <strong>los operativos como \u201cinadmisibles\u201d y el Gobierno provincial present\u00f3 un recurso de amparo en la Justicia Federal.<\/strong> Seg\u00fan detall\u00f3, se falsificaron sellos y firmas m\u00e9dicas, se utilizaron lugares inapropiados \u2014como un restaurante abandonado\u2014 y se delegaron tr\u00e1mites en militantes pol\u00edticos en lugar de profesionales de la salud.<\/p>\n\n\n\n<h2 class=\"wp-block-heading\">El gobierno de Misiones pidi\u00f3 la suspensi\u00f3n de las auditorias<\/h2>\n\n\n\n<p>En 25 de Mayo, el secretario de Gobierno Sebasti\u00e1n Rodr\u00edguez advirti\u00f3 que la falta de informaci\u00f3n oficial gener\u00f3 temor entre los vecinos: \u201cSe transmiti\u00f3 de boca en boca que pod\u00edan cortar los beneficios, y eso preocupa mucho a la gente con discapacidad real que necesita apoyo del Estado\u201d. Adem\u00e1s, revel\u00f3 que las cartas documento enviaban a direcciones inexistentes y que los certificados entregados fueron rechazados en las oficinas de ANSES.<\/p>\n\n\n\n<p>Rodr\u00edguez sostuvo que los primeros 15 beneficiarios que acudieron a Ober\u00e1 tuvieron un resultado negativo: \u201cLes dijeron que no era una firma avalada o que eran fotocopias. Hubo personas que viajaron 60 o 70 kil\u00f3metros, con lluvia y caminos de tierra, y volvieron sin respuestas\u201d.<\/p>\n\n\n\n<p>En San Ignacio, la situaci\u00f3n escal\u00f3 cuando se detect\u00f3 la falsificaci\u00f3n de un sello m\u00e9dico. Cientos de beneficiarios fueron citados bajo amenaza de perder sus pensiones y recibieron constancias ap\u00f3crifas con la supuesta firma del cardi\u00f3logo Leandro Pe\u00f1aloza, de Pergamino. El propio profesional desminti\u00f3 su participaci\u00f3n: \u201cEl sello y la firma no son m\u00edos. Claramente hay una falsificaci\u00f3n\u201d, declar\u00f3, anticipando que radicar\u00e1 una denuncia penal.<\/p>\n\n\n\n<p>Las condiciones de los operativos tambi\u00e9n fueron criticadas: largas filas a la intemperie, falta de sanitarios y auditor\u00edas realizadas incluso por estudiantes, lo que gener\u00f3 indignaci\u00f3n. \u201cSe est\u00e1 desinformando, se est\u00e1n vulnerando derechos y se est\u00e1 jugando con la gente\u201d, concluy\u00f3 Rodr\u00edguez.<\/p>\n\n\n\n<p>El Gobierno de Misiones reclama que se suspendan las auditor\u00edas actuales y se garantice un proceso formal, transparente y con profesionales habilitados. Mientras tanto, cientos de pensionados quedaron atrapados entre constancias inv\u00e1lidas y el temor a perder su \u00fanico ingreso.<\/p>\n","protected":false},"excerpt":{"rendered":"<p>Las localidades de San Ignacio, San Pedro y 25 de Mayo denunciaron irregularidades en las auditor\u00edas de pensiones por invalidez realizadas por la Agencia Nacional de Discapacidad (ANDIS). Los operativos fueron conducidos por militantes libertarios, se detectaron firmas m\u00e9dicas falsificadas y las constancias emitidas fueron rechazadas por ANSES. Las auditor\u00edas de la Agencia Nacional de&hellip;<\/p>\n","protected":false},"author":1,"featured_media":139860,"comment_status":"open","ping_status":"open","sticky":false,"template":"","format":"standard","meta":{"footnotes":""},"categories":[6],"tags":[29706,80,45835,2450,761,45199,2243],"class_list":["post-139859","post","type-post","status-publish","format-standard","has-post-thumbnail","hentry","category-denuncias","tag-andis","tag-anses","tag-auditorias-2","tag-diario-el-sindical","tag-gobierno-nacional","tag-militantes-libertarios","tag-misiones"],"_links":{"self":[{"href":"https:\/\/www.elsindical.com.ar\/notas\/wp-json\/wp\/v2\/posts\/139859","targetHints":{"allow":["GET"]}}],"collection":[{"href":"https:\/\/www.elsindical.com.ar\/notas\/wp-json\/wp\/v2\/posts"}],"about":[{"href":"https:\/\/www.elsindical.com.ar\/notas\/wp-json\/wp\/v2\/types\/post"}],"author":[{"embeddable":true,"href":"https:\/\/www.elsindical.com.ar\/notas\/wp-json\/wp\/v2\/users\/1"}],"replies":[{"embeddable":true,"href":"https:\/\/www.elsindical.com.ar\/notas\/wp-json\/wp\/v2\/comments?post=139859"}],"version-history":[{"count":1,"href":"https:\/\/www.elsindical.com.ar\/notas\/wp-json\/wp\/v2\/posts\/139859\/revisions"}],"predecessor-version":[{"id":139861,"href":"https:\/\/www.elsindical.com.ar\/notas\/wp-json\/wp\/v2\/posts\/139859\/revisions\/139861"}],"wp:featuredmedia":[{"embeddable":true,"href":"https:\/\/www.elsindical.com.ar\/notas\/wp-json\/wp\/v2\/media\/139860"}],"wp:attachment":[{"href":"https:\/\/www.elsindical.com.ar\/notas\/wp-json\/wp\/v2\/media?parent=139859"}],"wp:term":[{"taxonomy":"category","embeddable":true,"href":"https:\/\/www.elsindical.com.ar\/notas\/wp-json\/wp\/v2\/categories?post=139859"},{"taxonomy":"post_tag","embeddable":true,"href":"https:\/\/www.elsindical.com.ar\/notas\/wp-json\/wp\/v2\/tags?post=139859"}],"curies":[{"name":"wp","href":"https:\/\/api.w.org\/{rel}","templated":true}]}}