{"id":139790,"date":"2025-08-31T12:47:52","date_gmt":"2025-08-31T15:47:52","guid":{"rendered":"https:\/\/www.elsindical.com.ar\/notas\/?p=139790"},"modified":"2025-08-31T12:56:43","modified_gmt":"2025-08-31T15:56:43","slug":"lanus-investigan-el-asesinato-de-un-joven-en-la-plaza-belgrano","status":"publish","type":"post","link":"https:\/\/www.elsindical.com.ar\/notas\/lanus-investigan-el-asesinato-de-un-joven-en-la-plaza-belgrano\/","title":{"rendered":"Lan\u00fas: Investigan el asesinato de un joven en la Plaza Belgrano"},"content":{"rendered":"\n<figure class=\"wp-block-image size-full\"><a href=\"https:\/\/www.elsindical.com.ar\/notas\/var\/www\/html\/notas\/wp-content\/uploads\/2025\/08\/Plaza-Belgrano-Lanus.jpg\"><img loading=\"lazy\" decoding=\"async\" width=\"700\" height=\"405\" src=\"https:\/\/www.elsindical.com.ar\/notas\/var\/www\/html\/notas\/wp-content\/uploads\/2025\/08\/Plaza-Belgrano-Lanus.jpg\" alt=\"\" class=\"wp-image-139791\" srcset=\"https:\/\/www.elsindical.com.ar\/notas\/var\/www\/html\/notas\/wp-content\/uploads\/2025\/08\/Plaza-Belgrano-Lanus.jpg 700w, https:\/\/www.elsindical.com.ar\/notas\/var\/www\/html\/notas\/wp-content\/uploads\/2025\/08\/Plaza-Belgrano-Lanus-300x174.jpg 300w, https:\/\/www.elsindical.com.ar\/notas\/var\/www\/html\/notas\/wp-content\/uploads\/2025\/08\/Plaza-Belgrano-Lanus-220x126.jpg 220w\" sizes=\"auto, (max-width: 700px) 100vw, 700px\" \/><\/a><\/figure>\n\n\n\n<p>Un joven, de 21 a\u00f1os, fue asesinado, al ser agredido a cuchilladas en la espalda, en un hecho registrado el viernes por la noche en la plaza ubicada junto a la estaci\u00f3n ferroviaria de Lan\u00fas, en el marco de una pelea callejera.<\/p>\n\n\n\n<p>Por el hecho, hay un joven de 26 a\u00f1os detenido identificado como Braian Emmanuel Su\u00e1rez. .<\/p>\n\n\n\n<p>Fuentes judiciales informaron, que la v\u00edctima del ataque fue identificada como&nbsp;<strong>Brian Marcelo Retamar,<\/strong>&nbsp;quien se encontraba en situaci\u00f3n de calle.<\/p>\n\n\n\n<p><strong>Seg\u00fan agregaron los informantes, el hecho se descubri\u00f3 en la plaza General Manuel Belgrano, situada en el cruce de Joaqu\u00edn V. Gonz\u00e1lez y 20 de Octubre, frente a la estaci\u00f3n ferroviaria de Lan\u00fas, donde el joven fue hallado con una herida y, debido a dicho motivo, luego se lo condujo, de urgencia, al Hospital Interzonal Evita.<\/strong><\/p>\n\n\n\n<p>Trascendi\u00f3 que Retamar perdi\u00f3 la vida en el mencionado centro asistencial y los peritos de la Polic\u00eda Cient\u00edfica, determinaron que presentaba una certera cuchillada en la regi\u00f3n de la espalda.<\/p>\n\n\n\n<p>En tanto, efectivos de la Comisar\u00eda 1era de Lan\u00fas hicieron un relevamiento de c\u00e1maras de seguridad de la zona y determinaron que al menos dos j\u00f3venes hab\u00edan mantenido una discusi\u00f3n por un celular con la v\u00edctima.<\/p>\n\n\n\n<p>Por im\u00e1genes y testigos identificaron a uno de ellos y, tras la orden judicial correspondiente, lograron su detenci\u00f3n. Se trata de un joven de 26 a\u00f1os.<\/p>\n\n\n<div class=\"wp-block-image\">\n<figure class=\"aligncenter size-large\"><a href=\"https:\/\/www.elsindical.com.ar\/notas\/var\/www\/html\/notas\/wp-content\/uploads\/2025\/08\/Lanus-detenido-por-homicidioPlaza-Belgrano.jpeg\"><img loading=\"lazy\" decoding=\"async\" width=\"576\" height=\"1024\" src=\"https:\/\/www.elsindical.com.ar\/notas\/var\/www\/html\/notas\/wp-content\/uploads\/2025\/08\/Lanus-detenido-por-homicidioPlaza-Belgrano-576x1024.jpeg\" alt=\"\" class=\"wp-image-139794\" srcset=\"https:\/\/www.elsindical.com.ar\/notas\/var\/www\/html\/notas\/wp-content\/uploads\/2025\/08\/Lanus-detenido-por-homicidioPlaza-Belgrano-576x1024.jpeg 576w, https:\/\/www.elsindical.com.ar\/notas\/var\/www\/html\/notas\/wp-content\/uploads\/2025\/08\/Lanus-detenido-por-homicidioPlaza-Belgrano-169x300.jpeg 169w, https:\/\/www.elsindical.com.ar\/notas\/var\/www\/html\/notas\/wp-content\/uploads\/2025\/08\/Lanus-detenido-por-homicidioPlaza-Belgrano-768x1365.jpeg 768w, https:\/\/www.elsindical.com.ar\/notas\/var\/www\/html\/notas\/wp-content\/uploads\/2025\/08\/Lanus-detenido-por-homicidioPlaza-Belgrano-864x1536.jpeg 864w, https:\/\/www.elsindical.com.ar\/notas\/var\/www\/html\/notas\/wp-content\/uploads\/2025\/08\/Lanus-detenido-por-homicidioPlaza-Belgrano.jpeg 900w\" sizes=\"auto, (max-width: 576px) 100vw, 576px\" \/><\/a><\/figure>\n<\/div>\n\n\n<p>La investigaci\u00f3n se encuentra a cargo del fiscal Mart\u00edn Dar\u00edo Rodr\u00edguez, titular de la UFI 6 de Lan\u00fas.<\/p>\n","protected":false},"excerpt":{"rendered":"<p>Un joven, de 21 a\u00f1os, fue asesinado, al ser agredido a cuchilladas en la espalda, en un hecho registrado el viernes por la noche en la plaza ubicada junto a la estaci\u00f3n ferroviaria de Lan\u00fas, en el marco de una pelea callejera. Por el hecho, hay un joven de 26 a\u00f1os detenido identificado como Braian&hellip;<\/p>\n","protected":false},"author":1,"featured_media":139791,"comment_status":"open","ping_status":"open","sticky":false,"template":"","format":"standard","meta":{"footnotes":""},"categories":[22],"tags":[519,2450,984,42922,209,42609,45805],"class_list":["post-139790","post","type-post","status-publish","format-standard","has-post-thumbnail","hentry","category-policiales","tag-celular","tag-diario-el-sindical","tag-inseguridad","tag-intendente-julian-alvarez","tag-lanus","tag-noticias-policiales","tag-plaza-belgrano"],"_links":{"self":[{"href":"https:\/\/www.elsindical.com.ar\/notas\/wp-json\/wp\/v2\/posts\/139790","targetHints":{"allow":["GET"]}}],"collection":[{"href":"https:\/\/www.elsindical.com.ar\/notas\/wp-json\/wp\/v2\/posts"}],"about":[{"href":"https:\/\/www.elsindical.com.ar\/notas\/wp-json\/wp\/v2\/types\/post"}],"author":[{"embeddable":true,"href":"https:\/\/www.elsindical.com.ar\/notas\/wp-json\/wp\/v2\/users\/1"}],"replies":[{"embeddable":true,"href":"https:\/\/www.elsindical.com.ar\/notas\/wp-json\/wp\/v2\/comments?post=139790"}],"version-history":[{"count":2,"href":"https:\/\/www.elsindical.com.ar\/notas\/wp-json\/wp\/v2\/posts\/139790\/revisions"}],"predecessor-version":[{"id":139795,"href":"https:\/\/www.elsindical.com.ar\/notas\/wp-json\/wp\/v2\/posts\/139790\/revisions\/139795"}],"wp:featuredmedia":[{"embeddable":true,"href":"https:\/\/www.elsindical.com.ar\/notas\/wp-json\/wp\/v2\/media\/139791"}],"wp:attachment":[{"href":"https:\/\/www.elsindical.com.ar\/notas\/wp-json\/wp\/v2\/media?parent=139790"}],"wp:term":[{"taxonomy":"category","embeddable":true,"href":"https:\/\/www.elsindical.com.ar\/notas\/wp-json\/wp\/v2\/categories?post=139790"},{"taxonomy":"post_tag","embeddable":true,"href":"https:\/\/www.elsindical.com.ar\/notas\/wp-json\/wp\/v2\/tags?post=139790"}],"curies":[{"name":"wp","href":"https:\/\/api.w.org\/{rel}","templated":true}]}}