{"id":139776,"date":"2025-08-31T07:45:33","date_gmt":"2025-08-31T10:45:33","guid":{"rendered":"https:\/\/www.elsindical.com.ar\/notas\/?p=139776"},"modified":"2025-08-31T18:42:58","modified_gmt":"2025-08-31T21:42:58","slug":"un-fallo-judicial-contra-shell-raizen-ordena-la-reincorporacion-de-un-trabajador-despedido","status":"publish","type":"post","link":"https:\/\/www.elsindical.com.ar\/notas\/un-fallo-judicial-contra-shell-raizen-ordena-la-reincorporacion-de-un-trabajador-despedido\/","title":{"rendered":"Un fallo judicial contra Shell-Raizen ordena la reincorporaci\u00f3n de un trabajador despedido"},"content":{"rendered":"\n<figure class=\"wp-block-image size-large\"><a href=\"https:\/\/www.elsindical.com.ar\/notas\/var\/www\/html\/notas\/wp-content\/uploads\/2025\/08\/Gustavo-Michel-Shell-Ryzen-Dock-Sud.jpg\"><img loading=\"lazy\" decoding=\"async\" width=\"1024\" height=\"683\" src=\"https:\/\/www.elsindical.com.ar\/notas\/var\/www\/html\/notas\/wp-content\/uploads\/2025\/08\/Gustavo-Michel-Shell-Ryzen-Dock-Sud-1024x683.jpg\" alt=\"\" class=\"wp-image-139777\" srcset=\"https:\/\/www.elsindical.com.ar\/notas\/var\/www\/html\/notas\/wp-content\/uploads\/2025\/08\/Gustavo-Michel-Shell-Ryzen-Dock-Sud-1024x683.jpg 1024w, https:\/\/www.elsindical.com.ar\/notas\/var\/www\/html\/notas\/wp-content\/uploads\/2025\/08\/Gustavo-Michel-Shell-Ryzen-Dock-Sud-300x200.jpg 300w, https:\/\/www.elsindical.com.ar\/notas\/var\/www\/html\/notas\/wp-content\/uploads\/2025\/08\/Gustavo-Michel-Shell-Ryzen-Dock-Sud-768x512.jpg 768w, https:\/\/www.elsindical.com.ar\/notas\/var\/www\/html\/notas\/wp-content\/uploads\/2025\/08\/Gustavo-Michel-Shell-Ryzen-Dock-Sud.jpg 1200w\" sizes=\"auto, (max-width: 1024px) 100vw, 1024px\" \/><\/a><\/figure>\n\n\n\n<p>   Una jueza orden\u00f3 a Shell-Raizen que reincorpore a un trabajador despedido por su activismo en defensa de la salud de sus compa\u00f1eros y de la poblaci\u00f3n de Dock Sud, localidad del partido de Avellaneda.<\/p>\n\n\n\n<p>No es la primera vez que la Justicia ordena la reincorporaci\u00f3n de <strong>Gustavo Michel <\/strong>\u201346 a\u00f1os, casado, tres hijos, operario y brigadista en la planta de <strong>Shell-Raizen en Dock Sud<\/strong>\u2013 luego de un despido injustificado. Mejor dicho: justificado en su actividad gremial, aunque convenientemente ocultado en el telegrama de la empresa. Sin embargo, <strong>la resoluci\u00f3n que hizo lugar a la medida cautelar de reinstalaci\u00f3n provisoria en su puesto de trabajo dictada por la jueza de primera instancia Stella Maris Vulcano, y luego confirmada por la C\u00e1mara Nacional del Trabajo<\/strong>, reconoci\u00f3 el derecho a proteger no s\u00f3lo la actividad gremial, sino tambi\u00e9n las acciones en cuidado del ambiente, lo que marca un precedente.&nbsp;<\/p>\n\n\n\n<p>\u201cDesde que entr\u00e9 a la empresa en 2008, <strong>adem\u00e1s de operario, cumplo funciones de brigadista, que es el t\u00edpico trabajo que realiza un bombero;<\/strong> intervengo en derrames, accidentes, emergencias y en tareas de rescate y siempre he denunciado la contaminaci\u00f3n que se produce tanto dentro de la refiner\u00eda como tambi\u00e9n fuera\u201d, explica Michel.<\/p>\n\n\n\n<p>Ese af\u00e1n protector le vali\u00f3<strong> represalias por parte de la empresa<\/strong>. En 2014 lo despidieron, luego de armar una lista opositora a la conducci\u00f3n del <strong>Sindicato de Petr\u00f3leo y Gas de Avellaneda<\/strong> (SPYGPA), por lo que tuvo que acudir a la Justicia, que le dio la raz\u00f3n y oblig\u00f3 a Shell-Raizen a reincorporarlo. En 2021, lo suspendieron tres d\u00edas por exigir mejores condiciones de seguridad, luego de un incendio que casi le provoca la muerte a un compa\u00f1ero.<\/p>\n\n\n\n<p>La \u00faltima fue el 13 de enero de este a\u00f1o, cuando <strong>en un operativo de seguridad desmedido le prohibieron, junto a otros nueve trabajadores <\/strong>(todos con alg\u00fan grado de actividad o participaci\u00f3n gremial), el ingreso a la planta y le entregaron el telegrama de su desvinculaci\u00f3n alegando el art\u00edculo 245 bis, incorporado en el texto final de la Ley Bases y que habilita las cesant\u00edas discriminatorios, sin causa y sin posibilidad de la reinstalaci\u00f3n, estableciendo como medida reparatoria solo un resarcimiento de tipo econ\u00f3mico.<\/p>\n\n\n\n<p>\u201cA diferencia de cuando me despidieron en 2014 \u2013reflexiona Michel\u2013, <strong>ahora la empresa est\u00e1 m\u00e1s fortalecida por el momento pol\u00edtico. <\/strong>La Ley Bases es un respaldo para despedirte si no les gusta tu piel, tu religi\u00f3n o lo que sea. La decisi\u00f3n de primera instancia puso por encima del art\u00edculo 245 leyes que protegen la actividad gremial, que incluso son derechos contemplados en la Constituci\u00f3n. Este fallo es importante porque va en contra de Milei y de las empresas que quieren acabar con tus derechos\u201d.<\/p>\n\n\n\n<h2 class=\"wp-block-heading\"><strong>Cuerpos contaminados<\/strong><\/h2>\n\n\n\n<p>La jueza Vulcano consider\u00f3 que \u201cexisten indicios sobre la actividad de car\u00e1cter ambiental del actor (en referencia a Michel), y de una actividad apuntada al cuidado del ambiente de trabajo y prevenci\u00f3n del personal\u201d. Tambi\u00e9n destac\u00f3 que \u201c<strong>es un reconocido activista sindical y referente para sus compa\u00f1eros de trabajo, que breg\u00f3 siempre por la continuidad laboral de sus 97 compa\u00f1eros,<\/strong> el poder adquisitivo de ellos, el cumplimiento de las condiciones de seguridad necesarias para evitar accidentes y problemas de la salud por consecuencia de los contaminantes que produce la empresa\u201d.<\/p>\n\n\n\n<p>Michel enumera que <strong>en la refiner\u00eda tienen \u201cproductos cancer\u00edgenos como el asbesto en las ca\u00f1er\u00edas\u201d<\/strong> y que \u201ca varios compa\u00f1eros les sali\u00f3 que ten\u00edan benceno y tolueno en la sangre, que tambi\u00e9n son sustancias altamente cancer\u00edgenas\u201d.<\/p>\n\n\n\n<p>\u201cNo sale nada en las noticias \u2013contin\u00faa indignado\u2013, pero los trabajadores lo vemos a diario, aunque sea dif\u00edcil documentarlo. Vemos, por ejemplo, la orilla del r\u00edo con asfalto; vemos la contaminaci\u00f3n en nuestros cuerpos, pero tambi\u00e9n en los alrededores de la refiner\u00eda; vemos chicos con plomo en la sangre. <strong>Uno ve eso y se te pone la piel de gallina, pero no hay ninguna soluci\u00f3n y todo est\u00e1 agravado porque tenemos un gobierno que le da cero importancia al tema del ambiente. <\/strong>Por poner solo un ejemplo, desmantelaron ACUMAR (Autoridad de Cuenca Matanza Riachuelo y hubo un mont\u00f3n de derrames de hidrocarburos en el r\u00edo, pero nadie hizo nada. Las empresas se aprovechan de que no exista ning\u00fan control y no hacen las inversiones que deber\u00edan hacer para resguardar a sus empleados y a la comunidad\u00bb<\/p>\n\n\n\n<p>Tanto la jueza Vulcano como la C\u00e1mara resolvieron darle a Shell-Raizen un plazo de 24 horas de notificada la resoluci\u00f3n para que proceda a la reinstalaci\u00f3n de Michel, pero todav\u00eda no cumpli\u00f3. Por cada d\u00eda de \u201crebeld\u00eda\u201d la empresa debe pagar una multa de, apenas, cincuenta mil pesos.<\/p>\n\n\n\n<p>\u201cMe despidieron en enero y en abril hubo un accidente en la planta donde un compa\u00f1ero se quem\u00f3 con agua de la caldera y a las semanas muri\u00f3 en el hospital. <strong>Esto pasa por negligencia, por flexibilizar las cuestiones de seguridad. <\/strong>Lo m\u00e1s triste es que despu\u00e9s de las muertes no hay culpables\u201d.<\/p>\n\n\n\n<h5 class=\"wp-block-heading\"><strong>ACUMAR: la cuenca sin control<\/strong><\/h5>\n\n\n\n<p>ACUMAR es un ente aut\u00e1rquico creado en diciembre 2006 tras la denuncia colectiva de un grupo de vecinos de Villa Inflamable por los altos niveles de contaminaci\u00f3n, lo que deriv\u00f3 en un fallo hist\u00f3rico de la Corte Suprema conocido como \u201cCausa Mendoza\u201d. Una de las funciones del organismo era controlar a las empresas como Shell-Raizen que vierten fluidos en la cuenca, relocalizar a las personas que viven a la vera del curso de agua, avanzar con la construcci\u00f3n de cloacas y la puesta en valor de los m\u00e1rgenes. Sin embargo, desde la asunci\u00f3n de Javier Milei, el organismo se encuentra en una situaci\u00f3n de par\u00e1lisis por la falta de recursos humanos y econ\u00f3micos lo que se traduce en el abandono del plan de saneamiento que mejor\u00f3 la calidad de vida de m\u00e1s de cinco millones de personas que habitan la cuenca.<\/p>\n\n\n\n<h1 class=\"wp-block-heading\">Las obras del Matanza Riachuelo en stand-by<\/h1>\n\n\n\n<p>Tras una inversi\u00f3n de m\u00e1s de 1200 millones de d\u00f3lares y con el 90% del proyecto terminado, la obra m\u00e1s importante para la recuperaci\u00f3n del r\u00edo est\u00e1 paralizada. Asombra la tranquilidad con la cual se deja en suspenso una inversi\u00f3n multimillonaria cuando faltan pocos pasos para su concreci\u00f3n.<\/p>\n\n\n\n<h2 class=\"wp-block-heading\">Conclusi\u00f3n<\/h2>\n\n\n\n<p>Lo concreto es que han pasado los a\u00f1os desde que se dicto el \u00abFallo Mendoza\u00bb. En el medio pasaron gobiernos de distintos partidos pol\u00edticos, funcionarios y hasta esc\u00e1ndalos judiciales por los negocios millonarios en d\u00f3lares que se mueven en las operaciones de la empresa al punto de que nunca se cumpli\u00f3 con la relocalizaci\u00f3n de la planta. El m\u00e1s conocido tuvo al Juez Federal de Quilmes <strong>Luis Armella<\/strong>, quien pudo sortear inexplicablemente una investigaci\u00f3n en su contra luego de que la Corte Suprema de Justicia de la Naci\u00f3n lo apartara de la ejecuci\u00f3n de la Causa del Saneamiento del Riachuelo.<\/p>\n\n\n\n<p>La Corte solicit\u00f3 a la Justicia Penal que investigue la responsabilidad que le corresponde tambi\u00e9n a los funcionarios de la empresa <strong>AySA<\/strong> y del <strong>CEAMSE<\/strong>, en virtud de las contrataciones directas llevadas a cabo, en el contexto del Plan de Saneamiento del Riachuelo y que involucran a las empresas <strong>M&amp;T<\/strong>, <strong>Gildin SA<\/strong>, <strong>Tierras Provinciales SA<\/strong>, <strong>Kartonsec SA<\/strong> y <strong>Vial Rogo SA<\/strong>, entre otras.<\/p>\n\n\n\n<p>La medida adoptada por la Corte fue la derivaci\u00f3n de una denuncia promulgada por el Ejecutivo Nacional, denunci\u00f3 penalmente al juez federal Luis Armella y solicit\u00f3 su remoci\u00f3n ante el Consejo de la Magistratura, por la \u201cposible comisi\u00f3n de delitos\u201d en su funci\u00f3n de ejecutar la sentencia de la Corte Suprema que dispone el saneamiento de la cuenca Matanza-Riachuelo. Las denuncias citan las notas period\u00edsticas publicadas por P\u00e1gina\/12 donde se inform\u00f3 que \u201cun grupo de empresas vinculadas con el magistrado obtuvieron contratos millonarios sin licitaci\u00f3n\u201d; tambi\u00e9n se basan en la investigaci\u00f3n que, a partir de esas notas, la Corte Suprema encarg\u00f3 a la <strong>Auditor\u00eda General de la Naci\u00f3n<\/strong> y que \u201cratifica lo adelantado por la investigaci\u00f3n period\u00edstica\u201d. Los cargos contra Armella son: <strong>\u201cestafa contra la administraci\u00f3n p\u00fablica\u201d, \u201cviolaci\u00f3n de los deberes de funcionario p\u00fablico\u201d y \u201cnegociaciones incompatibles con la funci\u00f3n p\u00fablica\u201d<\/strong>, con pena de hasta seis a\u00f1os de prisi\u00f3n e inhabilitaci\u00f3n perpetua. Ante el Consejo de la Magistratura y sobre las mismas bases, el pedido de juicio pol\u00edtico es por \u201cpalmario mal desempe\u00f1o\u201d, ya que el juez Armella \u201cha perdido las condiciones necesarias para continuar en el ejercicio de su cargo\u201d.<\/p>\n\n\n\n<p>Ambas presentaciones est\u00e1n suscriptas por<strong> Juan Manuel Abal Medina<\/strong>, jefe de Gabinete de Ministros de la Naci\u00f3n, con el patrocinio de <strong>Angelina Abbona<\/strong>, procuradora del Tesoro de la Naci\u00f3n. La denuncia penal se\u00f1ala \u201cla posible comisi\u00f3n de delitos de acci\u00f3n p\u00fablica\u201d por Luis Antonio Armella, titular del Juzgado Federal N\u00ba 1 de Quilmes, a quien la Corte Suprema de la Naci\u00f3n atribuy\u00f3 la competencia para la ejecuci\u00f3n de su dictamen que, el 8 de julio de 2008, dispuso el saneamiento de la cuenca.<\/p>\n\n\n\n<p>Detr\u00e1s de la impunidad con la que la empresa <strong>Shell-Ryzen<\/strong> contamina, se esconden otros negocios multimillonarios en Dock Sud, vinculados a la contaminaci\u00f3n por el mal tratamiento de residuos patol\u00f3gicos que ingresan al pa\u00eds, y la actividad sin control ambiental de una mega empresa como lo es <strong>Exolgan<\/strong> perteneciente a a <strong>Autoridad Portuaria de Singapur<\/strong> (PSA, en ingl\u00e9s), el m\u00e1ximo operador de puertos en el mundo, con actividad en 28 terminales y en 16 pa\u00edses.<\/p>\n\n\n\n<p>A pesar de la gravedad que las actividades presuponen en la salud de la poblaci\u00f3n no solo de Dock Sud o Avellaneda, ya que camiones sin controles del Estado recorren la provincia de Buenos Aires con material contaminado del que se desconoce su origen y peligrosidad, durante a\u00f1os, deliberadamente se ha omitido siquiera realizar estudios oficiales sobre el impacto en el medio ambiente y la salud de los habitantes que conviven con estas millonarias empresas, de yapa el denominado <strong>Consorcio de Gesti\u00f3n del Puerto de Dock Sud<\/strong>, es un claro ejemplo de lo que est\u00e1 mal en cuanto a la omisi\u00f3n de controles y oscuros negociados en la designaci\u00f3n de sus directores.<\/p>\n\n\n\n<p>Este desarrollo es para ubicar la verdadera dimensi\u00f3n de la relevancia de las denuncias de contaminaci\u00f3n que realiz\u00f3 el trabajador despedido Gustavo Michel, porque su caso puede ser la ficha que produzca \u00abel efecto domin\u00f3\u00bb que desnude la corrupci\u00f3n detr\u00e1s de la contaminaci\u00f3n.<\/p>\n\n\n\n<p>En el caso puntual de Shell-Raizen el encubrimiento no es solo pol\u00edtico y judicial, en la planta intervienen tres sindicatos, <strong>Camioneros<\/strong>, <strong>Petr\u00f3leo<\/strong> y la <strong>UOCRA<\/strong>, los dos \u00faltimos con denuncias de sus afiliados que adem\u00e1s de no tener representaci\u00f3n alguna, si intentan denunciar la condiciones laborales o presentar listas opositoras son \u00abapretados\u00bb incluso con agresiones f\u00edsicas por patotas de estos gremios.<\/p>\n\n\n\n<p>La <strong>Prefectura Naval Argentina<\/strong>, dependiente de <strong>Patricia Bullrich<\/strong> parece que solo est\u00e1n presentes para blindas las empresas, reprimir a los trabajadores y participar de actos y ceremonias, pero de controles y prevenci\u00f3n NADA.<\/p>\n\n\n\n<p><strong>Fuentes: Tiempo Argentino, P\u00e1gina\/12, Clar\u00edn, La Naci\u00f3n, Infobae, Diario El Sindical<\/strong> <\/p>\n\n\n\n<p><strong>Fotograf\u00eda Silvana Safenreiter<\/strong><\/p>\n","protected":false},"excerpt":{"rendered":"<p>Una jueza orden\u00f3 a Shell-Raizen que reincorpore a un trabajador despedido por su activismo en defensa de la salud de sus compa\u00f1eros y de la poblaci\u00f3n de Dock Sud, localidad del partido de Avellaneda. No es la primera vez que la Justicia ordena la reincorporaci\u00f3n de Gustavo Michel \u201346 a\u00f1os, casado, tres hijos, operario y&hellip;<\/p>\n","protected":false},"author":1,"featured_media":139777,"comment_status":"open","ping_status":"open","sticky":false,"template":"","format":"standard","meta":{"footnotes":""},"categories":[16,20],"tags":[461,3274,53,2450,3028,43927,24381,40644,45801,45800,45802,1228],"class_list":["post-139776","post","type-post","status-publish","format-standard","has-post-thumbnail","hentry","category-gremiales","category-judiciales","tag-avellaneda","tag-contaminacion","tag-despidos","tag-diario-el-sindical","tag-dock-sud","tag-fallo-mendoza","tag-gustavo-michel","tag-juez-federal-luis-antonio-armella","tag-jueza-stella-maris-vulcano","tag-shell-raizen","tag-sindicato-de-petroleo-y-gas-de-avellaneda","tag-uocra"],"_links":{"self":[{"href":"https:\/\/www.elsindical.com.ar\/notas\/wp-json\/wp\/v2\/posts\/139776","targetHints":{"allow":["GET"]}}],"collection":[{"href":"https:\/\/www.elsindical.com.ar\/notas\/wp-json\/wp\/v2\/posts"}],"about":[{"href":"https:\/\/www.elsindical.com.ar\/notas\/wp-json\/wp\/v2\/types\/post"}],"author":[{"embeddable":true,"href":"https:\/\/www.elsindical.com.ar\/notas\/wp-json\/wp\/v2\/users\/1"}],"replies":[{"embeddable":true,"href":"https:\/\/www.elsindical.com.ar\/notas\/wp-json\/wp\/v2\/comments?post=139776"}],"version-history":[{"count":2,"href":"https:\/\/www.elsindical.com.ar\/notas\/wp-json\/wp\/v2\/posts\/139776\/revisions"}],"predecessor-version":[{"id":139802,"href":"https:\/\/www.elsindical.com.ar\/notas\/wp-json\/wp\/v2\/posts\/139776\/revisions\/139802"}],"wp:featuredmedia":[{"embeddable":true,"href":"https:\/\/www.elsindical.com.ar\/notas\/wp-json\/wp\/v2\/media\/139777"}],"wp:attachment":[{"href":"https:\/\/www.elsindical.com.ar\/notas\/wp-json\/wp\/v2\/media?parent=139776"}],"wp:term":[{"taxonomy":"category","embeddable":true,"href":"https:\/\/www.elsindical.com.ar\/notas\/wp-json\/wp\/v2\/categories?post=139776"},{"taxonomy":"post_tag","embeddable":true,"href":"https:\/\/www.elsindical.com.ar\/notas\/wp-json\/wp\/v2\/tags?post=139776"}],"curies":[{"name":"wp","href":"https:\/\/api.w.org\/{rel}","templated":true}]}}