{"id":139746,"date":"2025-08-29T08:24:22","date_gmt":"2025-08-29T11:24:22","guid":{"rendered":"https:\/\/www.elsindical.com.ar\/notas\/?p=139746"},"modified":"2025-08-29T08:24:27","modified_gmt":"2025-08-29T11:24:27","slug":"mar-del-plata-extrajeron-sangre-a-tres-policias-para-encontrar-al-quinto-femicida-de-natalia-melmann","status":"publish","type":"post","link":"https:\/\/www.elsindical.com.ar\/notas\/mar-del-plata-extrajeron-sangre-a-tres-policias-para-encontrar-al-quinto-femicida-de-natalia-melmann\/","title":{"rendered":"Mar del Plata: Extrajeron sangre a tres polic\u00edas para encontrar al quinto femicida de Natalia Melmann"},"content":{"rendered":"\n<figure class=\"wp-block-image size-full\"><a href=\"https:\/\/www.elsindical.com.ar\/notas\/var\/www\/html\/notas\/wp-content\/uploads\/2025\/08\/Gustavo-Melmann.jpg\"><img loading=\"lazy\" decoding=\"async\" width=\"929\" height=\"523\" src=\"https:\/\/www.elsindical.com.ar\/notas\/var\/www\/html\/notas\/wp-content\/uploads\/2025\/08\/Gustavo-Melmann.jpg\" alt=\"\" class=\"wp-image-139747\" srcset=\"https:\/\/www.elsindical.com.ar\/notas\/var\/www\/html\/notas\/wp-content\/uploads\/2025\/08\/Gustavo-Melmann.jpg 929w, https:\/\/www.elsindical.com.ar\/notas\/var\/www\/html\/notas\/wp-content\/uploads\/2025\/08\/Gustavo-Melmann-300x169.jpg 300w, https:\/\/www.elsindical.com.ar\/notas\/var\/www\/html\/notas\/wp-content\/uploads\/2025\/08\/Gustavo-Melmann-768x432.jpg 768w, https:\/\/www.elsindical.com.ar\/notas\/var\/www\/html\/notas\/wp-content\/uploads\/2025\/08\/Gustavo-Melmann-460x260.jpg 460w\" sizes=\"auto, (max-width: 929px) 100vw, 929px\" \/><\/a><\/figure>\n\n\n\n<p>\u00c1ngel S\u00e1nchez Custodio, Osvaldo Alfredo Sissi y Jos\u00e9 Luis Morillo se sometieron al an\u00e1lisis en la Asesor\u00eda Pericial de Mar del Plata.<\/p>\n\n\n\n<p><strong>Tres polic\u00edas se extrajeron sangre&nbsp;<\/strong>en la Asesor\u00eda Pericial de Mar del Plata a fin de encontrar al quinto femicida de&nbsp;<strong>Natalia Melmann<\/strong>, la adolescente de 15 a\u00f1os que fue raptada, violada, torturada y asesinada el 4 de febrero de 2001 en la ciudad balnearia de Miramar.<\/p>\n\n\n\n<p>Se trata de&nbsp;<strong>\u00c1ngel S\u00e1nchez Custodio, Osvaldo Alfredo Sissi y Jos\u00e9 Luis Morillo<\/strong>, quienes estuvieron en la noche del crimen, mientras que se presentaron con DNI en la avenida Almirante Brown 1762.<\/p>\n\n\n\n<p>Los padres de la v\u00edctima<strong>\u00a0no pudieron presenciar la audiencia debido a un recurso presentado por la abogada Patricia Perell\u00f3<\/strong>, motivo por el que particip\u00f3 la perito de parte Yanina Kucar, conforme al relato de Gustavo Melmann<em>.<\/em><\/p>\n\n\n\n<p><strong>\u00abCuatro de siete polic\u00edas se realizaron los an\u00e1lisis, faltan otros dos que la C\u00e1mara de Casaci\u00f3n los neg\u00f3\u00bb<\/strong>, a\u00f1adi\u00f3 el padre que desde hace 24 a\u00f1os lucha para que se haga justicia por su hija.<\/p>\n\n\n\n<p><strong>El sargento Borra, el sargento Enrique Diez, el ex comisario Merillo y el comisario mayor Oroz Mieres son los uniformados que ya se sometieron al estudio forense<\/strong>, mientras que los efectivos&nbsp;<strong>Oviedo y Torrente a\u00fan no se extrajeron sangre.<\/strong><\/p>\n\n\n\n<p>Por su parte, este martes se llev\u00f3 a cabo la audiencia de las apelaciones por las apelaciones de las libertades condicionales que hab\u00edan sido solicitadas por<strong>&nbsp;Oscar Echenique<\/strong>&nbsp;y&nbsp;<strong>Ricardo Anselmini<\/strong>, dos de los condenados a prisi\u00f3n perpetua por el femicidio.<\/p>\n\n\n\n<p>La decisi\u00f3n se conocer\u00e1 en el transcurso de esta semana, indic\u00f3 la familia de Natalia a trav\u00e9s de un comunicado de prensa.<\/p>\n\n\n\n<h3 class=\"wp-block-heading\">El femicidio<\/h3>\n\n\n\n<p>Natalia Melmann fue encontrada el 4 de febrero de 2001 bajo un mont\u00edculo de hojas en el vivero \u00abFlorentino Ameghino\u00bb de Miramar y la autopsia revel\u00f3 que fue asfixiada con el cord\u00f3n de sus zapatillas, aunque a simple vista el cuerpo presentaba moretones, quemaduras, fracturas y un golpe en el cr\u00e1neo.<\/p>\n\n\n\n<p>Ante lo sucedido, se determin\u00f3 que fue abusada sexualmente con acceso carnal por cinco hombres, entre ellos Anselmini, Ricardo Su\u00e1rez y Echenique, sentenciados a la pena de prisi\u00f3n perpetua por los delitos de \u00abrapto, abuso sexual con acceso carnal agravado por la pluralidad de personas y homicidio criminis causa\u00bb.<\/p>\n\n\n\n<p>El ex convicto Gustavo \u201cGallo\u201d Fern\u00e1ndez recibi\u00f3 25 a\u00f1os por su participaci\u00f3n en el rapto, aunque la pena fue reducida a diez a\u00f1os.<\/p>\n\n\n\n<p>Ricardo Panadero hab\u00eda sido absuelto en dos oportunidades \u201cpor falta de pruebas\u201d, aunque el Tribunal de Casaci\u00f3n Penal provincial decidi\u00f3 en 2019 anular el fallo y anunci\u00f3 que el cuarto polic\u00eda de la Bonaerense deb\u00eda ser juzgado por su participaci\u00f3n en el crimen.<\/p>\n\n\n\n<p>Finalmente, el 13 de noviembre de 2019 la Sala III del Tribunal de Casaci\u00f3n bonaerense anul\u00f3 ese sobreseimiento y orden\u00f3 que se lleve a cabo un nuevo proceso, el cual se realiz\u00f3 en 2023 donde Panadero fue declarado culpable por los delitos de \u201cprivaci\u00f3n ilegal de la libertad agravado, abuso sexual agravado y homicidio doblemente agravado, por el concurso premeditado de dos o m\u00e1s personas y por ser cometido para asegurarse la impunidad\u201d y recibi\u00f3 reclusi\u00f3n perpetua.<\/p>\n","protected":false},"excerpt":{"rendered":"<p>\u00c1ngel S\u00e1nchez Custodio, Osvaldo Alfredo Sissi y Jos\u00e9 Luis Morillo se sometieron al an\u00e1lisis en la Asesor\u00eda Pericial de Mar del Plata. Tres polic\u00edas se extrajeron sangre&nbsp;en la Asesor\u00eda Pericial de Mar del Plata a fin de encontrar al quinto femicida de&nbsp;Natalia Melmann, la adolescente de 15 a\u00f1os que fue raptada, violada, torturada y asesinada&hellip;<\/p>\n","protected":false},"author":1,"featured_media":139747,"comment_status":"open","ping_status":"open","sticky":false,"template":"","format":"standard","meta":{"footnotes":""},"categories":[20],"tags":[2450,9890,6390,1673,5987,11065,120,118],"class_list":["post-139746","post","type-post","status-publish","format-standard","has-post-thumbnail","hentry","category-judiciales","tag-diario-el-sindical","tag-femicidio","tag-gustavo-melmann","tag-mar-del-plata","tag-miramar","tag-natalia-melmann","tag-pericias","tag-policias"],"_links":{"self":[{"href":"https:\/\/www.elsindical.com.ar\/notas\/wp-json\/wp\/v2\/posts\/139746","targetHints":{"allow":["GET"]}}],"collection":[{"href":"https:\/\/www.elsindical.com.ar\/notas\/wp-json\/wp\/v2\/posts"}],"about":[{"href":"https:\/\/www.elsindical.com.ar\/notas\/wp-json\/wp\/v2\/types\/post"}],"author":[{"embeddable":true,"href":"https:\/\/www.elsindical.com.ar\/notas\/wp-json\/wp\/v2\/users\/1"}],"replies":[{"embeddable":true,"href":"https:\/\/www.elsindical.com.ar\/notas\/wp-json\/wp\/v2\/comments?post=139746"}],"version-history":[{"count":1,"href":"https:\/\/www.elsindical.com.ar\/notas\/wp-json\/wp\/v2\/posts\/139746\/revisions"}],"predecessor-version":[{"id":139748,"href":"https:\/\/www.elsindical.com.ar\/notas\/wp-json\/wp\/v2\/posts\/139746\/revisions\/139748"}],"wp:featuredmedia":[{"embeddable":true,"href":"https:\/\/www.elsindical.com.ar\/notas\/wp-json\/wp\/v2\/media\/139747"}],"wp:attachment":[{"href":"https:\/\/www.elsindical.com.ar\/notas\/wp-json\/wp\/v2\/media?parent=139746"}],"wp:term":[{"taxonomy":"category","embeddable":true,"href":"https:\/\/www.elsindical.com.ar\/notas\/wp-json\/wp\/v2\/categories?post=139746"},{"taxonomy":"post_tag","embeddable":true,"href":"https:\/\/www.elsindical.com.ar\/notas\/wp-json\/wp\/v2\/tags?post=139746"}],"curies":[{"name":"wp","href":"https:\/\/api.w.org\/{rel}","templated":true}]}}