{"id":139703,"date":"2025-08-27T09:24:18","date_gmt":"2025-08-27T12:24:18","guid":{"rendered":"https:\/\/www.elsindical.com.ar\/notas\/?p=139703"},"modified":"2025-08-27T09:24:24","modified_gmt":"2025-08-27T12:24:24","slug":"la-oposicion-quiere-que-sturzenegger-de-explicaciones-por-la-andis-en-el-congreso","status":"publish","type":"post","link":"https:\/\/www.elsindical.com.ar\/notas\/la-oposicion-quiere-que-sturzenegger-de-explicaciones-por-la-andis-en-el-congreso\/","title":{"rendered":"La oposici\u00f3n quiere que Sturzenegger d\u00e9 explicaciones por la ANDIS en el Congreso"},"content":{"rendered":"<div class=\"wp-block-image\">\n<figure class=\"aligncenter size-full\"><a href=\"https:\/\/www.elsindical.com.ar\/notas\/var\/www\/html\/notas\/wp-content\/uploads\/2024\/06\/Sturzenegger-2024.jpg\"><img loading=\"lazy\" decoding=\"async\" width=\"700\" height=\"401\" src=\"https:\/\/www.elsindical.com.ar\/notas\/var\/www\/html\/notas\/wp-content\/uploads\/2024\/06\/Sturzenegger-2024.jpg\" alt=\"\" class=\"wp-image-130913\" srcset=\"https:\/\/www.elsindical.com.ar\/notas\/var\/www\/html\/notas\/wp-content\/uploads\/2024\/06\/Sturzenegger-2024.jpg 700w, https:\/\/www.elsindical.com.ar\/notas\/var\/www\/html\/notas\/wp-content\/uploads\/2024\/06\/Sturzenegger-2024-300x172.jpg 300w, https:\/\/www.elsindical.com.ar\/notas\/var\/www\/html\/notas\/wp-content\/uploads\/2024\/06\/Sturzenegger-2024-500x286.jpg 500w, https:\/\/www.elsindical.com.ar\/notas\/var\/www\/html\/notas\/wp-content\/uploads\/2024\/06\/Sturzenegger-2024-220x126.jpg 220w\" sizes=\"auto, (max-width: 700px) 100vw, 700px\" \/><\/a><\/figure>\n<\/div>\n\n\n<p>Desde el bloque de Uni\u00f3n por la Patria de la c\u00e1mara de Diputados presentaron un proyecto para citar al ministro Federico Sturzenegger para que de explicaciones sobre la ANDIS, hoy envuelta en el esc\u00e1ndalo.<\/p>\n\n\n\n<p>Desde el bloque de Uni\u00f3n por la Patria (UxP) presentaron un proyecto que solicita la <strong>citaci\u00f3n del ministro de Desregulaci\u00f3n y Transformaci\u00f3n del Estado, Federico Sturzenegger<\/strong>, tras la filtraci\u00f3n de audios en la Agencia Nacional de Discapacidad (ANDIS).<\/p>\n\n\n\n<p>El objetivo es que brinde explicaciones sobre su <strong>presunto pedido para reducir la cantidad de pensiones<\/strong> por discapacidad.<\/p>\n\n\n\n<p>De los audios se deprende que el ministro de Javier Milei habr\u00eda impulsado el <strong>cese de personal de auditor\u00eda interna<\/strong> -que pas\u00f3 de 16 a 5 integrantes- que deb\u00eda velar por la transparencia de la gesti\u00f3n, adem\u00e1s de presionar para disminuir la cantidad de pensiones.<\/p>\n\n\n\n<p>El diputado <strong>Eduardo Vald\u00e9s<\/strong> es la persona que est\u00e1 detr\u00e1s de la iniciativa y consider\u00f3 que estas decisiones empujadas por Sturzenegger habr\u00edan debilitado los mecanismos de control y facilitado maniobras de corrupci\u00f3n.<\/p>\n\n\n\n<p>El diputado peronista se\u00f1al\u00f3 que <strong>\u201cno se trata solo de un hecho de corrupci\u00f3n, sino de un ataque directo a los derechos de las personas con discapacidad\u201d<\/strong>. \u201cEstamos frente a un esc\u00e1ndalo institucional de enorme gravedad. La C\u00e1mara de Diputados tiene la obligaci\u00f3n de que el ministro rinda cuentas ante la sociedad\u201d, concluy\u00f3.<\/p>\n","protected":false},"excerpt":{"rendered":"<p>Desde el bloque de Uni\u00f3n por la Patria de la c\u00e1mara de Diputados presentaron un proyecto para citar al ministro Federico Sturzenegger para que de explicaciones sobre la ANDIS, hoy envuelta en el esc\u00e1ndalo. Desde el bloque de Uni\u00f3n por la Patria (UxP) presentaron un proyecto que solicita la citaci\u00f3n del ministro de Desregulaci\u00f3n y&hellip;<\/p>\n","protected":false},"author":1,"featured_media":130913,"comment_status":"open","ping_status":"open","sticky":false,"template":"","format":"standard","meta":{"footnotes":""},"categories":[13],"tags":[29706,86,2450,24384,28812],"class_list":["post-139703","post","type-post","status-publish","format-standard","has-post-thumbnail","hentry","category-politica","tag-andis","tag-congreso","tag-diario-el-sindical","tag-dr-adolfo-federico-sturzenegger","tag-javier-milei"],"_links":{"self":[{"href":"https:\/\/www.elsindical.com.ar\/notas\/wp-json\/wp\/v2\/posts\/139703","targetHints":{"allow":["GET"]}}],"collection":[{"href":"https:\/\/www.elsindical.com.ar\/notas\/wp-json\/wp\/v2\/posts"}],"about":[{"href":"https:\/\/www.elsindical.com.ar\/notas\/wp-json\/wp\/v2\/types\/post"}],"author":[{"embeddable":true,"href":"https:\/\/www.elsindical.com.ar\/notas\/wp-json\/wp\/v2\/users\/1"}],"replies":[{"embeddable":true,"href":"https:\/\/www.elsindical.com.ar\/notas\/wp-json\/wp\/v2\/comments?post=139703"}],"version-history":[{"count":1,"href":"https:\/\/www.elsindical.com.ar\/notas\/wp-json\/wp\/v2\/posts\/139703\/revisions"}],"predecessor-version":[{"id":139704,"href":"https:\/\/www.elsindical.com.ar\/notas\/wp-json\/wp\/v2\/posts\/139703\/revisions\/139704"}],"wp:featuredmedia":[{"embeddable":true,"href":"https:\/\/www.elsindical.com.ar\/notas\/wp-json\/wp\/v2\/media\/130913"}],"wp:attachment":[{"href":"https:\/\/www.elsindical.com.ar\/notas\/wp-json\/wp\/v2\/media?parent=139703"}],"wp:term":[{"taxonomy":"category","embeddable":true,"href":"https:\/\/www.elsindical.com.ar\/notas\/wp-json\/wp\/v2\/categories?post=139703"},{"taxonomy":"post_tag","embeddable":true,"href":"https:\/\/www.elsindical.com.ar\/notas\/wp-json\/wp\/v2\/tags?post=139703"}],"curies":[{"name":"wp","href":"https:\/\/api.w.org\/{rel}","templated":true}]}}