{"id":139698,"date":"2025-08-26T08:37:34","date_gmt":"2025-08-26T11:37:34","guid":{"rendered":"https:\/\/www.elsindical.com.ar\/notas\/?p=139698"},"modified":"2025-08-26T08:37:40","modified_gmt":"2025-08-26T11:37:40","slug":"la-ajb-acepto-el-aumento-del-5","status":"publish","type":"post","link":"https:\/\/www.elsindical.com.ar\/notas\/la-ajb-acepto-el-aumento-del-5\/","title":{"rendered":"La AJB acept\u00f3 el aumento del 5%"},"content":{"rendered":"\n<figure class=\"wp-block-image size-large\"><a href=\"https:\/\/www.elsindical.com.ar\/notas\/var\/www\/html\/notas\/wp-content\/uploads\/2022\/04\/Banner-Mail-AJB-2022.jpg\"><img loading=\"lazy\" decoding=\"async\" width=\"1024\" height=\"288\" src=\"https:\/\/www.elsindical.com.ar\/notas\/var\/www\/html\/notas\/wp-content\/uploads\/2022\/04\/Banner-Mail-AJB-2022-1024x288.jpg\" alt=\"\" class=\"wp-image-112668\" srcset=\"https:\/\/www.elsindical.com.ar\/notas\/var\/www\/html\/notas\/wp-content\/uploads\/2022\/04\/Banner-Mail-AJB-2022-1024x288.jpg 1024w, https:\/\/www.elsindical.com.ar\/notas\/var\/www\/html\/notas\/wp-content\/uploads\/2022\/04\/Banner-Mail-AJB-2022-300x85.jpg 300w, https:\/\/www.elsindical.com.ar\/notas\/var\/www\/html\/notas\/wp-content\/uploads\/2022\/04\/Banner-Mail-AJB-2022-768x216.jpg 768w, https:\/\/www.elsindical.com.ar\/notas\/var\/www\/html\/notas\/wp-content\/uploads\/2022\/04\/Banner-Mail-AJB-2022-500x141.jpg 500w, https:\/\/www.elsindical.com.ar\/notas\/var\/www\/html\/notas\/wp-content\/uploads\/2022\/04\/Banner-Mail-AJB-2022.jpg 1200w\" sizes=\"auto, (max-width: 1024px) 100vw, 1024px\" \/><\/a><\/figure>\n\n\n\n<p>La AJB, gremio que nuclea a los trabajadores judiciales de la Provincia, acept\u00f3 \u00abpor amplia mayor\u00eda\u00bb el aumento del 5% en dos tramos.<\/p>\n\n\n\n<p><strong>La Asociaci\u00f3n Judicial Bonaerense (AJB) acept\u00f3 por amplia mayor\u00eda la propuesta del gobierno de la Provincia<\/strong>: un aumento del 5% en dos tramos y reanudaci\u00f3n de la discusi\u00f3n en octubre.<\/p>\n\n\n\n<p>El lunes se desarrollaron las asambleas presenciales en las 20 departamentales de la provincia, convocadas por la conducci\u00f3n provincial de la AJB.<\/p>\n\n\n\n<p>\u201cCon una importante participaci\u00f3n de compa\u00f1eros y compa\u00f1eras, se puso en consideraci\u00f3n la propuesta salarial del Poder Ejecutivo para este tramo de la Paritaria\u201d, inform\u00f3 el gremio. <strong>\u201cPor amplia mayor\u00eda\u201d, se acept\u00f3 la oferta.<\/strong><\/p>\n\n\n\n<p><strong>Consiste en un 5% de incremento a abonar en dos tramos<\/strong>: 2,5% con el pago del sueldo de agosto y 2,5% con el pago del sueldo de octubre, aplicable sobre la base de c\u00e1lculo del mes de julio.<\/p>\n\n\n\n<p>\u201cPor la aceptaci\u00f3n de la propuesta se expresaron: La Plata, San Mart\u00edn, Necochea, <strong>Lomas de Zamora<\/strong>, Quilmes, La Matanza, Mar del Plata, San Isidro, <strong>Avellaneda-Lan\u00fas<\/strong>, Z\u00e1rate Campana, Trenque Lauquen, Pergamino, Bah\u00eda Blanca, Mor\u00f3n, Mercedes y Azul. Por el rechazo: Dolores, Moreno Rodr\u00edguez, San Nicol\u00e1s y Jun\u00edn\u201d, inform\u00f3 la AJB.<\/p>\n\n\n\n<p>Seg\u00fan la propuesta, se define una <strong>instancia de revisi\u00f3n de inflaci\u00f3n durante septiembre<\/strong>, con una cl\u00e1usula gatillo, y la <strong>reapertura de la negociaci\u00f3n en octubre<\/strong>.<\/p>\n","protected":false},"excerpt":{"rendered":"<p>La AJB, gremio que nuclea a los trabajadores judiciales de la Provincia, acept\u00f3 \u00abpor amplia mayor\u00eda\u00bb el aumento del 5% en dos tramos. La Asociaci\u00f3n Judicial Bonaerense (AJB) acept\u00f3 por amplia mayor\u00eda la propuesta del gobierno de la Provincia: un aumento del 5% en dos tramos y reanudaci\u00f3n de la discusi\u00f3n en octubre. El lunes&hellip;<\/p>\n","protected":false},"author":1,"featured_media":112668,"comment_status":"open","ping_status":"open","sticky":false,"template":"","format":"standard","meta":{"footnotes":""},"categories":[9,16],"tags":[4626,3221,2450,22023,4460,1466],"class_list":["post-139698","post","type-post","status-publish","format-standard","has-post-thumbnail","hentry","category-economia","category-gremiales","tag-ajb","tag-aumento-salarial","tag-diario-el-sindical","tag-economia","tag-paritaria","tag-provincia-de-buenos-aires"],"_links":{"self":[{"href":"https:\/\/www.elsindical.com.ar\/notas\/wp-json\/wp\/v2\/posts\/139698","targetHints":{"allow":["GET"]}}],"collection":[{"href":"https:\/\/www.elsindical.com.ar\/notas\/wp-json\/wp\/v2\/posts"}],"about":[{"href":"https:\/\/www.elsindical.com.ar\/notas\/wp-json\/wp\/v2\/types\/post"}],"author":[{"embeddable":true,"href":"https:\/\/www.elsindical.com.ar\/notas\/wp-json\/wp\/v2\/users\/1"}],"replies":[{"embeddable":true,"href":"https:\/\/www.elsindical.com.ar\/notas\/wp-json\/wp\/v2\/comments?post=139698"}],"version-history":[{"count":1,"href":"https:\/\/www.elsindical.com.ar\/notas\/wp-json\/wp\/v2\/posts\/139698\/revisions"}],"predecessor-version":[{"id":139699,"href":"https:\/\/www.elsindical.com.ar\/notas\/wp-json\/wp\/v2\/posts\/139698\/revisions\/139699"}],"wp:featuredmedia":[{"embeddable":true,"href":"https:\/\/www.elsindical.com.ar\/notas\/wp-json\/wp\/v2\/media\/112668"}],"wp:attachment":[{"href":"https:\/\/www.elsindical.com.ar\/notas\/wp-json\/wp\/v2\/media?parent=139698"}],"wp:term":[{"taxonomy":"category","embeddable":true,"href":"https:\/\/www.elsindical.com.ar\/notas\/wp-json\/wp\/v2\/categories?post=139698"},{"taxonomy":"post_tag","embeddable":true,"href":"https:\/\/www.elsindical.com.ar\/notas\/wp-json\/wp\/v2\/tags?post=139698"}],"curies":[{"name":"wp","href":"https:\/\/api.w.org\/{rel}","templated":true}]}}