{"id":139657,"date":"2025-08-24T12:41:27","date_gmt":"2025-08-24T15:41:27","guid":{"rendered":"https:\/\/www.elsindical.com.ar\/notas\/?p=139657"},"modified":"2025-08-24T13:00:04","modified_gmt":"2025-08-24T16:00:04","slug":"pinamar-justicia-por-fausto-y-los-billetes-con-sangre-de-la-corrupcion","status":"publish","type":"post","link":"https:\/\/www.elsindical.com.ar\/notas\/pinamar-justicia-por-fausto-y-los-billetes-con-sangre-de-la-corrupcion\/","title":{"rendered":"Pinamar: Justicia por Fausto y los billetes con sangre de la corrupci\u00f3n"},"content":{"rendered":"<div class=\"wp-block-image\">\n<figure class=\"aligncenter size-large\"><a href=\"https:\/\/www.elsindical.com.ar\/notas\/var\/www\/html\/notas\/wp-content\/uploads\/2025\/08\/Pinamar-carteleria-campana-agosto-2025-2.jpg\"><img loading=\"lazy\" decoding=\"async\" width=\"576\" height=\"1024\" src=\"https:\/\/www.elsindical.com.ar\/notas\/var\/www\/html\/notas\/wp-content\/uploads\/2025\/08\/Pinamar-carteleria-campana-agosto-2025-2-576x1024.jpg\" alt=\"\" class=\"wp-image-139658\" srcset=\"https:\/\/www.elsindical.com.ar\/notas\/var\/www\/html\/notas\/wp-content\/uploads\/2025\/08\/Pinamar-carteleria-campana-agosto-2025-2-576x1024.jpg 576w, https:\/\/www.elsindical.com.ar\/notas\/var\/www\/html\/notas\/wp-content\/uploads\/2025\/08\/Pinamar-carteleria-campana-agosto-2025-2-169x300.jpg 169w, https:\/\/www.elsindical.com.ar\/notas\/var\/www\/html\/notas\/wp-content\/uploads\/2025\/08\/Pinamar-carteleria-campana-agosto-2025-2.jpg 720w\" sizes=\"auto, (max-width: 576px) 100vw, 576px\" \/><\/a><\/figure>\n<\/div>\n\n\n<p>   El pedido de Justicia por Fausto, tiene ya m\u00e1s de 2 a\u00f1os de un reclamo genuino que con los meses, los involucrados en el caso han trabajado e invertido millones en descalificar, porque no son solo los imputados los que est\u00e1n manchados con la sangre de Fausto y otros obreros de la construcci\u00f3n, sino que hay muchos que curiosamente la justicia ni siquiera los cit\u00f3 a declarar.<\/p>\n\n\n\n<p>Nadie pens\u00f3 que personajes dedicados a vivir y enriquecerse al filo de la Ley aceptar\u00edan reconocer su culpabilidad y mucho menos que pensar\u00e1n en la familia de Fausto, porque si bien la cara visible es su madre Carina Zabala, Fausto tiene una familia m\u00e1s amplia a la que le falta su presencia.<\/p>\n\n\n\n<p>Los \u00abamigos y socios\u00bb del poder, han preferido ir por el camino de la \u00abcorrecci\u00f3n\u00bb a quien se anim\u00f3 a mostrar que el accidente en realidad es un acto grabe de negligencia y como tal, los imputados y los involucrados deber\u00edan responder judicialmente por el resultado MUERTE de su negligencia, conducta criminal que no fue fortuita, cuando la metodolog\u00eda de trabajo es la de hacer que los obreros trabajen sin los elementos m\u00ednimos de seguridad.<\/p>\n\n\n\n<p>El mismo CARADURA de Iv\u00e1n Renkine que junto a su nefasto socio Gustavo Gabriel Mari, eligieron como estrategia acosar judicialmente a la madre que pide justicia, ha realizado declaraciones irrespetuosas y se ha grabado en vivos donde se victimiza, \u00e9l que no perdi\u00f3 a nadie y ensucia el honor de una madre que tiene todo el derecho a reclamar justicia, le guste y le moleste a quien sea.<\/p>\n\n\n\n<p>Con el paso del tiempo algunas cosas quedan bien claras, en Pinamar, m\u00e1s que en otros lugares, el dinero impone la realidad, as\u00ed los vecinos que no forman parte del \u00e1mbito de poder son potenciales v\u00edctimas de los abusos y excesos de los due\u00f1os de un pueblo que lo venden muy bien con la publicidad de sus emprendimientos y lugares para relajarse, mientras esos mismos que promueven el Yoga y la relajaci\u00f3n, demuestran sin escr\u00fapulos su falta de empat\u00eda con los familiares de v\u00edctimas.<\/p>\n\n\n\n<p>Entre esos promotores de distinguirse del vecino com\u00fan, ese que trabaja, est\u00e1n los que se dicen periodistas y los medios locales que viven de la pauta oficial, principalmente del municipio donde reciben millones mensualmente mucho m\u00e1s que lo que pagan municipios con m\u00e1s recursos.<\/p>\n\n\n\n<p>As\u00ed el \u00fanico apoyo posible es el del resto de los vecinos, porque est\u00e1n en manos de pol\u00edticos corruptos, funcionarios judiciales que toman medidas judiciales de dudosa legalidad y otros que demoran la instrucci\u00f3n de las causas lo que termina beneficiando a los imputados que esperan tranquilos llegar a un juicio oral con pocos elementos en su contra, hay muchos que deber\u00edan explicar las demoras en esta causa tan dolorosa y sencilla de resolver.<\/p>\n\n\n<div class=\"wp-block-image\">\n<figure class=\"aligncenter size-large\"><a href=\"https:\/\/www.elsindical.com.ar\/notas\/var\/www\/html\/notas\/wp-content\/uploads\/2025\/08\/Pinamar-carteleria-campana-agosto-2025-1.jpg\"><img loading=\"lazy\" decoding=\"async\" width=\"576\" height=\"1024\" src=\"https:\/\/www.elsindical.com.ar\/notas\/var\/www\/html\/notas\/wp-content\/uploads\/2025\/08\/Pinamar-carteleria-campana-agosto-2025-1-576x1024.jpg\" alt=\"\" class=\"wp-image-139659\" srcset=\"https:\/\/www.elsindical.com.ar\/notas\/var\/www\/html\/notas\/wp-content\/uploads\/2025\/08\/Pinamar-carteleria-campana-agosto-2025-1-576x1024.jpg 576w, https:\/\/www.elsindical.com.ar\/notas\/var\/www\/html\/notas\/wp-content\/uploads\/2025\/08\/Pinamar-carteleria-campana-agosto-2025-1-169x300.jpg 169w, https:\/\/www.elsindical.com.ar\/notas\/var\/www\/html\/notas\/wp-content\/uploads\/2025\/08\/Pinamar-carteleria-campana-agosto-2025-1-768x1365.jpg 768w, https:\/\/www.elsindical.com.ar\/notas\/var\/www\/html\/notas\/wp-content\/uploads\/2025\/08\/Pinamar-carteleria-campana-agosto-2025-1-864x1536.jpg 864w, https:\/\/www.elsindical.com.ar\/notas\/var\/www\/html\/notas\/wp-content\/uploads\/2025\/08\/Pinamar-carteleria-campana-agosto-2025-1.jpg 1152w\" sizes=\"auto, (max-width: 576px) 100vw, 576px\" \/><\/a><\/figure>\n<\/div>\n\n\n<p>Otro sirenazo de Carina Zabala donde muri\u00f3 su hijo, esta vez rodeada de carteles publicitarios que tienen a pol\u00edticos en campa\u00f1a, as\u00ed pintados, siendo bien representados en esos fotos donde son testigos mudos de la impunidad, seguramente porque es en estos meses donde todo se relaja y solo es importante el APORTE de los empresarios para la pol\u00edtica.<\/p>\n\n\n\n<p>Hoy m\u00e1s que nunca Justicia por Fausto.<\/p>\n\n\n\n<figure class=\"wp-block-embed is-type-video is-provider-youtube wp-block-embed-youtube wp-embed-aspect-16-9 wp-has-aspect-ratio\"><div class=\"wp-block-embed__wrapper\">\n<iframe loading=\"lazy\" title=\"Pinamar donde el dinero compra IMPUNIDAD\" width=\"700\" height=\"394\" src=\"https:\/\/www.youtube.com\/embed\/HFM_NnGmf8I?feature=oembed\" frameborder=\"0\" allow=\"accelerometer; autoplay; clipboard-write; encrypted-media; gyroscope; picture-in-picture; web-share\" referrerpolicy=\"strict-origin-when-cross-origin\" allowfullscreen><\/iframe>\n<\/div><\/figure>\n\n\n\n<p>Por Marcelo Ricardo Hawrylciw<\/p>\n","protected":false},"excerpt":{"rendered":"<p>El pedido de Justicia por Fausto, tiene ya m\u00e1s de 2 a\u00f1os de un reclamo genuino que con los meses, los involucrados en el caso han trabajado e invertido millones en descalificar, porque no son solo los imputados los que est\u00e1n manchados con la sangre de Fausto y otros obreros de la construcci\u00f3n, sino que&hellip;<\/p>\n","protected":false},"author":1,"featured_media":139658,"comment_status":"open","ping_status":"open","sticky":false,"template":"","format":"standard","meta":{"footnotes":""},"categories":[10,13,25],"tags":[44666,1451,2450,44726,44665,44736,44667,44811,44708,45627,40383,1516],"class_list":["post-139657","post","type-post","status-publish","format-standard","has-post-thumbnail","hentry","category-editorial","category-politica","category-sociedad","tag-carina-zabala","tag-corrupcion","tag-diario-el-sindical","tag-edificio-positive-tower","tag-fausto-maldonado","tag-gustavo-gabriel-mari","tag-ivan-renkine","tag-juan-manuel-ibarguren","tag-justicia-por-fausto","tag-martin-rapallino","tag-medios-locales","tag-pinamar"],"_links":{"self":[{"href":"https:\/\/www.elsindical.com.ar\/notas\/wp-json\/wp\/v2\/posts\/139657","targetHints":{"allow":["GET"]}}],"collection":[{"href":"https:\/\/www.elsindical.com.ar\/notas\/wp-json\/wp\/v2\/posts"}],"about":[{"href":"https:\/\/www.elsindical.com.ar\/notas\/wp-json\/wp\/v2\/types\/post"}],"author":[{"embeddable":true,"href":"https:\/\/www.elsindical.com.ar\/notas\/wp-json\/wp\/v2\/users\/1"}],"replies":[{"embeddable":true,"href":"https:\/\/www.elsindical.com.ar\/notas\/wp-json\/wp\/v2\/comments?post=139657"}],"version-history":[{"count":2,"href":"https:\/\/www.elsindical.com.ar\/notas\/wp-json\/wp\/v2\/posts\/139657\/revisions"}],"predecessor-version":[{"id":139661,"href":"https:\/\/www.elsindical.com.ar\/notas\/wp-json\/wp\/v2\/posts\/139657\/revisions\/139661"}],"wp:featuredmedia":[{"embeddable":true,"href":"https:\/\/www.elsindical.com.ar\/notas\/wp-json\/wp\/v2\/media\/139658"}],"wp:attachment":[{"href":"https:\/\/www.elsindical.com.ar\/notas\/wp-json\/wp\/v2\/media?parent=139657"}],"wp:term":[{"taxonomy":"category","embeddable":true,"href":"https:\/\/www.elsindical.com.ar\/notas\/wp-json\/wp\/v2\/categories?post=139657"},{"taxonomy":"post_tag","embeddable":true,"href":"https:\/\/www.elsindical.com.ar\/notas\/wp-json\/wp\/v2\/tags?post=139657"}],"curies":[{"name":"wp","href":"https:\/\/api.w.org\/{rel}","templated":true}]}}