{"id":139651,"date":"2025-08-24T11:55:46","date_gmt":"2025-08-24T14:55:46","guid":{"rendered":"https:\/\/www.elsindical.com.ar\/notas\/?p=139651"},"modified":"2025-08-24T11:55:52","modified_gmt":"2025-08-24T14:55:52","slug":"el-arte-de-vivir-lanza-la-semana-de-la-solidaridad-en-todo-el-pais","status":"publish","type":"post","link":"https:\/\/www.elsindical.com.ar\/notas\/el-arte-de-vivir-lanza-la-semana-de-la-solidaridad-en-todo-el-pais\/","title":{"rendered":"El Arte de Vivir lanza la Semana de la Solidaridad en todo el pa\u00eds"},"content":{"rendered":"\n<figure class=\"wp-block-image size-full\"><a href=\"https:\/\/www.elsindical.com.ar\/notas\/var\/www\/html\/notas\/wp-content\/uploads\/2025\/08\/Comedor-Mi-Sueno-en-Tierras-Altas-Tortuguitas.jpg\"><img loading=\"lazy\" decoding=\"async\" width=\"936\" height=\"696\" src=\"https:\/\/www.elsindical.com.ar\/notas\/var\/www\/html\/notas\/wp-content\/uploads\/2025\/08\/Comedor-Mi-Sueno-en-Tierras-Altas-Tortuguitas.jpg\" alt=\"\" class=\"wp-image-139652\" srcset=\"https:\/\/www.elsindical.com.ar\/notas\/var\/www\/html\/notas\/wp-content\/uploads\/2025\/08\/Comedor-Mi-Sueno-en-Tierras-Altas-Tortuguitas.jpg 936w, https:\/\/www.elsindical.com.ar\/notas\/var\/www\/html\/notas\/wp-content\/uploads\/2025\/08\/Comedor-Mi-Sueno-en-Tierras-Altas-Tortuguitas-300x223.jpg 300w, https:\/\/www.elsindical.com.ar\/notas\/var\/www\/html\/notas\/wp-content\/uploads\/2025\/08\/Comedor-Mi-Sueno-en-Tierras-Altas-Tortuguitas-768x571.jpg 768w\" sizes=\"auto, (max-width: 936px) 100vw, 936px\" \/><\/a><\/figure>\n\n\n\n<p><em>Desde el 26 de agosto, fecha en que se conmemora el nacimiento de la Madre Teresa de Calcuta, la Fundaci\u00f3n El Arte de Vivir inicia la Semana de la Solidaridad con un programa de tres d\u00edas de respiraci\u00f3n, yoga y meditaci\u00f3n orientados a comunidades en situaci\u00f3n de vulnerabilidad. Habr\u00e1 actividades en AMBA y en distintos lugares del pa\u00eds como Mendoza y Tucum\u00e1n, con inscripci\u00f3n previa y gratuita.<\/em><\/p>\n\n\n\n<p>La Fundaci\u00f3n El Arte de Vivir inicia el pr\u00f3ximo <strong>26 de agosto la Semana de la Solidaridad<\/strong>, una propuesta abierta a la comunidad que busca acercar herramientas de bienestar a sectores en <strong>situaci\u00f3n de vulnerabilidad<\/strong>. La actividad se desarrollar\u00e1 en el marco de la conmemoraci\u00f3n del nacimiento de la Madre Teresa de Calcuta, quien dedic\u00f3 su vida al servicio de los m\u00e1s necesitados.<\/p>\n\n\n<div class=\"wp-block-image\">\n<figure class=\"aligncenter size-full\"><a href=\"https:\/\/www.elsindical.com.ar\/notas\/var\/www\/html\/notas\/wp-content\/uploads\/2025\/08\/MAdre-Teresa-de-Calcuta.jpg\"><img loading=\"lazy\" decoding=\"async\" width=\"426\" height=\"604\" src=\"https:\/\/www.elsindical.com.ar\/notas\/var\/www\/html\/notas\/wp-content\/uploads\/2025\/08\/MAdre-Teresa-de-Calcuta.jpg\" alt=\"\" class=\"wp-image-139653\" srcset=\"https:\/\/www.elsindical.com.ar\/notas\/var\/www\/html\/notas\/wp-content\/uploads\/2025\/08\/MAdre-Teresa-de-Calcuta.jpg 426w, https:\/\/www.elsindical.com.ar\/notas\/var\/www\/html\/notas\/wp-content\/uploads\/2025\/08\/MAdre-Teresa-de-Calcuta-212x300.jpg 212w\" sizes=\"auto, (max-width: 426px) 100vw, 426px\" \/><\/a><\/figure>\n<\/div>\n\n\n<p>En el marco de estas jornadas, los voluntarios de<strong> El Arte de Vivir<\/strong> inspiran su tarea solidaria en \u00edconos del servicio a nivel mundial, como la madre Teresa y <strong>Ravi Shankar<\/strong>, gur\u00fa indio, l\u00edder humanitario y embajador de paz, quien en 1981 fund\u00f3 la organizaci\u00f3n humanitaria El Arte de Vivir.<\/p>\n\n\n\n<p>\u201cAs\u00ed como la Madre Teresa se hizo responsable de cada vez m\u00e1s personas, hasta formar su propio leprosario y as\u00ed continuar y expandir su obra ben\u00e9fica, <strong>Ravi Shankar <\/strong>sinti\u00f3 la necesidad de encargarse del orfanato que estaba frente a su casa, al que transform\u00f3 en una escuela. Para nosotros son ejemplos de solidaridad y de servicio y de poder estar al servicio del otro en todo momento\u201d, destac\u00f3 Luciana Marro, instructora de El Arte de Vivir Quilmes y coordinadora de RAS en Argentina.<\/p>\n\n\n\n<p>Durante la semana se dictar\u00e1n cursos del <strong>programa RAS (Respiraci\u00f3n, Agua y Sonido)<\/strong>, un espacio de tres d\u00edas de yoga, respiraci\u00f3n y meditaci\u00f3n especialmente orientado a comunidades que atraviesan contextos de vulnerabilidad social.<\/p>\n\n\n\n<p>Las actividades se desarrollar\u00e1n en sectores vulnerables del <strong>\u00c1rea Metropolitana de Buenos Aires<\/strong> como la Villa Itat\u00ed y el Barrio Azul de Quilmes, en Retiro en el Barrio Sald\u00edas, o la Villa La Cava en San Isidro y en el interior del pa\u00eds, con sedes en <strong>Mendoza y Tucum\u00e1n<\/strong>. La participaci\u00f3n es gratuita, con inscripci\u00f3n previa y cupos limitados.<\/p>\n\n\n\n<h3 class=\"wp-block-heading\"><strong>Un programa para el bienestar comunitario<\/strong><\/h3>\n\n\n\n<p><a><\/a> El curso <strong>RAS<\/strong> es un programa simple y accesible que integra t\u00e9cnicas de yoga, respiraci\u00f3n y meditaci\u00f3n. Su prop\u00f3sito es brindar herramientas que permitan fortalecer la autoestima, recuperar la calma y alcanzar un mayor equilibrio interno.<\/p>\n\n\n\n<p>Est\u00e1 especialmente dise\u00f1ado para grupos que atraviesan diferentes contextos de <strong>vulnerabilidad,<\/strong> como barrios de emergencia, c\u00e1rceles, escuelas rurales, hogares de adultos mayores, centros de tratamiento de adicciones y comunidades afectadas por cat\u00e1strofes naturales.<\/p>\n\n\n\n<p><strong>Luciana Marro <\/strong>destac\u00f3 que ya \u201chay cursos confirmados en Quilmes, en Mendoza, en Tucum\u00e1n (all\u00ed se desarrollar\u00e1 en el cuartel de bomberos de Taf\u00ed del Valle, que estuvo asistiendo en los incendios recientes)\u201d.<\/p>\n\n\n\n<h3 class=\"wp-block-heading\"><strong>La transformaci\u00f3n de las personas para tener una vida con mayor fortaleza<\/strong><\/h3>\n\n\n\n<p><a><\/a> El programa ya ha sido implementado en distintas instituciones del pa\u00eds con resultados positivos. Esto se pudo apreciar tanto en adultos mayores, de mediana edad y tambi\u00e9n en ni\u00f1os y adolescentes. Una experiencia desarrollada en el comedor Todo por los Chicos, del Barrio Villa Itat\u00ed de Quilmes, demostr\u00f3 que la calidad de vida de los chicos se modific\u00f3, no s\u00f3lo en el v\u00ednculo familiar sino tambi\u00e9n en que adoptaron herramientas para<strong> no responder con violencia<\/strong> y as\u00ed mejorar el v\u00ednculo con sus pares.<\/p>\n\n\n\n<p>\u201cDesde que los chicos tomaron el curso y luego tuvieron sus encuentros de seguimiento con los voluntarios de la Fundaci\u00f3n El Arte de Vivir, los padres notaron muchas<strong> mejoras en el v\u00ednculo con sus compa\u00f1eros <\/strong>y en su desempe\u00f1o en la escuela, ya que ahora se animan a pasar al frente y hablar frente a otros y a relacionarse mejor\u201d, se\u00f1al\u00f3 Axel, representante del comedor.<\/p>\n\n\n\n<p>Luciana Marro habl\u00f3 del <strong>objetivo del programa RAS <\/strong>y enfatiz\u00f3 que apunta a \u201cuna transformaci\u00f3n importante que se produce en las personas porque no solo se ense\u00f1an t\u00e9cnicas de yoga, sino que tambi\u00e9n se ense\u00f1an t\u00e9cnicas de respiraci\u00f3n y meditaci\u00f3n que permiten gestionar las emociones, especialmente cuando se est\u00e1 ante una situaci\u00f3n de estr\u00e9s o de mucha vulnerabilidad.<\/p>\n\n\n\n<p>\u201cUn claro ejemplo de esto ocurri\u00f3 en Mendoza, durante el \u00faltimo RAS que hicimos en Uspallata. Una se\u00f1ora nos comentaba que sufr\u00eda una situaci\u00f3n de violencia intrafamiliar y que cuando alguien la increpaba o le gritaba, se pon\u00eda llorar y ahora ten\u00eda las herramientas para responder ante esto.<\/p>\n\n\n\n<p>Otro caso interesante es el que se dio luego de los cursos que se dieron en diferentes c\u00e1rceles y que deriv\u00f3 en que dos reclusos (uno de Mendoza y otro de Buenos Aires) decidieron tomar la decisi\u00f3n de iniciar el curso de <strong>instructores de yoga<\/strong> de El Arte de Vivir, lo que les modific\u00f3 la vida tanto a ellos como a sus compa\u00f1eros.<\/p>\n\n\n\n<p>\u201cEs<strong> muy fuerte y muy lindo <\/strong>el caso de estos chicos que se hicieron profesores de yoga despu\u00e9s de las experiencias que tuvieron con El Arte de Vivir en las c\u00e1rceles y pudieron contribuir en algo positivo dentro sus propias comunidades\u201d, a\u00f1adi\u00f3.<\/p>\n\n\n\n<p>Marro destac\u00f3 que \u201cestas herramientas que se brindan sirven para poder enfrentar los <strong>desaf\u00edos de la vida cotidiana <\/strong>y el estr\u00e9s con mucha m\u00e1s fortaleza, con mucha m\u00e1s calma, con mucha m\u00e1s ecuanimidad\u00bb y remarc\u00f3 que \u201ceso se pueden observar tanto en los m\u00e1s grandes como en los chicos\u201d.<\/p>\n\n\n\n<p>\u201cEn el Barrio Azul de Quilmes trabajamos con las<strong> nenas de un equipo de f\u00fatbol.<\/strong> Y nuestros referentes notaron c\u00f3mo ellas empezaron a pelear menos en la cancha. Se ven cambios muy significativos y empiezan a incorporar otras herramientas para responder ante situaciones desafiantes de la vida\u201d, a\u00f1adi\u00f3.<\/p>\n\n\n\n<h3 class=\"wp-block-heading\"><strong>Convocatoria a voluntarios y organizaciones<\/strong><\/h3>\n\n\n\n<p><a><\/a> La <strong>Semana de la Solidaridad<\/strong> busca reunir esfuerzos entre voluntarios, organizaciones sociales y medios de comunicaci\u00f3n para acercar estas herramientas a la mayor cantidad posible de personas. Durante la semana se realizar\u00e1n cursos y actividades en articulaci\u00f3n con instituciones locales.<\/p>\n\n\n\n<p>\u201cLos cursos RAS generan <strong>transformaciones muy profundas <\/strong>en las personas que incorporan herramientas para responder ante las mismas situaciones de la vida pero con mayor fortaleza, con mayor autoestima. Estos cursos empoderan a las personas para poder responder de una manera m\u00e1s positiva ante las dif\u00edciles situaciones de la vida\u201d, concluy\u00f3 Marro.<\/p>\n\n\n\n<figure class=\"wp-block-gallery has-nested-images columns-default is-cropped wp-block-gallery-1 is-layout-flex wp-block-gallery-is-layout-flex\">\n<figure class=\"wp-block-image size-large\"><a href=\"https:\/\/www.elsindical.com.ar\/notas\/var\/www\/html\/notas\/wp-content\/uploads\/2025\/08\/Comedor-Medalla-Milagrosa-en-Monte-Matadero-Quilmes.jpg\"><img loading=\"lazy\" decoding=\"async\" width=\"519\" height=\"680\" data-id=\"139655\" src=\"https:\/\/www.elsindical.com.ar\/notas\/var\/www\/html\/notas\/wp-content\/uploads\/2025\/08\/Comedor-Medalla-Milagrosa-en-Monte-Matadero-Quilmes.jpg\" alt=\"\" class=\"wp-image-139655\" srcset=\"https:\/\/www.elsindical.com.ar\/notas\/var\/www\/html\/notas\/wp-content\/uploads\/2025\/08\/Comedor-Medalla-Milagrosa-en-Monte-Matadero-Quilmes.jpg 519w, https:\/\/www.elsindical.com.ar\/notas\/var\/www\/html\/notas\/wp-content\/uploads\/2025\/08\/Comedor-Medalla-Milagrosa-en-Monte-Matadero-Quilmes-229x300.jpg 229w\" sizes=\"auto, (max-width: 519px) 100vw, 519px\" \/><\/a><\/figure>\n\n\n\n<figure class=\"wp-block-image size-large\"><a href=\"https:\/\/www.elsindical.com.ar\/notas\/var\/www\/html\/notas\/wp-content\/uploads\/2025\/08\/Instructores-RAS.jpg\"><img loading=\"lazy\" decoding=\"async\" width=\"767\" height=\"1024\" data-id=\"139654\" src=\"https:\/\/www.elsindical.com.ar\/notas\/var\/www\/html\/notas\/wp-content\/uploads\/2025\/08\/Instructores-RAS-767x1024.jpg\" alt=\"\" class=\"wp-image-139654\" srcset=\"https:\/\/www.elsindical.com.ar\/notas\/var\/www\/html\/notas\/wp-content\/uploads\/2025\/08\/Instructores-RAS-767x1024.jpg 767w, https:\/\/www.elsindical.com.ar\/notas\/var\/www\/html\/notas\/wp-content\/uploads\/2025\/08\/Instructores-RAS-225x300.jpg 225w, https:\/\/www.elsindical.com.ar\/notas\/var\/www\/html\/notas\/wp-content\/uploads\/2025\/08\/Instructores-RAS-768x1025.jpg 768w, https:\/\/www.elsindical.com.ar\/notas\/var\/www\/html\/notas\/wp-content\/uploads\/2025\/08\/Instructores-RAS.jpg 959w\" sizes=\"auto, (max-width: 767px) 100vw, 767px\" \/><\/a><\/figure>\n<\/figure>\n\n\n\n<h3 class=\"wp-block-heading\"><strong>C\u00f3mo inscribirse o colaborar<\/strong><\/h3>\n\n\n\n<p><a><\/a>Las personas interesadas en colaborar o recibir m\u00e1s informaci\u00f3n pueden contactar con la organizaci\u00f3n a trav\u00e9s del mail <a href=\"mailto:RAS@elartedevivir.org\"><strong>RAS@elartedevivir.org<\/strong><\/a> o mediante el perfil de Instagram <strong>@ong_elartedevivir<\/strong>.<\/p>\n\n\n\n<p><strong>Para m\u00e1s informaci\u00f3n: <\/strong><strong>https:\/\/www.artofliving.org\/ar-es<\/strong><\/p>\n\n\n\n<p><strong>Acerca de El Arte de Vivir<\/strong><strong>: <\/strong><em><strong>El Arte de Vivir, una organizaci\u00f3n global presente en m\u00e1s de 180 pa\u00edses, se dedica a la ense\u00f1anza de yoga, meditaci\u00f3n y t\u00e9cnicas de respiraci\u00f3n consciente desde 1982 por Gurudev Sri Sri Ravi Shankar.<\/strong><\/em><\/p>\n","protected":false},"excerpt":{"rendered":"<p>Desde el 26 de agosto, fecha en que se conmemora el nacimiento de la Madre Teresa de Calcuta, la Fundaci\u00f3n El Arte de Vivir inicia la Semana de la Solidaridad con un programa de tres d\u00edas de respiraci\u00f3n, yoga y meditaci\u00f3n orientados a comunidades en situaci\u00f3n de vulnerabilidad. Habr\u00e1 actividades en AMBA y en distintos&hellip;<\/p>\n","protected":false},"author":1,"featured_media":139652,"comment_status":"open","ping_status":"open","sticky":false,"template":"","format":"standard","meta":{"footnotes":""},"categories":[26],"tags":[2450,45770,9381,45771],"class_list":["post-139651","post","type-post","status-publish","format-standard","has-post-thumbnail","hentry","category-solidaridad","tag-diario-el-sindical","tag-el-arte-de-vivir","tag-madre-teresa-de-calcuta","tag-semana-de-la-solidaridad"],"_links":{"self":[{"href":"https:\/\/www.elsindical.com.ar\/notas\/wp-json\/wp\/v2\/posts\/139651","targetHints":{"allow":["GET"]}}],"collection":[{"href":"https:\/\/www.elsindical.com.ar\/notas\/wp-json\/wp\/v2\/posts"}],"about":[{"href":"https:\/\/www.elsindical.com.ar\/notas\/wp-json\/wp\/v2\/types\/post"}],"author":[{"embeddable":true,"href":"https:\/\/www.elsindical.com.ar\/notas\/wp-json\/wp\/v2\/users\/1"}],"replies":[{"embeddable":true,"href":"https:\/\/www.elsindical.com.ar\/notas\/wp-json\/wp\/v2\/comments?post=139651"}],"version-history":[{"count":1,"href":"https:\/\/www.elsindical.com.ar\/notas\/wp-json\/wp\/v2\/posts\/139651\/revisions"}],"predecessor-version":[{"id":139656,"href":"https:\/\/www.elsindical.com.ar\/notas\/wp-json\/wp\/v2\/posts\/139651\/revisions\/139656"}],"wp:featuredmedia":[{"embeddable":true,"href":"https:\/\/www.elsindical.com.ar\/notas\/wp-json\/wp\/v2\/media\/139652"}],"wp:attachment":[{"href":"https:\/\/www.elsindical.com.ar\/notas\/wp-json\/wp\/v2\/media?parent=139651"}],"wp:term":[{"taxonomy":"category","embeddable":true,"href":"https:\/\/www.elsindical.com.ar\/notas\/wp-json\/wp\/v2\/categories?post=139651"},{"taxonomy":"post_tag","embeddable":true,"href":"https:\/\/www.elsindical.com.ar\/notas\/wp-json\/wp\/v2\/tags?post=139651"}],"curies":[{"name":"wp","href":"https:\/\/api.w.org\/{rel}","templated":true}]}}