{"id":139648,"date":"2025-08-24T11:45:33","date_gmt":"2025-08-24T14:45:33","guid":{"rendered":"https:\/\/www.elsindical.com.ar\/notas\/?p=139648"},"modified":"2025-08-24T11:45:39","modified_gmt":"2025-08-24T14:45:39","slug":"el-socialismo-democraticopor-un-frente-patriotico-y-democratico-social-en-argentina","status":"publish","type":"post","link":"https:\/\/www.elsindical.com.ar\/notas\/el-socialismo-democraticopor-un-frente-patriotico-y-democratico-social-en-argentina\/","title":{"rendered":"\u00abEl Socialismo Democr\u00e1tico,por un frente patri\u00f3tico y democr\u00e1tico-social en Argentina\u00bb"},"content":{"rendered":"<div class=\"wp-block-image\">\n<figure class=\"aligncenter size-full\"><a href=\"https:\/\/www.elsindical.com.ar\/notas\/var\/www\/html\/notas\/wp-content\/uploads\/2025\/08\/Fernando-Adrian-Zapata.jpg\"><img loading=\"lazy\" decoding=\"async\" width=\"700\" height=\"526\" src=\"https:\/\/www.elsindical.com.ar\/notas\/var\/www\/html\/notas\/wp-content\/uploads\/2025\/08\/Fernando-Adrian-Zapata.jpg\" alt=\"\" class=\"wp-image-139649\" srcset=\"https:\/\/www.elsindical.com.ar\/notas\/var\/www\/html\/notas\/wp-content\/uploads\/2025\/08\/Fernando-Adrian-Zapata.jpg 700w, https:\/\/www.elsindical.com.ar\/notas\/var\/www\/html\/notas\/wp-content\/uploads\/2025\/08\/Fernando-Adrian-Zapata-300x225.jpg 300w\" sizes=\"auto, (max-width: 700px) 100vw, 700px\" \/><\/a><\/figure>\n<\/div>\n\n\n<p>convocar y bregar por un bloque amplio y plural,convocante y de mayor\u00edas,de car\u00e1cter patri\u00f3tico y democr\u00e1tico-social.<\/p>\n\n\n\n<p>La agudizaci\u00f3n de este modelo econ\u00f3mico-pol\u00edtico que,en nuestra Argentina,desde 1990 hasta hoy,con altibajos y variaciones,sigue destruyendo el tejido productivo-laboral y socio-cultural en crisis,adem\u00e1s de vulnerar a nuestra tan castigada y sufrida Soberan\u00eda Nacional,condenando a la miseria y al despojo,al oprobio y al sojuzgamiento a numerosas franjas de nuestra poblaci\u00f3n.<\/p>\n\n\n\n<p>Hay todo un proceso de acumulaci\u00f3n de riquezas en muy pocos sectores concentrados que,desde el exterior y contando con servilones locales,tienden a explotar y usufructuar a nuestros reservorios y a nuestra gente,a nuestra Naturaleza y a nuestra Humanidad locales,ocasionando dependencia y explotaci\u00f3n,opresi\u00f3n y exclusi\u00f3n,pobreza y represi\u00f3n,corrupci\u00f3n e inequidades varias,cada vez m\u00e1s graves y m\u00e1s acuciantes.<\/p>\n\n\n\n<p>Ante ello,consideramos anteponer,URGENTEMENTE,una creciente alternativa de masas,tendiente a sumar y a multiplicar voluntades y propuestas,ideas y experiencias inclusivas y mancomunadas,federalistas y coordinadas,participativas y transformadoras en favor de nuestro Pueblo Trabajador Argentino,en el marco de la Unidad Latinoamericana y la Cooperaci\u00f3n y la Solidaridad Internacional entre los Pueblos.<\/p>\n\n\n\n<p>Nuestra militancia del Socialismo Democr\u00e1tico Argentino asume y postula esta firme tarea,codo a codo junto a otros tantos sectores, organizaciones, partidos, bloques, fuerzas y movimientos que,d\u00eda a d\u00eda y por doquier en nuestro amado pa\u00eds,vienen dando batalla en este sentido progresista y revolucionario,unificador y emancipador,democr\u00e1tico y profundamente fraternal.<\/p>\n\n\n\n<p>Fernando Adri\u00e1n Zapata,<\/p>\n\n\n\n<p>profesor de Lengua y Literatura y escritor,<\/p>\n\n\n\n<p>gremialista de Agmer-Ctera-CTA Concordia en Pluralismo y Unidad,<\/p>\n\n\n\n<p>miembro del Socialismo Democr\u00e1tico de Argentina,<\/p>\n\n\n\n<p>agosto del 2025,Concordia,Entre R\u00edos, Rep\u00fablica Argentina.<\/p>\n","protected":false},"excerpt":{"rendered":"<p>convocar y bregar por un bloque amplio y plural,convocante y de mayor\u00edas,de car\u00e1cter patri\u00f3tico y democr\u00e1tico-social. La agudizaci\u00f3n de este modelo econ\u00f3mico-pol\u00edtico que,en nuestra Argentina,desde 1990 hasta hoy,con altibajos y variaciones,sigue destruyendo el tejido productivo-laboral y socio-cultural en crisis,adem\u00e1s de vulnerar a nuestra tan castigada y sufrida Soberan\u00eda Nacional,condenando a la miseria y al despojo,al&hellip;<\/p>\n","protected":false},"author":1,"featured_media":139649,"comment_status":"open","ping_status":"open","sticky":false,"template":"","format":"standard","meta":{"footnotes":""},"categories":[13],"tags":[127,2450,42546,22025,45769],"class_list":["post-139648","post","type-post","status-publish","format-standard","has-post-thumbnail","hentry","category-politica","tag-argentina","tag-diario-el-sindical","tag-fernando-adrian-zapata","tag-politica","tag-socialismo-democratico"],"_links":{"self":[{"href":"https:\/\/www.elsindical.com.ar\/notas\/wp-json\/wp\/v2\/posts\/139648","targetHints":{"allow":["GET"]}}],"collection":[{"href":"https:\/\/www.elsindical.com.ar\/notas\/wp-json\/wp\/v2\/posts"}],"about":[{"href":"https:\/\/www.elsindical.com.ar\/notas\/wp-json\/wp\/v2\/types\/post"}],"author":[{"embeddable":true,"href":"https:\/\/www.elsindical.com.ar\/notas\/wp-json\/wp\/v2\/users\/1"}],"replies":[{"embeddable":true,"href":"https:\/\/www.elsindical.com.ar\/notas\/wp-json\/wp\/v2\/comments?post=139648"}],"version-history":[{"count":1,"href":"https:\/\/www.elsindical.com.ar\/notas\/wp-json\/wp\/v2\/posts\/139648\/revisions"}],"predecessor-version":[{"id":139650,"href":"https:\/\/www.elsindical.com.ar\/notas\/wp-json\/wp\/v2\/posts\/139648\/revisions\/139650"}],"wp:featuredmedia":[{"embeddable":true,"href":"https:\/\/www.elsindical.com.ar\/notas\/wp-json\/wp\/v2\/media\/139649"}],"wp:attachment":[{"href":"https:\/\/www.elsindical.com.ar\/notas\/wp-json\/wp\/v2\/media?parent=139648"}],"wp:term":[{"taxonomy":"category","embeddable":true,"href":"https:\/\/www.elsindical.com.ar\/notas\/wp-json\/wp\/v2\/categories?post=139648"},{"taxonomy":"post_tag","embeddable":true,"href":"https:\/\/www.elsindical.com.ar\/notas\/wp-json\/wp\/v2\/tags?post=139648"}],"curies":[{"name":"wp","href":"https:\/\/api.w.org\/{rel}","templated":true}]}}