{"id":139578,"date":"2025-08-20T11:24:39","date_gmt":"2025-08-20T14:24:39","guid":{"rendered":"https:\/\/www.elsindical.com.ar\/notas\/?p=139578"},"modified":"2025-08-20T11:24:45","modified_gmt":"2025-08-20T14:24:45","slug":"pasare-a-llamarme-doctor-charly-garcia","status":"publish","type":"post","link":"https:\/\/www.elsindical.com.ar\/notas\/pasare-a-llamarme-doctor-charly-garcia\/","title":{"rendered":"\u201cPasar\u00e9 a llamarme \u2018Doctor Charly Garc\u00eda\u2019\u201d"},"content":{"rendered":"\n<figure class=\"wp-block-image size-large\"><a href=\"https:\/\/www.elsindical.com.ar\/notas\/var\/www\/html\/notas\/wp-content\/uploads\/2025\/08\/Charly-Garcia-honoris-causa-UBA.jpg\"><img loading=\"lazy\" decoding=\"async\" width=\"1024\" height=\"576\" src=\"https:\/\/www.elsindical.com.ar\/notas\/var\/www\/html\/notas\/wp-content\/uploads\/2025\/08\/Charly-Garcia-honoris-causa-UBA-1024x576.jpg\" alt=\"\" class=\"wp-image-139579\" srcset=\"https:\/\/www.elsindical.com.ar\/notas\/var\/www\/html\/notas\/wp-content\/uploads\/2025\/08\/Charly-Garcia-honoris-causa-UBA-1024x576.jpg 1024w, https:\/\/www.elsindical.com.ar\/notas\/var\/www\/html\/notas\/wp-content\/uploads\/2025\/08\/Charly-Garcia-honoris-causa-UBA-300x169.jpg 300w, https:\/\/www.elsindical.com.ar\/notas\/var\/www\/html\/notas\/wp-content\/uploads\/2025\/08\/Charly-Garcia-honoris-causa-UBA-768x432.jpg 768w, https:\/\/www.elsindical.com.ar\/notas\/var\/www\/html\/notas\/wp-content\/uploads\/2025\/08\/Charly-Garcia-honoris-causa-UBA-460x260.jpg 460w, https:\/\/www.elsindical.com.ar\/notas\/var\/www\/html\/notas\/wp-content\/uploads\/2025\/08\/Charly-Garcia-honoris-causa-UBA.jpg 1200w\" sizes=\"auto, (max-width: 1024px) 100vw, 1024px\" \/><\/a><\/figure>\n\n\n\n<p>Charly Garc\u00eda recibi\u00f3 el doctorado Honoris Causa por la Universidad de Buenos Aires.<\/p>\n\n\n\n<p>El m\u00fasico<strong>&nbsp;Charly Garc\u00eda recibi\u00f3 el doctorado Honoris Causa por la Universidad de Buenos Aires,&nbsp;<\/strong>a los 73 a\u00f1os, en la sede Pu\u00e1n de Facultad de Filosof\u00eda y Letras.<\/p>\n\n\n\n<p><strong>\u201cGracias a la Universidad por este reconocimiento tan importante, desde ahora pasar\u00e9 a llamarme Doctor Charly Garc\u00eda\u201d<\/strong>, sostuvo.<\/p>\n\n\n\n<p>Con el aula 108 al m\u00e1ximo de su capacidad, se llev\u00f3 a cabo la emotiva ceremonia que fue aprobada por unanimidad por el Consejo Superior, tras una iniciativa de la<strong>&nbsp;Facultad de Filosof\u00eda y Letras de la UBA, a trav\u00e9s de su Departamento de Artes y la C\u00e1tedra de M\u00fasica Popular.<\/strong><\/p>\n\n\n\n<p>La distinci\u00f3n destaca la \u201cnotable calidad musical\u201d de \u201cCharly\u201d y su<strong>&nbsp;\u201caporte musical y por el sentido pol\u00edtico que han tenido sus canciones en distintos momentos de la historia argentina<\/strong>\u201c, indic\u00f3 Ricardo Maneti, decano de la Facultad.<\/p>\n\n\n\n<p>Lisa Di Cione, catedr\u00e1tica de Estudios de M\u00fasica Popular, dijo fue un&nbsp;<strong>\u201cart\u00edfice de un patrimonio intangible que la universidad debe legitimar y proteger\u201d <\/strong>y destac\u00f3 su <strong>\u201cinestimable aporte a la m\u00fasica y a la cultura nacional\u201d.<\/strong><\/p>\n\n\n\n<p>\u201cCharly Garc\u00eda ha sido objeto de estudios y an\u00e1lisis de investigaciones que han producido centenares de publicaciones peri\u00f3dicas, productos medi\u00e1ticos y audiovisuales; y decenas de libros que hoy forman parte de nuestros planes de estudio\u201d, continu\u00f3 Di Cione.<\/p>\n\n\n\n<p><strong>\u201cFue en la d\u00e9cada de 1980 cuando el rock se \u2018nacionaliza\u2019 y Soda Stereo, Miguel Mateos y Charly Garc\u00eda se convierten en la punta de lanza del reconocimiento art\u00edstico a nivel regional\u201d<\/strong>, concluy\u00f3 la catedr\u00e1tica.<\/p>\n","protected":false},"excerpt":{"rendered":"<p>Charly Garc\u00eda recibi\u00f3 el doctorado Honoris Causa por la Universidad de Buenos Aires. El m\u00fasico&nbsp;Charly Garc\u00eda recibi\u00f3 el doctorado Honoris Causa por la Universidad de Buenos Aires,&nbsp;a los 73 a\u00f1os, en la sede Pu\u00e1n de Facultad de Filosof\u00eda y Letras. \u201cGracias a la Universidad por este reconocimiento tan importante, desde ahora pasar\u00e9 a llamarme Doctor&hellip;<\/p>\n","protected":false},"author":1,"featured_media":139579,"comment_status":"open","ping_status":"open","sticky":false,"template":"","format":"standard","meta":{"footnotes":""},"categories":[15,24],"tags":[4197,481,717,2450,45748,45749,1986,1885],"class_list":["post-139578","post","type-post","status-publish","format-standard","has-post-thumbnail","hentry","category-espectaculos","category-sociales","tag-autor","tag-cantante","tag-charly-garcia","tag-diario-el-sindical","tag-doctorado-honoris-causa","tag-lisa-di-cione","tag-musico","tag-uba"],"_links":{"self":[{"href":"https:\/\/www.elsindical.com.ar\/notas\/wp-json\/wp\/v2\/posts\/139578","targetHints":{"allow":["GET"]}}],"collection":[{"href":"https:\/\/www.elsindical.com.ar\/notas\/wp-json\/wp\/v2\/posts"}],"about":[{"href":"https:\/\/www.elsindical.com.ar\/notas\/wp-json\/wp\/v2\/types\/post"}],"author":[{"embeddable":true,"href":"https:\/\/www.elsindical.com.ar\/notas\/wp-json\/wp\/v2\/users\/1"}],"replies":[{"embeddable":true,"href":"https:\/\/www.elsindical.com.ar\/notas\/wp-json\/wp\/v2\/comments?post=139578"}],"version-history":[{"count":1,"href":"https:\/\/www.elsindical.com.ar\/notas\/wp-json\/wp\/v2\/posts\/139578\/revisions"}],"predecessor-version":[{"id":139580,"href":"https:\/\/www.elsindical.com.ar\/notas\/wp-json\/wp\/v2\/posts\/139578\/revisions\/139580"}],"wp:featuredmedia":[{"embeddable":true,"href":"https:\/\/www.elsindical.com.ar\/notas\/wp-json\/wp\/v2\/media\/139579"}],"wp:attachment":[{"href":"https:\/\/www.elsindical.com.ar\/notas\/wp-json\/wp\/v2\/media?parent=139578"}],"wp:term":[{"taxonomy":"category","embeddable":true,"href":"https:\/\/www.elsindical.com.ar\/notas\/wp-json\/wp\/v2\/categories?post=139578"},{"taxonomy":"post_tag","embeddable":true,"href":"https:\/\/www.elsindical.com.ar\/notas\/wp-json\/wp\/v2\/tags?post=139578"}],"curies":[{"name":"wp","href":"https:\/\/api.w.org\/{rel}","templated":true}]}}