{"id":13955,"date":"2011-05-02T19:29:55","date_gmt":"2011-05-02T22:29:55","guid":{"rendered":"http:\/\/www.elsindical.com.ar\/notas\/?p=13955"},"modified":"2011-05-03T03:07:37","modified_gmt":"2011-05-03T06:07:37","slug":"caballitopino-lanzo-su-candidatura-a-jefe-de-gobierno","status":"publish","type":"post","link":"https:\/\/www.elsindical.com.ar\/notas\/caballitopino-lanzo-su-candidatura-a-jefe-de-gobierno\/","title":{"rendered":"Caballito:Pino lanz\u00f3 su candidatura a Jefe de Gobierno"},"content":{"rendered":"<p style=\"text-align: justify;\">\u00a0 <a href=\"http:\/\/www.elsindical.com.ar\/notas\/var\/www\/html\/notas\/wp-content\/uploads\/2011\/05\/Pino-en-Parque-Centenario.jpg\"><img loading=\"lazy\" decoding=\"async\" class=\"alignleft size-medium wp-image-13956\" title=\"Pino-en-Parque-Centenario\" src=\"http:\/\/www.elsindical.com.ar\/notas\/var\/www\/html\/notas\/wp-content\/uploads\/2011\/05\/Pino-en-Parque-Centenario-300x185.jpg\" alt=\"\" width=\"300\" height=\"185\" srcset=\"https:\/\/www.elsindical.com.ar\/notas\/var\/www\/html\/notas\/wp-content\/uploads\/2011\/05\/Pino-en-Parque-Centenario-300x185.jpg 300w, https:\/\/www.elsindical.com.ar\/notas\/var\/www\/html\/notas\/wp-content\/uploads\/2011\/05\/Pino-en-Parque-Centenario.jpg 531w\" sizes=\"auto, (max-width: 300px) 100vw, 300px\" \/><\/a><em>Acompa\u00f1ado de los principales referentes de Proyecto Sur, Pino Solanas, oficializ\u00f3 su candidatura a Jefe de Gobierno Porte\u00f1o, reiter\u00f3 que no vienen a pelear con nadie, sino que buscan sumar d\u00edalogo con las distintas fuerzas pol\u00edticas.<\/em><\/p>\n<p style=\"text-align: justify;\">Pino Solanas es ahora formalmente candidato a Jefe de Gobierno porte\u00f1o. As\u00ed, rodeado de militantes y asesores integrantes de Proyecto Sur, el cineasta anunci\u00f3 desde Parque Centenario, con fuertes cr\u00edticas a la actual gesti\u00f3n de Mauricio Macri, que Claudio Lozano ser\u00e1 el primer candidato a diputado nacional.<\/p>\n<p style=\"text-align: justify;\">\u00a0All\u00ed estuvieron, entre otros, Mario Mazzitelli del Partido Socialista Aut\u00e9ntico,\u00a0el legislador porte\u00f1o Julio Raffo, Fabio Basteiro, Mario Cafiero, Vilma Ripoll\u00a0y Marcelo Parrili que integran el MST, y Eduardo Macaluse, dirigente del ARI, Humberto Tumini y Victoria Donda de Libres del Sur.\u00a0<\/p>\n<p style=\"text-align: justify;\">\u201cTenemos una Buenos Aires mercantilizada\u201d, dijo Solanas, quien estuvo acompa\u00f1ado, entre otros, por el dirigente de la CTA, V\u00edctor De Gennaro y Humberto Tumini, l\u00edder de Libres del Sur. As\u00ed, Pino tambi\u00e9n conden\u00f3 las palabras vertidas hoy a la ma\u00f1ana por el jefe de Gabinete, An\u00edbal Fern\u00e1ndez, quien como en 2008 vincul\u00f3 los destrozos en trenes con militantes de Proyecto Sur. \u201cEstamos inmersos en una campa\u00f1a de calumnias e injurias muy serias por nuestra llegada a la Ciudad, vamos a gobernar para las quince comunas y combatiremos la desigualdad entre el norte y el sur, por eso estamos ac\u00e1\u201d, exclam\u00f3 Solanas, quien declin\u00f3 su aspiraci\u00f3n presidencial una semana atr\u00e1s.\u00a0<\/p>\n<p style=\"text-align: justify;\">Tambi\u00e9n convoc\u00f3 a las fuerzas provinciales con los que simpatiza pol\u00edticamente a sumarse para el armado de un frente. Elogi\u00f3 a Hermes Binner, el gobernador socialista de Santa Fe, y al senador Luis Juez, quien buscar\u00e1 la gobernaci\u00f3n de C\u00f3rdoba, hoy en manos del justicialista Juan Schiaretti. No anunci\u00f3 qui\u00e9n armar\u00e1 el binomio de su f\u00f3rmula, aunque se descuenta que ser\u00e1 la ex ministra de Salud, Graciela Oca\u00f1a.\u00a0<\/p>\n<p style=\"text-align: justify;\">Con respecto a los ejes de campa\u00f1a, se refiri\u00f3 a la ecolog\u00eda de la Ciudad: \u201cQueremos una ciudad para vivir mejor, para todas las clases sociales, queremos hacerlo, buscando consenso y con una mesa tripartita con el Gobierno nacional, y todos los sectores\u201d, dijo. Tambi\u00e9n anunci\u00f3 que se le dar\u00e1 preponderancia a pol\u00edticas ecol\u00f3gicas en medios de transporte.\u00a0<\/p>\n<p style=\"text-align: justify;\">Tambi\u00e9n sostuvo que apuntalar\u00e1, en caso de triunfar el 10 de julio, la formaci\u00f3n de la \u201cConadep de la corrupci\u00f3n, y haremos \u00e9nfasis en la cultura.\u00a0Transformaremos a \u00a0Buenos Aires en la gran capital cultural del pa\u00eds y del mundo\u201d dijo Solanas, quien anunci\u00f3 la \u00faltima semana que ser\u00eda candidato a jefe de Gobierno tras un congreso con las fuerzas que integran el Movimiento Sur.\u00a0<\/p>\n<p style=\"text-align: justify;\">Fiel a su estilo, el cineasta confirm\u00f3 que el 22 de mayo habr\u00e1 \u201cun Cabildo abierto, una asamblea popular donde todos los vecinos que quieran podr\u00e1n proponer sus propuestas y las vamos a discutir\u201d, defini\u00f3. Tambi\u00e9n, finalmente llam\u00f3 a reconstruir los hogares para familias pobres: \u201cEn Lugano, el Bajo Flores, hay m\u00e1s de 600.000 personas en situaci\u00f3n de calle, y no puede ser. Construiremos tres mil casas por a\u00f1o, no como Macri que hizo s\u00f3lo unas 400 creo\u201d, sostuvo.<\/p>\n<p style=\"text-align: justify;\">\u00a0<\/p>\n<p><object width=\"560\" height=\"349\"><param name=\"movie\" value=\"http:\/\/www.youtube.com\/v\/DA-EpdOX9Rk?fs=1&#038;hl=es_ES&#038;rel=0\"><\/param><param name=\"allowFullScreen\" value=\"true\"><\/param><param name=\"allowscriptaccess\" value=\"always\"><\/param><embed src=\"http:\/\/www.youtube.com\/v\/DA-EpdOX9Rk?fs=1&#038;hl=es_ES&#038;rel=0\" type=\"application\/x-shockwave-flash\" width=\"560\" height=\"349\" allowscriptaccess=\"always\" allowfullscreen=\"true\"><\/embed><\/object><\/p>\n","protected":false},"excerpt":{"rendered":"<p>\u00a0 Acompa\u00f1ado de los principales referentes de Proyecto Sur, Pino Solanas, oficializ\u00f3 su candidatura a Jefe de Gobierno Porte\u00f1o, reiter\u00f3 que no vienen a pelear con nadie, sino que buscan sumar d\u00edalogo con las distintas fuerzas pol\u00edticas. Pino Solanas es ahora formalmente candidato a Jefe de Gobierno porte\u00f1o. As\u00ed, rodeado de militantes y asesores integrantes&hellip;<\/p>\n","protected":false},"author":1,"featured_media":0,"comment_status":"open","ping_status":"open","sticky":false,"template":"","format":"standard","meta":{"footnotes":""},"categories":[13],"tags":[3009,6733,1379,6734,5628,6732,327,6730,4654,6731],"class_list":["post-13955","post","type-post","status-publish","format-standard","hentry","category-politica","tag-claudio-lozano","tag-eduardo-macaluse","tag-fabio-basteiro","tag-humberto-tumini","tag-julio-raffo","tag-marcelo-parrili","tag-pino-solanas","tag-proyectosur","tag-victoria-donda","tag-vilma-ripoll"],"_links":{"self":[{"href":"https:\/\/www.elsindical.com.ar\/notas\/wp-json\/wp\/v2\/posts\/13955","targetHints":{"allow":["GET"]}}],"collection":[{"href":"https:\/\/www.elsindical.com.ar\/notas\/wp-json\/wp\/v2\/posts"}],"about":[{"href":"https:\/\/www.elsindical.com.ar\/notas\/wp-json\/wp\/v2\/types\/post"}],"author":[{"embeddable":true,"href":"https:\/\/www.elsindical.com.ar\/notas\/wp-json\/wp\/v2\/users\/1"}],"replies":[{"embeddable":true,"href":"https:\/\/www.elsindical.com.ar\/notas\/wp-json\/wp\/v2\/comments?post=13955"}],"version-history":[{"count":3,"href":"https:\/\/www.elsindical.com.ar\/notas\/wp-json\/wp\/v2\/posts\/13955\/revisions"}],"predecessor-version":[{"id":13958,"href":"https:\/\/www.elsindical.com.ar\/notas\/wp-json\/wp\/v2\/posts\/13955\/revisions\/13958"}],"wp:attachment":[{"href":"https:\/\/www.elsindical.com.ar\/notas\/wp-json\/wp\/v2\/media?parent=13955"}],"wp:term":[{"taxonomy":"category","embeddable":true,"href":"https:\/\/www.elsindical.com.ar\/notas\/wp-json\/wp\/v2\/categories?post=13955"},{"taxonomy":"post_tag","embeddable":true,"href":"https:\/\/www.elsindical.com.ar\/notas\/wp-json\/wp\/v2\/tags?post=13955"}],"curies":[{"name":"wp","href":"https:\/\/api.w.org\/{rel}","templated":true}]}}