{"id":139531,"date":"2025-08-16T13:25:08","date_gmt":"2025-08-16T16:25:08","guid":{"rendered":"https:\/\/www.elsindical.com.ar\/notas\/?p=139531"},"modified":"2025-08-16T13:25:22","modified_gmt":"2025-08-16T16:25:22","slug":"la-justicia-de-nueva-york-fallo-a-favor-de-argentina-y-suspende-la-entrega-del-51-de-las-acciones-de-ypf","status":"publish","type":"post","link":"https:\/\/www.elsindical.com.ar\/notas\/la-justicia-de-nueva-york-fallo-a-favor-de-argentina-y-suspende-la-entrega-del-51-de-las-acciones-de-ypf\/","title":{"rendered":"La Justicia de Nueva York fall\u00f3 a favor de Argentina y suspende la entrega del 51% de las acciones de YPF"},"content":{"rendered":"\n<figure class=\"wp-block-image size-full\"><a href=\"https:\/\/www.elsindical.com.ar\/notas\/var\/www\/html\/notas\/wp-content\/uploads\/2023\/04\/edificio-YPF.jpg\"><img loading=\"lazy\" decoding=\"async\" width=\"880\" height=\"495\" src=\"https:\/\/www.elsindical.com.ar\/notas\/var\/www\/html\/notas\/wp-content\/uploads\/2023\/04\/edificio-YPF.jpg\" alt=\"\" class=\"wp-image-121540\" srcset=\"https:\/\/www.elsindical.com.ar\/notas\/var\/www\/html\/notas\/wp-content\/uploads\/2023\/04\/edificio-YPF.jpg 880w, https:\/\/www.elsindical.com.ar\/notas\/var\/www\/html\/notas\/wp-content\/uploads\/2023\/04\/edificio-YPF-300x169.jpg 300w, https:\/\/www.elsindical.com.ar\/notas\/var\/www\/html\/notas\/wp-content\/uploads\/2023\/04\/edificio-YPF-768x432.jpg 768w, https:\/\/www.elsindical.com.ar\/notas\/var\/www\/html\/notas\/wp-content\/uploads\/2023\/04\/edificio-YPF-500x281.jpg 500w, https:\/\/www.elsindical.com.ar\/notas\/var\/www\/html\/notas\/wp-content\/uploads\/2023\/04\/edificio-YPF-460x260.jpg 460w\" sizes=\"auto, (max-width: 880px) 100vw, 880px\" \/><\/a><\/figure>\n\n\n\n<p>La Corte de Apelaciones del Segundo Circuito de Nueva York fren\u00f3 la orden de la jueza Loretta Preska que obligaba al Estado argentino a ceder la mayor\u00eda accionaria de YPF, mientras se resuelve la apelaci\u00f3n. El Departamento de Justicia de EE.UU. respald\u00f3 la postura argentina.<\/p>\n\n\n\n<p>La Justicia de Nueva York resolvi\u00f3 <strong>suspender la orden de entrega<\/strong> del 51% de las acciones de YPF por parte del Estado argentino, dictada el pasado 30 de junio por la jueza Loretta Preska. La medida, adoptada por la Corte de Apelaciones del Segundo Circuito, se aplicar\u00e1 mientras se tramita la apelaci\u00f3n correspondiente.<\/p>\n\n\n\n<p>Adem\u00e1s, el tribunal autoriz\u00f3 la participaci\u00f3n como amicus curiae del Departamento de Justicia de Estados Unidos, que hab\u00eda expresado su apoyo a la posici\u00f3n argentina. La resoluci\u00f3n garantiza que el pa\u00eds conserve la participaci\u00f3n mayoritaria del Estado Nacional en la compa\u00f1\u00eda durante el proceso judicial.<\/p>\n\n\n\n<p>\u201c<strong>Esta decisi\u00f3n constituye un paso decisivo en la defensa de un activo estrat\u00e9gico y de los intereses de todos los argentinos\u201d<\/strong>, indicaron desde la Procuraci\u00f3n del Tesoro de la Naci\u00f3n. El organismo remarc\u00f3 que esta instancia no modifica la apelaci\u00f3n de fondo contra la sentencia emitida en septiembre de 2023 (tres meses antes del inicio de la actual gesti\u00f3n) que condena a la Argentina a pagar u$s16 mil millones m\u00e1s intereses.<\/p>\n\n\n\n<p>La C\u00e1mara de Apelaciones ten\u00eda tres alternativas: mantener la suspensi\u00f3n, levantarla o exigir la entrega inmediata de las acciones. Finalmente, opt\u00f3 por postergar la cesi\u00f3n, en l\u00ednea con la postura respaldada por el Departamento de Justicia estadounidense.<\/p>\n\n\n\n<p>\u201c<strong>Durante m\u00e1s de diez a\u00f1os, distintas administraciones dejaron pasar la oportunidad de resolver este litigio y no lo hicieron. Hoy, bajo el liderazgo del Presidente Javier Milei, la Argentina ejerce plenamente su derecho a la defensa, utilizando todas las herramientas legales disponibles para resguardar sus derechos y los intereses de sus ciudadanos<\/strong>\u201d, agregaron desde la Procuraci\u00f3n.<\/p>\n\n\n\n<p>El juicio de YPF comenz\u00f3 en 2015, tres a\u00f1os despu\u00e9s de la expropiaci\u00f3n de la petrolera. El beneficiario principal del fallo es Burford Capital, una firma dedicada a la compra de derechos de litigios. La causa no discute la potestad del Estado argentino para expropiar, sino el incumplimiento de la Oferta P\u00fablica de Adquisici\u00f3n (OPA) establecida en el estatuto de la empresa.<\/p>\n","protected":false},"excerpt":{"rendered":"<p>La Corte de Apelaciones del Segundo Circuito de Nueva York fren\u00f3 la orden de la jueza Loretta Preska que obligaba al Estado argentino a ceder la mayor\u00eda accionaria de YPF, mientras se resuelve la apelaci\u00f3n. El Departamento de Justicia de EE.UU. respald\u00f3 la postura argentina. La Justicia de Nueva York resolvi\u00f3 suspender la orden de&hellip;<\/p>\n","protected":false},"author":1,"featured_media":121540,"comment_status":"open","ping_status":"open","sticky":false,"template":"","format":"standard","meta":{"footnotes":""},"categories":[9,18],"tags":[127,45575,45731,2450,197,10056,621],"class_list":["post-139531","post","type-post","status-publish","format-standard","has-post-thumbnail","hentry","category-economia","category-internacionales","tag-argentina","tag-corte-de-apelaciones-de-nueva-york","tag-departamento-de-justicia-de-estados-unidos","tag-diario-el-sindical","tag-fallo","tag-nueva-york","tag-ypf"],"_links":{"self":[{"href":"https:\/\/www.elsindical.com.ar\/notas\/wp-json\/wp\/v2\/posts\/139531","targetHints":{"allow":["GET"]}}],"collection":[{"href":"https:\/\/www.elsindical.com.ar\/notas\/wp-json\/wp\/v2\/posts"}],"about":[{"href":"https:\/\/www.elsindical.com.ar\/notas\/wp-json\/wp\/v2\/types\/post"}],"author":[{"embeddable":true,"href":"https:\/\/www.elsindical.com.ar\/notas\/wp-json\/wp\/v2\/users\/1"}],"replies":[{"embeddable":true,"href":"https:\/\/www.elsindical.com.ar\/notas\/wp-json\/wp\/v2\/comments?post=139531"}],"version-history":[{"count":1,"href":"https:\/\/www.elsindical.com.ar\/notas\/wp-json\/wp\/v2\/posts\/139531\/revisions"}],"predecessor-version":[{"id":139532,"href":"https:\/\/www.elsindical.com.ar\/notas\/wp-json\/wp\/v2\/posts\/139531\/revisions\/139532"}],"wp:featuredmedia":[{"embeddable":true,"href":"https:\/\/www.elsindical.com.ar\/notas\/wp-json\/wp\/v2\/media\/121540"}],"wp:attachment":[{"href":"https:\/\/www.elsindical.com.ar\/notas\/wp-json\/wp\/v2\/media?parent=139531"}],"wp:term":[{"taxonomy":"category","embeddable":true,"href":"https:\/\/www.elsindical.com.ar\/notas\/wp-json\/wp\/v2\/categories?post=139531"},{"taxonomy":"post_tag","embeddable":true,"href":"https:\/\/www.elsindical.com.ar\/notas\/wp-json\/wp\/v2\/tags?post=139531"}],"curies":[{"name":"wp","href":"https:\/\/api.w.org\/{rel}","templated":true}]}}