{"id":13952,"date":"2011-05-02T19:19:21","date_gmt":"2011-05-02T22:19:21","guid":{"rendered":"http:\/\/www.elsindical.com.ar\/notas\/?p=13952"},"modified":"2011-05-02T19:19:21","modified_gmt":"2011-05-02T22:19:21","slug":"escandalo-en-la-fundacion-un-milagro-para-agustin","status":"publish","type":"post","link":"https:\/\/www.elsindical.com.ar\/notas\/escandalo-en-la-fundacion-un-milagro-para-agustin\/","title":{"rendered":"Esc\u00e1ndalo en la fundaci\u00f3n \u00abUn milagro para Agust\u00edn\u00bb"},"content":{"rendered":"<p style=\"text-align: justify;\"><em><a href=\"http:\/\/www.elsindical.com.ar\/notas\/var\/www\/html\/notas\/wp-content\/uploads\/2011\/05\/padres-de-Agust\u00edn.jpg\"><img loading=\"lazy\" decoding=\"async\" class=\"alignleft size-medium wp-image-13953\" title=\"padres-de-Agust\u00edn\" src=\"http:\/\/www.elsindical.com.ar\/notas\/var\/www\/html\/notas\/wp-content\/uploads\/2011\/05\/padres-de-Agust\u00edn-300x208.jpg\" alt=\"\" width=\"300\" height=\"208\" srcset=\"https:\/\/www.elsindical.com.ar\/notas\/var\/www\/html\/notas\/wp-content\/uploads\/2011\/05\/padres-de-Agust\u00edn-300x208.jpg 300w, https:\/\/www.elsindical.com.ar\/notas\/var\/www\/html\/notas\/wp-content\/uploads\/2011\/05\/padres-de-Agust\u00edn.jpg 325w\" sizes=\"auto, (max-width: 300px) 100vw, 300px\" \/><\/a>La madre del chico confirm\u00f3 que su marido no seguir\u00e1\u00a0en la fundaci\u00f3n \u00ab<strong>Un milagro para Agust\u00edn<\/strong>\u00bb tras el confuso episodio con una mujer en una whisker\u00eda. El dinero de la campa\u00f1a \u00abest\u00e1 intacto&#8230;<strong>Que la gente conf\u00ede en m\u00ed\u00bb, pidi\u00f3.<\/strong><\/em><\/p>\n<p style=\"text-align: justify;\"><strong>Cecilia Bursi<\/strong>, la mam\u00e1 del adolescente <strong>Agust\u00edn Bustos Fierro<\/strong>, asegur\u00f3 hoy que su marido ser\u00e1 apartado de la fundaci\u00f3n \u00ab<strong>Un milagro para Agust\u00edn\u00bb<\/strong>, creada para que su hijo pueda tratarse de la <strong>enfermedad degenerativ<\/strong>a que padece, <strong>luego de que el hombre protagonizara un confuso episodio con la empleada de una whisker\u00eda de Carlos Paz.<\/strong><\/p>\n<p style=\"text-align: justify;\">\u00abEspero que la gente sepa diferenciar las cosas. <strong>A \u00e9l se lo va a sacar de la fundaci\u00f3n, por supuesto<\/strong>. La gente que colabora es gente impecable, y para poder seguir, y brindarle a la gente lo que est\u00e1 esperando, <strong>hay que aclarar todo esto. \u00c9l sale de la Fundaci\u00f3n: no va a tener acceso\u00bb<\/strong>, indic\u00f3 Cecilia, en declaraciones radiales.<\/p>\n<p style=\"text-align: justify;\">La mujer pidi\u00f3 que la gente conf\u00ede en ella y asegur\u00f3 que <strong>el dinero de las donaciones recibidas \u00abest\u00e1 intacto\u00bb.<\/strong> Tambi\u00e9n dijo que <strong>el monto necesario para la operaci\u00f3n de Agust\u00edn \u00abse transfiri\u00f3 al hospital, est\u00e1 el comprobante en la p\u00e1gina (Un milagro para Agust\u00edn)\u00bb.<\/strong><\/p>\n<p style=\"text-align: justify;\">\u00abYo <strong>lamento que la gente est\u00e9 dolida. Yo le quiero agradecer a la gente, y le pido que conf\u00eden en m\u00ed, al margen de que el padre pueda haber tenido esta actitud\u00bb<\/strong>, indic\u00f3.<\/p>\n<p style=\"text-align: justify;\">Jorge Javier Bustos Fierro,\u00a0padre de Agust\u00edn, protagoniz\u00f3 un confuso episodio este fin de semana,<strong> con una bailarina de una whisker\u00eda de Carlos Paz<\/strong>, lo que gener\u00f3 la indignaci\u00f3n de la gente que colabor\u00f3 en la campa\u00f1a solidaria.<\/p>\n<p style=\"text-align: justify;\">\u00abYo no puedo decir que no estuvo con esta mujer. No hay dolor m\u00e1s grande que el que llevo, estoy abocada a otra cosa\u00bb, dijo Cecilia.<\/p>\n<p style=\"text-align: justify;\">La mam\u00e1 de Agust\u00edn <strong>neg\u00f3 que su marido haya hablado mal de la gente que particip\u00f3 de la campa\u00f1a<\/strong>, <strong>como lo sostuvo la bailarina con la que se lo encontr\u00f3 discutiendo<\/strong>.<\/p>\n<p style=\"text-align: justify;\">\u00abYo dudo que Javier haya hablado mal de la gente,<strong> \u00e9l est\u00e1 totalmente agradecido<\/strong>. Uno conoce a la persona, m\u00e1s all\u00e1 de que no estuve ah\u00ed. \u00c9l vend\u00eda plantas para llevarles a sus hijos el pan. \u00c9l, como hombre, bueno&#8230; pero <strong>como padre es indiscutible<\/strong>\u00ab, dijo.<\/p>\n","protected":false},"excerpt":{"rendered":"<p>La madre del chico confirm\u00f3 que su marido no seguir\u00e1\u00a0en la fundaci\u00f3n \u00abUn milagro para Agust\u00edn\u00bb tras el confuso episodio con una mujer en una whisker\u00eda. El dinero de la campa\u00f1a \u00abest\u00e1 intacto&#8230;Que la gente conf\u00ede en m\u00ed\u00bb, pidi\u00f3. Cecilia Bursi, la mam\u00e1 del adolescente Agust\u00edn Bustos Fierro, asegur\u00f3 hoy que su marido ser\u00e1 apartado&hellip;<\/p>\n","protected":false},"author":1,"featured_media":0,"comment_status":"open","ping_status":"open","sticky":false,"template":"","format":"standard","meta":{"footnotes":""},"categories":[24],"tags":[6726,2006,6729,6727,6725,6728,6724],"class_list":["post-13952","post","type-post","status-publish","format-standard","hentry","category-sociales","tag-agustin-bustos-fierro","tag-bailarina","tag-carlos-paz","tag-cecilia-bursi","tag-fundacion","tag-jorge-javier-bustos-fierro","tag-un-milagra-para-agustin"],"_links":{"self":[{"href":"https:\/\/www.elsindical.com.ar\/notas\/wp-json\/wp\/v2\/posts\/13952","targetHints":{"allow":["GET"]}}],"collection":[{"href":"https:\/\/www.elsindical.com.ar\/notas\/wp-json\/wp\/v2\/posts"}],"about":[{"href":"https:\/\/www.elsindical.com.ar\/notas\/wp-json\/wp\/v2\/types\/post"}],"author":[{"embeddable":true,"href":"https:\/\/www.elsindical.com.ar\/notas\/wp-json\/wp\/v2\/users\/1"}],"replies":[{"embeddable":true,"href":"https:\/\/www.elsindical.com.ar\/notas\/wp-json\/wp\/v2\/comments?post=13952"}],"version-history":[{"count":1,"href":"https:\/\/www.elsindical.com.ar\/notas\/wp-json\/wp\/v2\/posts\/13952\/revisions"}],"predecessor-version":[{"id":13954,"href":"https:\/\/www.elsindical.com.ar\/notas\/wp-json\/wp\/v2\/posts\/13952\/revisions\/13954"}],"wp:attachment":[{"href":"https:\/\/www.elsindical.com.ar\/notas\/wp-json\/wp\/v2\/media?parent=13952"}],"wp:term":[{"taxonomy":"category","embeddable":true,"href":"https:\/\/www.elsindical.com.ar\/notas\/wp-json\/wp\/v2\/categories?post=13952"},{"taxonomy":"post_tag","embeddable":true,"href":"https:\/\/www.elsindical.com.ar\/notas\/wp-json\/wp\/v2\/tags?post=13952"}],"curies":[{"name":"wp","href":"https:\/\/api.w.org\/{rel}","templated":true}]}}