{"id":139474,"date":"2025-08-12T00:54:43","date_gmt":"2025-08-12T03:54:43","guid":{"rendered":"https:\/\/www.elsindical.com.ar\/notas\/?p=139474"},"modified":"2025-08-12T00:54:48","modified_gmt":"2025-08-12T03:54:48","slug":"cada-vez-mas-empresas-reducen-personal-y-caen-29-000-empleos-privados-formales-en-el-ano","status":"publish","type":"post","link":"https:\/\/www.elsindical.com.ar\/notas\/cada-vez-mas-empresas-reducen-personal-y-caen-29-000-empleos-privados-formales-en-el-ano\/","title":{"rendered":"Cada vez m\u00e1s empresas reducen personal y caen 29.000 empleos privados formales en el a\u00f1o"},"content":{"rendered":"<div class=\"wp-block-image\">\n<figure class=\"aligncenter size-full is-resized\"><a href=\"https:\/\/www.elsindical.com.ar\/notas\/var\/www\/html\/notas\/wp-content\/uploads\/2025\/08\/despidos-Georgalos.jpg\"><img loading=\"lazy\" decoding=\"async\" width=\"595\" height=\"335\" src=\"https:\/\/www.elsindical.com.ar\/notas\/var\/www\/html\/notas\/wp-content\/uploads\/2025\/08\/despidos-Georgalos.jpg\" alt=\"\" class=\"wp-image-139475\" style=\"width:719px;height:auto\" srcset=\"https:\/\/www.elsindical.com.ar\/notas\/var\/www\/html\/notas\/wp-content\/uploads\/2025\/08\/despidos-Georgalos.jpg 595w, https:\/\/www.elsindical.com.ar\/notas\/var\/www\/html\/notas\/wp-content\/uploads\/2025\/08\/despidos-Georgalos-300x169.jpg 300w, https:\/\/www.elsindical.com.ar\/notas\/var\/www\/html\/notas\/wp-content\/uploads\/2025\/08\/despidos-Georgalos-460x260.jpg 460w\" sizes=\"auto, (max-width: 595px) 100vw, 595px\" \/><\/a><\/figure>\n<\/div>\n\n\n<p>Vicentin, YPF, Acindar, Nissan, Scania, Tres Arroyos, Refinor, Dass, Sancor, General Motors y Bridgestone fueron algunas de las <strong>grandes empresas que despidieron, suspendieron o retiraron voluntariamente de a cientos de empleados de su personal en lo que va del a\u00f1o<\/strong>, seg\u00fan un relevamiento de noticias publicadas que viene elaborando el Centro de Econom\u00eda Pol\u00edtica (CEPA).<\/p>\n\n\n\n<p>Halliburton, Ledesma, Kimberly Clark, Morvillo, los canales Somos de Flow, Aquarium Mar del Plata, Toyota, Orbis, Molinos R\u00edo de la Plata, Forestadora Tapibecu\u00e1, Ver\u00f3nica, Nestl\u00e9, Lumilagro y Ternium <strong>se sumaron a esta lista que no deja de crecer.<\/strong><\/p>\n\n\n\n<p>Hasta abril hab\u00eea 6.255.000 empleados registrados en el sector privado, seg\u00fan la Secretar\u00eda de Trabajo. En diciembre eran 6.284.000. <strong>Unas 29.000 personas quedaron afuera. No por la motosierra del presidente Javier Milei sobre el Estado. Son echados de empresas privadas nacionales y extranjeras<\/strong>. Un 0,5% menos de trabajo que a fines de 2024. Y estos n\u00fameros no reflejan lo que pas\u00f3 de mayo a julio, meses en que se ralentiz\u00f3 el rebote econ\u00f3mico respecto del pozo del a\u00f1o pasado. En cambio, el listado del CEPA s\u00ed refleja los rajes de estos \u00faltimos tiempos.<\/p>\n\n\n\n<p><strong>\u201cEs por el estancamiento de la actividad\u201d, <\/strong>explican la ca\u00edda del empleo privado formal. En su lista tambi\u00e9n aparece, aunque menos de 100 despidos, suspensiones o desvinculaciones, otras empresas de renombre, como Pirelli, General Motors, Cer\u00e1mica Alberdi, Santander, las textiles TN&amp;Platex y Coteminas, la pesquera Conarpesa, la litiera Exar, Prosegur, Azul Natural Beef, Arca Continental, Marengo, Red Surcos, Ra\u00edzen, Fecovita, Bag\u00f3, Astra Evangelista, Tenaris, los fabricantes de Puma y Topper o la metal\u00fargica privatizada Impsa.<\/p>\n\n\n\n<p>La lista no llega a agosto. Este mes ya hubo noticias de despidos, suspensiones y desvinculaciones en <strong>Petroqu\u00edmica R\u00edo Tercero, Algodonera Avellaneda, Mauro Sergio Textilana, Coca-Cola Andina (embotelladora) y Radio Con Vos.<\/strong><\/p>\n\n\n\n<p>El economista jefe de la consultora Empiria, Nicol\u00e1s Gadano, observa que \u201ce<strong>s heterog\u00e9nea la recuperaci\u00f3n de la actividad econ\u00f3mica, que ya tiene el nivel previo a la llegada de Milei (al poder) y al ajuste\u201d. <\/strong>\u201cHay sectores muy intensivos en empleo como la construcci\u00f3n y sectores industriales que est\u00e1n niveles bastante por debajo de noviembre de 2023 y han expulsado personal.<\/p>\n\n\n\n<p>Y a los sectores que les va bien, como la extracci\u00f3n de petr\u00f3leo y gas, emplean menos\u201d, se refiere a lo que sucede en Vaca Muerta, Neuqu\u00e9n, que compensa los despidos del mismo rubro en provincias donde YPF dej\u00f3 de producir, como Chubut y Santa Cruz. Claro que tambi\u00e9n en Vaca Muerta se denuncian ajustes. <strong>\u201cHay una p\u00e9rdida neta de empleo que por ahora no se ve c\u00f3mo se revertir\u00e1\u201d<\/strong>, advierte Gadano, que colabora en la Fundaci\u00f3n Pensar, del PRO.<\/p>\n\n\n\n<p>Pese a las diferencias pol\u00edticas, el jefe de macroeconom\u00eda del Banco Provincia de Buenos Aires, Mat\u00edas Rajnerman, coincide con el an\u00e1lisis. Agrega que <strong>el comercio, generador de mucha mano de obra, cay\u00f3 al inicio del gobierno de Milei, pero ahora empez\u00f3 a levantar,<\/strong> y que el agro crece pero es intensivo en capital (maquinaria), no en empleo.<\/p>\n\n\n\n<p>\u201cCuando uno<strong> separa entre sectores ganadores y perdedores, se entiende por qu\u00e9 la econom\u00eda ya opera 3,5% por encima de los niveles de 2023, pero se perdieron 15.000 puestos <\/strong>de trabajo en el camino, que dif\u00edcilmente se recuperen en el corto plazo\u201d, ratifica Rajnerman.<\/p>\n\n\n\n<p>El n\u00famero de 15.000 surge del hecho de que las reducciones de personal formal privado, dom\u00e9stico y p\u00fablico \u2013v\u00eda motosierra\u2013 se compensan en parte con el mayor n\u00famero de aut\u00f3nomos y monotributistas \u2013esto incluye choferes de Uber y Didi o repartidores de Rappi y PedidosYa\u2013. <strong>Adem\u00e1s, crece el trabajo informal, sin derechos, tanto asalariado como cuentapropista.<\/strong><\/p>\n\n\n\n<p>\u201cLa pol\u00edtica de apertura comercial en un semestre donde el tipo de cambio se apreci\u00f3, o sea, no julio, tambi\u00e9n explica que haya empezado a recuperarse el comercio pero la industria haya profundizado su ca\u00edda\u201d, contin\u00faa Rajnerman. \u201cEl primero <strong>vende cada vez m\u00e1s productos producidos afuera<\/strong>, por lo que cierto rebote de la demanda interna no se trasladaba a la oferta local\u201d, completa el economista del Provincia.<\/p>\n\n\n\n<p>Melisa Sala, economista de la consultora LCG, atribuye la ca\u00edda del empleo privado formal en 2025 a \u201cuna <strong>demanda local bastante deprimida y a los efectos de un d\u00f3lar atrasado que hace m\u00e1s evidente la falta de competitividad<\/strong> de algunas empresas tanto para exportar como para competir con importaciones alentadas por la mayor apertura comercial\u201d. Es llovido sobre mojado porque Sala recuerda que el trabajo privado ya \u201cven\u00eda bastante estancado desde hace una d\u00e9cada\u201d.<\/p>\n\n\n\n<p><strong>\u201cCa\u00edda del consumo masivo, apertura importadora y tambi\u00e9n un estrangulamiento del financiamiento por tema suba de tasas\u201d<\/strong>, apunta tajante las razones del baj\u00f3n la director del Banco Ciudad de Buenos Aires por la oposici\u00f3n, Delfina Rossi.<\/p>\n\n\n\n<p>En cambio, el consultor Hern\u00e1n Hirsch, m\u00e1s optimista, lo relaciona con \u201cun <strong>cambio de modelo de econ\u00f3mico, que implica una nueva asignaci\u00f3n de recursos <\/strong>con otros sectores m\u00e1s din\u00e1micos, lo cual lleva necesariamente a niveles de desempleo m\u00e1s alto transitoriamente\u201d. Ojal\u00e1. \u201cSe agrega la necesidad de mayor productividad micro\u201d, suma Hirsch. Combo letal.<\/p>\n","protected":false},"excerpt":{"rendered":"<p>Vicentin, YPF, Acindar, Nissan, Scania, Tres Arroyos, Refinor, Dass, Sancor, General Motors y Bridgestone fueron algunas de las grandes empresas que despidieron, suspendieron o retiraron voluntariamente de a cientos de empleados de su personal en lo que va del a\u00f1o, seg\u00fan un relevamiento de noticias publicadas que viene elaborando el Centro de Econom\u00eda Pol\u00edtica (CEPA).&hellip;<\/p>\n","protected":false},"author":1,"featured_media":139475,"comment_status":"open","ping_status":"open","sticky":false,"template":"","format":"standard","meta":{"footnotes":""},"categories":[9,28],"tags":[45705,24898,45707,53,45706,45704,45708,4798],"class_list":["post-139474","post","type-post","status-publish","format-standard","has-post-thumbnail","hentry","category-economia","category-empresariales","tag-algodonera-avellaneda","tag-cepa","tag-coca-cola-argentina","tag-despidos","tag-mauro-sergio-textilana","tag-petroquimica-rio-tercero","tag-radio-con-vos","tag-suspensiones"],"_links":{"self":[{"href":"https:\/\/www.elsindical.com.ar\/notas\/wp-json\/wp\/v2\/posts\/139474","targetHints":{"allow":["GET"]}}],"collection":[{"href":"https:\/\/www.elsindical.com.ar\/notas\/wp-json\/wp\/v2\/posts"}],"about":[{"href":"https:\/\/www.elsindical.com.ar\/notas\/wp-json\/wp\/v2\/types\/post"}],"author":[{"embeddable":true,"href":"https:\/\/www.elsindical.com.ar\/notas\/wp-json\/wp\/v2\/users\/1"}],"replies":[{"embeddable":true,"href":"https:\/\/www.elsindical.com.ar\/notas\/wp-json\/wp\/v2\/comments?post=139474"}],"version-history":[{"count":1,"href":"https:\/\/www.elsindical.com.ar\/notas\/wp-json\/wp\/v2\/posts\/139474\/revisions"}],"predecessor-version":[{"id":139476,"href":"https:\/\/www.elsindical.com.ar\/notas\/wp-json\/wp\/v2\/posts\/139474\/revisions\/139476"}],"wp:featuredmedia":[{"embeddable":true,"href":"https:\/\/www.elsindical.com.ar\/notas\/wp-json\/wp\/v2\/media\/139475"}],"wp:attachment":[{"href":"https:\/\/www.elsindical.com.ar\/notas\/wp-json\/wp\/v2\/media?parent=139474"}],"wp:term":[{"taxonomy":"category","embeddable":true,"href":"https:\/\/www.elsindical.com.ar\/notas\/wp-json\/wp\/v2\/categories?post=139474"},{"taxonomy":"post_tag","embeddable":true,"href":"https:\/\/www.elsindical.com.ar\/notas\/wp-json\/wp\/v2\/tags?post=139474"}],"curies":[{"name":"wp","href":"https:\/\/api.w.org\/{rel}","templated":true}]}}