{"id":139467,"date":"2025-08-11T17:40:59","date_gmt":"2025-08-11T20:40:59","guid":{"rendered":"https:\/\/www.elsindical.com.ar\/notas\/?p=139467"},"modified":"2025-08-11T17:41:06","modified_gmt":"2025-08-11T20:41:06","slug":"vientos-del-este","status":"publish","type":"post","link":"https:\/\/www.elsindical.com.ar\/notas\/vientos-del-este\/","title":{"rendered":"Vientos del Este"},"content":{"rendered":"<div class=\"wp-block-image\">\n<figure class=\"aligncenter size-large is-resized\"><a href=\"https:\/\/www.elsindical.com.ar\/notas\/var\/www\/html\/notas\/wp-content\/uploads\/2025\/08\/Viento-del-Este.jpeg\"><img loading=\"lazy\" decoding=\"async\" width=\"1024\" height=\"1024\" src=\"https:\/\/www.elsindical.com.ar\/notas\/var\/www\/html\/notas\/wp-content\/uploads\/2025\/08\/Viento-del-Este-1024x1024.jpeg\" alt=\"\" class=\"wp-image-139468\" style=\"width:562px;height:auto\" srcset=\"https:\/\/www.elsindical.com.ar\/notas\/var\/www\/html\/notas\/wp-content\/uploads\/2025\/08\/Viento-del-Este-1024x1024.jpeg 1024w, https:\/\/www.elsindical.com.ar\/notas\/var\/www\/html\/notas\/wp-content\/uploads\/2025\/08\/Viento-del-Este-300x300.jpeg 300w, https:\/\/www.elsindical.com.ar\/notas\/var\/www\/html\/notas\/wp-content\/uploads\/2025\/08\/Viento-del-Este-150x150.jpeg 150w, https:\/\/www.elsindical.com.ar\/notas\/var\/www\/html\/notas\/wp-content\/uploads\/2025\/08\/Viento-del-Este-768x768.jpeg 768w, https:\/\/www.elsindical.com.ar\/notas\/var\/www\/html\/notas\/wp-content\/uploads\/2025\/08\/Viento-del-Este-50x50.jpeg 50w, https:\/\/www.elsindical.com.ar\/notas\/var\/www\/html\/notas\/wp-content\/uploads\/2025\/08\/Viento-del-Este.jpeg 1080w\" sizes=\"auto, (max-width: 1024px) 100vw, 1024px\" \/><\/a><\/figure>\n<\/div>\n\n\n<p class=\"wp-block-paragraph\">En el marco del ciclo \u201cFicciones de la memoria\u201d este martes a las 19:30 en \u00cdtaca (<strong>Humahuaca 4027<\/strong>) se proyecta \u201cViento del este\u201d. Un film de Maia Gatt\u00e1s Vargas con gui\u00f3n y producci\u00f3n de Marcelo Burd. Entradas con descuento para estudiantes. Los esperamos!\u00a0<\/p>\n","protected":false},"excerpt":{"rendered":"<p>En el marco del ciclo \u201cFicciones de la memoria\u201d este martes a las 19:30 en \u00cdtaca (Humahuaca 4027) se proyecta \u201cViento del este\u201d. Un film de Maia Gatt\u00e1s Vargas con gui\u00f3n y producci\u00f3n de Marcelo Burd. Entradas con descuento para estudiantes. Los esperamos!\u00a0<\/p>\n","protected":false},"author":1,"featured_media":139468,"comment_status":"open","ping_status":"open","sticky":false,"template":"","format":"standard","meta":{"footnotes":""},"categories":[15],"tags":[35231,2450,45703,45702,37311,45701],"class_list":["post-139467","post","type-post","status-publish","format-standard","has-post-thumbnail","hentry","category-espectaculos","tag-alternativa-teatral","tag-diario-el-sindical","tag-dicumental","tag-maia-gattas-vargas","tag-marcelo-burd","tag-vientos-del-este"],"_links":{"self":[{"href":"https:\/\/www.elsindical.com.ar\/notas\/wp-json\/wp\/v2\/posts\/139467","targetHints":{"allow":["GET"]}}],"collection":[{"href":"https:\/\/www.elsindical.com.ar\/notas\/wp-json\/wp\/v2\/posts"}],"about":[{"href":"https:\/\/www.elsindical.com.ar\/notas\/wp-json\/wp\/v2\/types\/post"}],"author":[{"embeddable":true,"href":"https:\/\/www.elsindical.com.ar\/notas\/wp-json\/wp\/v2\/users\/1"}],"replies":[{"embeddable":true,"href":"https:\/\/www.elsindical.com.ar\/notas\/wp-json\/wp\/v2\/comments?post=139467"}],"version-history":[{"count":1,"href":"https:\/\/www.elsindical.com.ar\/notas\/wp-json\/wp\/v2\/posts\/139467\/revisions"}],"predecessor-version":[{"id":139469,"href":"https:\/\/www.elsindical.com.ar\/notas\/wp-json\/wp\/v2\/posts\/139467\/revisions\/139469"}],"wp:featuredmedia":[{"embeddable":true,"href":"https:\/\/www.elsindical.com.ar\/notas\/wp-json\/wp\/v2\/media\/139468"}],"wp:attachment":[{"href":"https:\/\/www.elsindical.com.ar\/notas\/wp-json\/wp\/v2\/media?parent=139467"}],"wp:term":[{"taxonomy":"category","embeddable":true,"href":"https:\/\/www.elsindical.com.ar\/notas\/wp-json\/wp\/v2\/categories?post=139467"},{"taxonomy":"post_tag","embeddable":true,"href":"https:\/\/www.elsindical.com.ar\/notas\/wp-json\/wp\/v2\/tags?post=139467"}],"curies":[{"name":"wp","href":"https:\/\/api.w.org\/{rel}","templated":true}]}}