{"id":139448,"date":"2025-08-10T20:40:51","date_gmt":"2025-08-10T23:40:51","guid":{"rendered":"https:\/\/www.elsindical.com.ar\/notas\/?p=139448"},"modified":"2025-08-10T20:40:56","modified_gmt":"2025-08-10T23:40:56","slug":"daniel-sabsay-cuestiono-las-medidas-de-milei-hay-doble-estandar-como-con-cristina-cada-vez-se-parecen-mas-expreso","status":"publish","type":"post","link":"https:\/\/www.elsindical.com.ar\/notas\/daniel-sabsay-cuestiono-las-medidas-de-milei-hay-doble-estandar-como-con-cristina-cada-vez-se-parecen-mas-expreso\/","title":{"rendered":"Daniel Sabsay cuestion\u00f3 las medidas de Milei: \u00abHay doble est\u00e1ndar como con Cristina, cada vez se parecen m\u00e1s\u00bb, expres\u00f3"},"content":{"rendered":"<div class=\"wp-block-image\">\n<figure class=\"aligncenter size-full\"><a href=\"https:\/\/www.elsindical.com.ar\/notas\/var\/www\/html\/notas\/wp-content\/uploads\/2025\/08\/Daniel-Sabsay-3.jpg\"><img loading=\"lazy\" decoding=\"async\" width=\"700\" height=\"370\" src=\"https:\/\/www.elsindical.com.ar\/notas\/var\/www\/html\/notas\/wp-content\/uploads\/2025\/08\/Daniel-Sabsay-3.jpg\" alt=\"\" class=\"wp-image-139449\" srcset=\"https:\/\/www.elsindical.com.ar\/notas\/var\/www\/html\/notas\/wp-content\/uploads\/2025\/08\/Daniel-Sabsay-3.jpg 700w, https:\/\/www.elsindical.com.ar\/notas\/var\/www\/html\/notas\/wp-content\/uploads\/2025\/08\/Daniel-Sabsay-3-300x159.jpg 300w\" sizes=\"auto, (max-width: 700px) 100vw, 700px\" \/><\/a><\/figure>\n<\/div>\n\n\n<p>El abogado constitucionalista Daniel Sabsay critic\u00f3 las medidas que anunci\u00f3 el presidente Javier Milei para blindar el equilibrio fiscal y penalizar el aumento del gasto, y lo compar\u00f3 con la expresidenta Cristina Fern\u00e1ndez de Kirchner.<\/p>\n\n\n\n<p>\u201cNo estoy a favor de que haya inflaci\u00f3n, pero hay que entender que hay plata para gastos de inteligencia y viajes muy costosos. Hay doble est\u00e1ndar como con Cristina (Fern\u00e1ndez de Kirchner), cada vez se parecen m\u00e1s\u201d, expres\u00f3 en declaraciones radiales.<\/p>\n\n\n\n<p>Y critic\u00f3 tambi\u00e9n las intenciones del Poder Ejecutivo de penalizar la aprobaci\u00f3n del Presupuesto y se mostr\u00f3 en contra de castigar a los legisladores que voten a favor. \u201cMilei siempre fractura en dos a la sociedad: los que est\u00e1n conmigo son buenos y los que no, enemigos. \u00c9l habla de penalizar, se olvida que los delitos se crean por leyes y no por decretos, eso lo dice la Constituci\u00f3n\u201d, afirm\u00f3 el abogado.<\/p>\n\n\n\n<p>Para Sabsay es incompatible concebir como delito que los legisladores voten en el Congreso Nacional, y acus\u00f3 a Javier Milei de intentar aplicar un sistema \u201cal estilo (Nayib) Bukele\u201d. \u201cMe pregunto, \u00bflos diputados que no voten como \u00e9l quiere son delincuentes? C\u00f3mo es posible concebir un delito de esa naturaleza en un sistema democr\u00e1tico\u201d, mencion\u00f3 el magistrado.<\/p>\n\n\n\n<p>\u201cEs una locura, no tiene ni pies ni cabezas. Para eso terminemos con la democracia y directamente un monarca que impon\u00eda la pena de muerte. Es el estilo Bukele. Se encamina, con matices\u201d, asegur\u00f3, y acot\u00f3: \u201cLo que importa es desde el punto de vista legal si corre o no. Me puede gustar que haya d\u00e9ficit cero, pero eso no quiere decir que el diputado que vote en contra de eso sea un delincuente que haya que meter preso. Son dos cosas diferentes\u201d.<\/p>\n\n\n\n<p>En otro momento de la entrevista, Sabsay se\u00f1al\u00f3 que Milei es un anarco capitalista que \u201cno cree en el Estado y no creen en la Constituci\u00f3n, que es la base de un Estado, y tampoco en la Rep\u00fablica\u201d, y denunci\u00f3 ataques de los laderos que rodean a Milei. \u00abAc\u00e1 se dice \u2018como lo dem\u00e1s hicieron mal, por qu\u00e9 no lo dejamos a estos\u2019, y qu\u00e9 importa que los otros hicieron mal, cu\u00e1ndo terminamos con el c\u00edrculo maldito. Hicieron mal y fui s\u00faper cr\u00edtico del kirchnerismo\u00bb, apunt\u00f3.<\/p>\n\n\n\n<p>\u201cLamentablemente no hay herramientas frente al planteo del Ejecutivo. El gran riesgo que corremos es que el poder sea uno solo, el del Ejecutivo y que el resto quede de decoraci\u00f3n\u201d, destac\u00f3.<\/p>\n\n\n\n<p>Finalizando, se vio decepcionado de la gesti\u00f3n que encarna la administraci\u00f3n libertaria, tras confesar que vot\u00f3 a Milei en el balotaje, y se desmarc\u00f3 del programa de ajuste. \u201cSe ha reconducido el presupuesto anterior. Es una barbaridad. No est\u00e1 bien, es una anomal\u00eda que se vuelve normalidad\u201d, asegur\u00f3.<\/p>\n\n\n\n<p>\u201cNosotros pens\u00e1bamos que este Gobierno iba a terminar con eso. Yo lo vot\u00e9, estoy muy desilusionado\u201d, reconoci\u00f3 y afirm\u00f3: \u201cSi corto todo, asfixio, dejo que el Garrahan se destruya, que no haya universidades p\u00fablicas, \u00bfa ese costo vale la pena no tener inflaci\u00f3n? No estoy a favor de que haya inflaci\u00f3n, pero hay que entender que hay plata para gastos de inteligencia y viajes muy costosos\u201d.<\/p>\n","protected":false},"excerpt":{"rendered":"<p>El abogado constitucionalista Daniel Sabsay critic\u00f3 las medidas que anunci\u00f3 el presidente Javier Milei para blindar el equilibrio fiscal y penalizar el aumento del gasto, y lo compar\u00f3 con la expresidenta Cristina Fern\u00e1ndez de Kirchner. \u201cNo estoy a favor de que haya inflaci\u00f3n, pero hay que entender que hay plata para gastos de inteligencia y&hellip;<\/p>\n","protected":false},"author":1,"featured_media":139449,"comment_status":"open","ping_status":"open","sticky":false,"template":"","format":"standard","meta":{"footnotes":""},"categories":[21,13],"tags":[1205,29665,2450,28812,45695],"class_list":["post-139448","post","type-post","status-publish","format-standard","has-post-thumbnail","hentry","category-opinion","category-politica","tag-cristina-fernandez-de-kirchner","tag-daniel-sabsay","tag-diario-el-sindical","tag-javier-milei","tag-medidas-de-gobierno"],"_links":{"self":[{"href":"https:\/\/www.elsindical.com.ar\/notas\/wp-json\/wp\/v2\/posts\/139448","targetHints":{"allow":["GET"]}}],"collection":[{"href":"https:\/\/www.elsindical.com.ar\/notas\/wp-json\/wp\/v2\/posts"}],"about":[{"href":"https:\/\/www.elsindical.com.ar\/notas\/wp-json\/wp\/v2\/types\/post"}],"author":[{"embeddable":true,"href":"https:\/\/www.elsindical.com.ar\/notas\/wp-json\/wp\/v2\/users\/1"}],"replies":[{"embeddable":true,"href":"https:\/\/www.elsindical.com.ar\/notas\/wp-json\/wp\/v2\/comments?post=139448"}],"version-history":[{"count":1,"href":"https:\/\/www.elsindical.com.ar\/notas\/wp-json\/wp\/v2\/posts\/139448\/revisions"}],"predecessor-version":[{"id":139450,"href":"https:\/\/www.elsindical.com.ar\/notas\/wp-json\/wp\/v2\/posts\/139448\/revisions\/139450"}],"wp:featuredmedia":[{"embeddable":true,"href":"https:\/\/www.elsindical.com.ar\/notas\/wp-json\/wp\/v2\/media\/139449"}],"wp:attachment":[{"href":"https:\/\/www.elsindical.com.ar\/notas\/wp-json\/wp\/v2\/media?parent=139448"}],"wp:term":[{"taxonomy":"category","embeddable":true,"href":"https:\/\/www.elsindical.com.ar\/notas\/wp-json\/wp\/v2\/categories?post=139448"},{"taxonomy":"post_tag","embeddable":true,"href":"https:\/\/www.elsindical.com.ar\/notas\/wp-json\/wp\/v2\/tags?post=139448"}],"curies":[{"name":"wp","href":"https:\/\/api.w.org\/{rel}","templated":true}]}}