{"id":139437,"date":"2025-08-10T15:33:49","date_gmt":"2025-08-10T18:33:49","guid":{"rendered":"https:\/\/www.elsindical.com.ar\/notas\/?p=139437"},"modified":"2025-08-10T16:13:42","modified_gmt":"2025-08-10T19:13:42","slug":"pinamar-sirenazos-falta-de-respuesta-municipal-y-marcha-en-memoria-de-fausto","status":"publish","type":"post","link":"https:\/\/www.elsindical.com.ar\/notas\/pinamar-sirenazos-falta-de-respuesta-municipal-y-marcha-en-memoria-de-fausto\/","title":{"rendered":"Pinamar: Sirenazos, falta de respuesta municipal y marcha en memoria de Fausto"},"content":{"rendered":"<div class=\"wp-block-image\">\n<figure class=\"aligncenter size-large\"><a href=\"https:\/\/www.elsindical.com.ar\/notas\/var\/www\/html\/notas\/wp-content\/uploads\/2025\/08\/Fausto-y-Carina-ByN.jpg\"><img loading=\"lazy\" decoding=\"async\" width=\"641\" height=\"1024\" src=\"https:\/\/www.elsindical.com.ar\/notas\/var\/www\/html\/notas\/wp-content\/uploads\/2025\/08\/Fausto-y-Carina-ByN-641x1024.jpg\" alt=\"\" class=\"wp-image-139445\" srcset=\"https:\/\/www.elsindical.com.ar\/notas\/var\/www\/html\/notas\/wp-content\/uploads\/2025\/08\/Fausto-y-Carina-ByN-641x1024.jpg 641w, https:\/\/www.elsindical.com.ar\/notas\/var\/www\/html\/notas\/wp-content\/uploads\/2025\/08\/Fausto-y-Carina-ByN-188x300.jpg 188w, https:\/\/www.elsindical.com.ar\/notas\/var\/www\/html\/notas\/wp-content\/uploads\/2025\/08\/Fausto-y-Carina-ByN.jpg 693w\" sizes=\"auto, (max-width: 641px) 100vw, 641px\" \/><\/a><\/figure>\n<\/div>\n\n\n<p>   El pedido de justicia por Fausto, sigue vigente por parte de su madre Carina Zabala, la cual sigue esperando que el intendente local <strong>Juan Manuel Ibarguren<\/strong>, la reciba y le brinde alguna explicaci\u00f3n de los motivos por los cu\u00e1les no se controlaban las obras, pero principalmente por qu\u00e9 encubren la negligencia criminal del Director de Obras Particulares el arquitecto <strong>Nicol\u00e1s Villalba<\/strong>.<\/p>\n\n\n\n<p>M\u00e1s all\u00e1 de la falta de respuestas del municipio, hay una marcada intencionalidad de salir a confrontar con la madre que reclama justicia, obviamente no lo hacen explicito, pero el hecho de mandar a remover todo lo que tenga la leyenda justicia por Fausto, los muestra como lo que son, unos encubridores y c\u00f3mplices de delitos de acci\u00f3n p\u00fablica, lo que no les importa porque gozan de la impunidad que da el poder y la corrupci\u00f3n donde varios funcionarios judiciales han quedado expuestos por la forma de encarar los procesos y por jugar a los distra\u00eddos en medidas que no se tomaron.<\/p>\n\n\n\n<p>La falta de empat\u00eda no es solo de los funcionarios, sino que ahora son sus esposas o parejas las que salen a cuestionar la responsabilidad de los imputados por no brindar las medidas de seguridad a sus trabajadores, de los funcionarios por no controlar y sugieren sin un poco de verg\u00fcenza que si un trabajador se accidenta o muere, sin tener los elementos de seguridad, tambi\u00e9n es responsable por aceptar trabajar en esas condiciones.<\/p>\n\n\n\n<p>Estos personajes, solo pretenden generar dudas en quienes se solidarizan con la familia y reclaman justicia la Ley solo exige los cuidados a los responsables que desde que comenz\u00f3 el reclamo de justicia, sobran ejemplos de incumplimientos y trabajo en condiciones deficientes.<\/p>\n\n\n\n<h2 class=\"wp-block-heading\">Sirenazo 65 frente al municipio<\/h2>\n\n\n<div class=\"wp-block-image\">\n<figure class=\"aligncenter size-full\"><a href=\"https:\/\/www.elsindical.com.ar\/notas\/var\/www\/html\/notas\/wp-content\/uploads\/2025\/08\/sirenazo-65-frente-a-la-municipalidad-de-Pinamar.jpg\"><img loading=\"lazy\" decoding=\"async\" width=\"500\" height=\"787\" src=\"https:\/\/www.elsindical.com.ar\/notas\/var\/www\/html\/notas\/wp-content\/uploads\/2025\/08\/sirenazo-65-frente-a-la-municipalidad-de-Pinamar.jpg\" alt=\"\" class=\"wp-image-139438\" srcset=\"https:\/\/www.elsindical.com.ar\/notas\/var\/www\/html\/notas\/wp-content\/uploads\/2025\/08\/sirenazo-65-frente-a-la-municipalidad-de-Pinamar.jpg 500w, https:\/\/www.elsindical.com.ar\/notas\/var\/www\/html\/notas\/wp-content\/uploads\/2025\/08\/sirenazo-65-frente-a-la-municipalidad-de-Pinamar-191x300.jpg 191w\" sizes=\"auto, (max-width: 500px) 100vw, 500px\" \/><\/a><\/figure>\n<\/div>\n\n\n<figure class=\"wp-block-embed is-type-video is-provider-youtube wp-block-embed-youtube wp-embed-aspect-16-9 wp-has-aspect-ratio\"><div class=\"wp-block-embed__wrapper\">\n<iframe loading=\"lazy\" title=\"Pinamar srenazo 65 frente al municipio\" width=\"700\" height=\"394\" src=\"https:\/\/www.youtube.com\/embed\/FA_3CGE4Zsg?feature=oembed\" frameborder=\"0\" allow=\"accelerometer; autoplay; clipboard-write; encrypted-media; gyroscope; picture-in-picture; web-share\" referrerpolicy=\"strict-origin-when-cross-origin\" allowfullscreen><\/iframe>\n<\/div><\/figure>\n\n\n\n<h2 class=\"wp-block-heading\">La falta de empat\u00eda de los relacionados a los empresarios<\/h2>\n\n\n\n<p>   Carina Zabala le respondi\u00f3 a una mujer que cuestionaba la responsabilidad de los empresarios y cargaba la culpa en Fausto.<\/p>\n\n\n\n<p><strong>S\u00e9 de trabajadores que pidieron las medidas de seguridad y fueron despedidos, hasta incluso , sin pagarles lo trabajado. Me consta porque he hablado con muchos de ellos. Cuando los responsables no se hacen cargo viene la NEGLIGENCIA. Y cuando se los pone en evidencia \u00absaltan\u00bb indignados.<\/strong><\/p>\n\n\n<div class=\"wp-block-image\">\n<figure class=\"aligncenter size-full\"><a href=\"https:\/\/www.elsindical.com.ar\/notas\/var\/www\/html\/notas\/wp-content\/uploads\/2025\/08\/falta-de-empatia.jpg\"><img loading=\"lazy\" decoding=\"async\" width=\"500\" height=\"877\" src=\"https:\/\/www.elsindical.com.ar\/notas\/var\/www\/html\/notas\/wp-content\/uploads\/2025\/08\/falta-de-empatia.jpg\" alt=\"\" class=\"wp-image-139439\" srcset=\"https:\/\/www.elsindical.com.ar\/notas\/var\/www\/html\/notas\/wp-content\/uploads\/2025\/08\/falta-de-empatia.jpg 500w, https:\/\/www.elsindical.com.ar\/notas\/var\/www\/html\/notas\/wp-content\/uploads\/2025\/08\/falta-de-empatia-171x300.jpg 171w\" sizes=\"auto, (max-width: 500px) 100vw, 500px\" \/><\/a><\/figure>\n<\/div>\n\n\n<h2 class=\"wp-block-heading\">Sirenazo 74 frente a los edificios Positive Tower 3 &amp; 4<\/h2>\n\n\n\n<p>   Carina, la madre que reclama justicia en el municipio y frente a uno de los edificios donde muri\u00f3 su hijo Fausto. A la fecha la justicia solo ha avanzado en la perimetral que protege la tranquilidad de los empresarios Iv\u00e1n Renkine y Gustavo Gabriel Mari, pero demora en la investigaci\u00f3n de la muerte de Fausto, no citan a funcionarios que no tienen una excusa que los exima de responsabilidad.<\/p>\n\n\n<div class=\"wp-block-image\">\n<figure class=\"aligncenter size-full\"><a href=\"https:\/\/www.elsindical.com.ar\/notas\/var\/www\/html\/notas\/wp-content\/uploads\/2025\/08\/sirenazo-74-Positiv-Tower.jpg\"><img loading=\"lazy\" decoding=\"async\" width=\"500\" height=\"860\" src=\"https:\/\/www.elsindical.com.ar\/notas\/var\/www\/html\/notas\/wp-content\/uploads\/2025\/08\/sirenazo-74-Positiv-Tower.jpg\" alt=\"\" class=\"wp-image-139440\" srcset=\"https:\/\/www.elsindical.com.ar\/notas\/var\/www\/html\/notas\/wp-content\/uploads\/2025\/08\/sirenazo-74-Positiv-Tower.jpg 500w, https:\/\/www.elsindical.com.ar\/notas\/var\/www\/html\/notas\/wp-content\/uploads\/2025\/08\/sirenazo-74-Positiv-Tower-174x300.jpg 174w\" sizes=\"auto, (max-width: 500px) 100vw, 500px\" \/><\/a><\/figure>\n<\/div>\n\n\n<figure class=\"wp-block-embed is-type-video is-provider-youtube wp-block-embed-youtube wp-embed-aspect-16-9 wp-has-aspect-ratio\"><div class=\"wp-block-embed__wrapper\">\n<iframe loading=\"lazy\" title=\"Sirenazo 74 frente a los edificios Positive Tower 3 &amp; 4\" width=\"700\" height=\"394\" src=\"https:\/\/www.youtube.com\/embed\/tI0ECcPh_3k?feature=oembed\" frameborder=\"0\" allow=\"accelerometer; autoplay; clipboard-write; encrypted-media; gyroscope; picture-in-picture; web-share\" referrerpolicy=\"strict-origin-when-cross-origin\" allowfullscreen><\/iframe>\n<\/div><\/figure>\n\n\n\n<h2 class=\"wp-block-heading\">Marchamos por Fausto<\/h2>\n\n\n\n<p>Cuando se acerca un tsunami , el mar se repliega, retrocede .<\/p>\n\n\n\n<p>Se percibe una calma enga\u00f1osa .<\/p>\n\n\n\n<p><a><\/a>Y cuando menos lo esper\u00e1s arrasa con una ola gigante llevando por delante todo lo que encuentra en la costa.<\/p>\n\n\n\n<p>Parecido a la Lucha de las madres que buscamos justicia por la muerte de un hijo.<\/p>\n\n\n<div class=\"wp-block-image\">\n<figure class=\"aligncenter size-full\"><a href=\"https:\/\/www.elsindical.com.ar\/notas\/var\/www\/html\/notas\/wp-content\/uploads\/2025\/08\/Marchamos-por-Fausto-12-agosto-2025.jpg\"><img loading=\"lazy\" decoding=\"async\" width=\"684\" height=\"827\" src=\"https:\/\/www.elsindical.com.ar\/notas\/var\/www\/html\/notas\/wp-content\/uploads\/2025\/08\/Marchamos-por-Fausto-12-agosto-2025.jpg\" alt=\"\" class=\"wp-image-139441\" srcset=\"https:\/\/www.elsindical.com.ar\/notas\/var\/www\/html\/notas\/wp-content\/uploads\/2025\/08\/Marchamos-por-Fausto-12-agosto-2025.jpg 684w, https:\/\/www.elsindical.com.ar\/notas\/var\/www\/html\/notas\/wp-content\/uploads\/2025\/08\/Marchamos-por-Fausto-12-agosto-2025-248x300.jpg 248w\" sizes=\"auto, (max-width: 684px) 100vw, 684px\" \/><\/a><\/figure>\n<\/div>\n\n\n<figure class=\"wp-block-embed is-type-video is-provider-youtube wp-block-embed-youtube wp-embed-aspect-16-9 wp-has-aspect-ratio\"><div class=\"wp-block-embed__wrapper\">\n<iframe loading=\"lazy\" title=\"Pinamar 12 de agosto marcha justicia por Fausto\" width=\"700\" height=\"394\" src=\"https:\/\/www.youtube.com\/embed\/0TYPTX_KsHM?feature=oembed\" frameborder=\"0\" allow=\"accelerometer; autoplay; clipboard-write; encrypted-media; gyroscope; picture-in-picture; web-share\" referrerpolicy=\"strict-origin-when-cross-origin\" allowfullscreen><\/iframe>\n<\/div><\/figure>\n","protected":false},"excerpt":{"rendered":"<p>El pedido de justicia por Fausto, sigue vigente por parte de su madre Carina Zabala, la cual sigue esperando que el intendente local Juan Manuel Ibarguren, la reciba y le brinde alguna explicaci\u00f3n de los motivos por los cu\u00e1les no se controlaban las obras, pero principalmente por qu\u00e9 encubren la negligencia criminal del Director de&hellip;<\/p>\n","protected":false},"author":1,"featured_media":139445,"comment_status":"open","ping_status":"open","sticky":false,"template":"","format":"standard","meta":{"footnotes":""},"categories":[10,25],"tags":[44666,2450,44736,44667,44811,44708,23966,45023,1516,1228],"class_list":["post-139437","post","type-post","status-publish","format-standard","has-post-thumbnail","hentry","category-editorial","category-sociedad","tag-carina-zabala","tag-diario-el-sindical","tag-gustavo-gabriel-mari","tag-ivan-renkine","tag-juan-manuel-ibarguren","tag-justicia-por-fausto","tag-martin-yeza","tag-nicolas-villalba","tag-pinamar","tag-uocra"],"_links":{"self":[{"href":"https:\/\/www.elsindical.com.ar\/notas\/wp-json\/wp\/v2\/posts\/139437","targetHints":{"allow":["GET"]}}],"collection":[{"href":"https:\/\/www.elsindical.com.ar\/notas\/wp-json\/wp\/v2\/posts"}],"about":[{"href":"https:\/\/www.elsindical.com.ar\/notas\/wp-json\/wp\/v2\/types\/post"}],"author":[{"embeddable":true,"href":"https:\/\/www.elsindical.com.ar\/notas\/wp-json\/wp\/v2\/users\/1"}],"replies":[{"embeddable":true,"href":"https:\/\/www.elsindical.com.ar\/notas\/wp-json\/wp\/v2\/comments?post=139437"}],"version-history":[{"count":5,"href":"https:\/\/www.elsindical.com.ar\/notas\/wp-json\/wp\/v2\/posts\/139437\/revisions"}],"predecessor-version":[{"id":139447,"href":"https:\/\/www.elsindical.com.ar\/notas\/wp-json\/wp\/v2\/posts\/139437\/revisions\/139447"}],"wp:featuredmedia":[{"embeddable":true,"href":"https:\/\/www.elsindical.com.ar\/notas\/wp-json\/wp\/v2\/media\/139445"}],"wp:attachment":[{"href":"https:\/\/www.elsindical.com.ar\/notas\/wp-json\/wp\/v2\/media?parent=139437"}],"wp:term":[{"taxonomy":"category","embeddable":true,"href":"https:\/\/www.elsindical.com.ar\/notas\/wp-json\/wp\/v2\/categories?post=139437"},{"taxonomy":"post_tag","embeddable":true,"href":"https:\/\/www.elsindical.com.ar\/notas\/wp-json\/wp\/v2\/tags?post=139437"}],"curies":[{"name":"wp","href":"https:\/\/api.w.org\/{rel}","templated":true}]}}