{"id":139428,"date":"2025-08-10T10:52:01","date_gmt":"2025-08-10T13:52:01","guid":{"rendered":"https:\/\/www.elsindical.com.ar\/notas\/?p=139428"},"modified":"2025-08-10T10:52:07","modified_gmt":"2025-08-10T13:52:07","slug":"cuenta-dni-ofrece-plazos-fijos-con-una-de-las-tasas-mas-atractivas-del-mercado","status":"publish","type":"post","link":"https:\/\/www.elsindical.com.ar\/notas\/cuenta-dni-ofrece-plazos-fijos-con-una-de-las-tasas-mas-atractivas-del-mercado\/","title":{"rendered":"Cuenta DNI ofrece plazos fijos con una de las tasas m\u00e1s atractivas del mercado"},"content":{"rendered":"\n<figure class=\"wp-block-image size-large\"><a href=\"https:\/\/www.elsindical.com.ar\/notas\/var\/www\/html\/notas\/wp-content\/uploads\/2023\/09\/cuenta-DNI.jpg\"><img loading=\"lazy\" decoding=\"async\" width=\"1024\" height=\"576\" src=\"https:\/\/www.elsindical.com.ar\/notas\/var\/www\/html\/notas\/wp-content\/uploads\/2023\/09\/cuenta-DNI-1024x576.jpg\" alt=\"\" class=\"wp-image-124952\" srcset=\"https:\/\/www.elsindical.com.ar\/notas\/var\/www\/html\/notas\/wp-content\/uploads\/2023\/09\/cuenta-DNI-1024x576.jpg 1024w, https:\/\/www.elsindical.com.ar\/notas\/var\/www\/html\/notas\/wp-content\/uploads\/2023\/09\/cuenta-DNI-300x169.jpg 300w, https:\/\/www.elsindical.com.ar\/notas\/var\/www\/html\/notas\/wp-content\/uploads\/2023\/09\/cuenta-DNI-768x432.jpg 768w, https:\/\/www.elsindical.com.ar\/notas\/var\/www\/html\/notas\/wp-content\/uploads\/2023\/09\/cuenta-DNI-500x281.jpg 500w, https:\/\/www.elsindical.com.ar\/notas\/var\/www\/html\/notas\/wp-content\/uploads\/2023\/09\/cuenta-DNI-460x260.jpg 460w, https:\/\/www.elsindical.com.ar\/notas\/var\/www\/html\/notas\/wp-content\/uploads\/2023\/09\/cuenta-DNI.jpg 1200w\" sizes=\"auto, (max-width: 1024px) 100vw, 1024px\" \/><\/a><\/figure>\n\n\n\n<p>La billetera virtual del Banco Provincia, Cuenta DNI, permite armar plazos fijos con una tasa del 39 por ciento anual. El paso a paso.<\/p>\n\n\n\n<p><strong>La billetera digital del Banco Provincia,&nbsp;Cuenta DNI, subi\u00f3 la tasa de inter\u00e9s de su nueva herramienta de plazos fijos al&nbsp;39% anual<\/strong> para competir fuerte en el mercado del ahorro y fomentar la inclusi\u00f3n financiera.<\/p>\n\n\n\n<p><strong>La propuesta, que inicialmente ofrec\u00eda una tasa del 36%, fue mejorada al 39% como beneficio especial de lanzamiento,<\/strong> posicion\u00e1ndose como una de las m\u00e1s atractivas del mercado. Se puede realizar de lunes a viernes, de 6 a 21, informaron desde la banca provincial.<\/p>\n\n\n\n<p><strong>Armar un plazo fijo<\/strong> es muy sencillo, se debe ingresar a \u201cinversiones\u201d, seleccionar el monto deseado y marcar el tiempo que se desea guardar ese dinero: 30, 60 y 90 d\u00edas.<\/p>\n\n\n\n<p>Una vez vencido el plazo, el dinero (con los intereses ganados) cae en la cuenta y el cliente decide si quiere volver a armarlo o usarlo.<\/p>\n\n\n\n<p><strong>Est\u00e1 disponible para todas las personas usuarias, incluyendo a&nbsp;j\u00f3venes y adolescentes&nbsp;desde los&nbsp;13 a\u00f1os.<\/strong><\/p>\n","protected":false},"excerpt":{"rendered":"<p>La billetera virtual del Banco Provincia, Cuenta DNI, permite armar plazos fijos con una tasa del 39 por ciento anual. El paso a paso. La billetera digital del Banco Provincia,&nbsp;Cuenta DNI, subi\u00f3 la tasa de inter\u00e9s de su nueva herramienta de plazos fijos al&nbsp;39% anual para competir fuerte en el mercado del ahorro y fomentar&hellip;<\/p>\n","protected":false},"author":1,"featured_media":124952,"comment_status":"open","ping_status":"open","sticky":false,"template":"","format":"standard","meta":{"footnotes":""},"categories":[9],"tags":[40953,2450,22023,30710],"class_list":["post-139428","post","type-post","status-publish","format-standard","has-post-thumbnail","hentry","category-economia","tag-cuenta-dni","tag-diario-el-sindical","tag-economia","tag-plazo-fijo"],"_links":{"self":[{"href":"https:\/\/www.elsindical.com.ar\/notas\/wp-json\/wp\/v2\/posts\/139428","targetHints":{"allow":["GET"]}}],"collection":[{"href":"https:\/\/www.elsindical.com.ar\/notas\/wp-json\/wp\/v2\/posts"}],"about":[{"href":"https:\/\/www.elsindical.com.ar\/notas\/wp-json\/wp\/v2\/types\/post"}],"author":[{"embeddable":true,"href":"https:\/\/www.elsindical.com.ar\/notas\/wp-json\/wp\/v2\/users\/1"}],"replies":[{"embeddable":true,"href":"https:\/\/www.elsindical.com.ar\/notas\/wp-json\/wp\/v2\/comments?post=139428"}],"version-history":[{"count":1,"href":"https:\/\/www.elsindical.com.ar\/notas\/wp-json\/wp\/v2\/posts\/139428\/revisions"}],"predecessor-version":[{"id":139429,"href":"https:\/\/www.elsindical.com.ar\/notas\/wp-json\/wp\/v2\/posts\/139428\/revisions\/139429"}],"wp:featuredmedia":[{"embeddable":true,"href":"https:\/\/www.elsindical.com.ar\/notas\/wp-json\/wp\/v2\/media\/124952"}],"wp:attachment":[{"href":"https:\/\/www.elsindical.com.ar\/notas\/wp-json\/wp\/v2\/media?parent=139428"}],"wp:term":[{"taxonomy":"category","embeddable":true,"href":"https:\/\/www.elsindical.com.ar\/notas\/wp-json\/wp\/v2\/categories?post=139428"},{"taxonomy":"post_tag","embeddable":true,"href":"https:\/\/www.elsindical.com.ar\/notas\/wp-json\/wp\/v2\/tags?post=139428"}],"curies":[{"name":"wp","href":"https:\/\/api.w.org\/{rel}","templated":true}]}}