{"id":139410,"date":"2025-08-08T19:51:53","date_gmt":"2025-08-08T22:51:53","guid":{"rendered":"https:\/\/www.elsindical.com.ar\/notas\/?p=139410"},"modified":"2025-08-08T19:51:59","modified_gmt":"2025-08-08T22:51:59","slug":"la-libertad-avanza-lanzo-su-primer-spot-de-cara-a-las-elecciones-de-la-provincia-de-buenos-aires-con-el-lema-kirchnerismo-nunca-mas","status":"publish","type":"post","link":"https:\/\/www.elsindical.com.ar\/notas\/la-libertad-avanza-lanzo-su-primer-spot-de-cara-a-las-elecciones-de-la-provincia-de-buenos-aires-con-el-lema-kirchnerismo-nunca-mas\/","title":{"rendered":"La Libertad Avanza lanz\u00f3 su primer spot de cara a las elecciones de la Provincia de Buenos Aires con el lema \u201cKirchnerismo nunca m\u00e1s\u201d"},"content":{"rendered":"<div class=\"wp-block-image\">\n<figure class=\"aligncenter size-full is-resized\"><a href=\"https:\/\/www.elsindical.com.ar\/notas\/var\/www\/html\/notas\/wp-content\/uploads\/2025\/08\/Spot-Milei-en-La-Matanza-agosto-2025.jpeg\"><img loading=\"lazy\" decoding=\"async\" width=\"700\" height=\"394\" src=\"https:\/\/www.elsindical.com.ar\/notas\/var\/www\/html\/notas\/wp-content\/uploads\/2025\/08\/Spot-Milei-en-La-Matanza-agosto-2025.jpeg\" alt=\"\" class=\"wp-image-139411\" style=\"width:812px;height:auto\" srcset=\"https:\/\/www.elsindical.com.ar\/notas\/var\/www\/html\/notas\/wp-content\/uploads\/2025\/08\/Spot-Milei-en-La-Matanza-agosto-2025.jpeg 700w, https:\/\/www.elsindical.com.ar\/notas\/var\/www\/html\/notas\/wp-content\/uploads\/2025\/08\/Spot-Milei-en-La-Matanza-agosto-2025-300x169.jpeg 300w, https:\/\/www.elsindical.com.ar\/notas\/var\/www\/html\/notas\/wp-content\/uploads\/2025\/08\/Spot-Milei-en-La-Matanza-agosto-2025-460x260.jpeg 460w\" sizes=\"auto, (max-width: 700px) 100vw, 700px\" \/><\/a><\/figure>\n<\/div>\n\n\n<p>El mensaje, con est\u00e9tica inspirada en el informe de la CONADEP, acus\u00f3 al kirchnerismo de provocar inseguridad, corrupci\u00f3n y deterioro econ\u00f3mico en la provincia.<\/p>\n\n\n\n<p>La Libertad Avanza lanz\u00f3 este jueves su primer spot de campa\u00f1a en la provincia de Buenos Aires, de cara a las elecciones legislativas del 7 de septiembre con un lema pol\u00e9mico: \u201c<strong>Kirchnerismo nunca m\u00e1s<\/strong>\u201c. <strong>El lanzamiento se produjo pocas horas despu\u00e9s de que el presidente Javier Milei posara junto a los candidatos a legisladores bonaerenses de su espacio.<\/strong><\/p>\n\n\n\n<p>El video retom\u00f3 el lema \u201c<strong>Kirchnerismo nunca m\u00e1s\u201d, con una tipograf\u00eda similar a la del hist\u00f3rico informe de la Comisi\u00f3n Nacional sobre la Desaparici\u00f3n de Personas (CONADEP)<\/strong>. Abri\u00f3 con im\u00e1genes de la bandera argentina, paisajes rurales y la costa bonaerense, mientras una voz en off describ\u00eda: \u201c<strong>Esta es la triste historia de la provincia de Buenos Aires, una tierra rica que podr\u00eda haber sido un para\u00edso, pero que la convirtieron en un infierno\u201d.<\/strong><\/p>\n\n\n\n<p>El spot present\u00f3 a Buenos Aires como<strong> \u201cla provincia con m\u00e1s homicidios, m\u00e1s robos y m\u00e1s miedo\u201d y afirm\u00f3 que \u201ca\u00f1o tras a\u00f1o, todo est\u00e1 peor<\/strong>\u201d. Las declaraciones se intercalaron con im\u00e1genes de marchas contra la inseguridad y videos de robos captados por c\u00e1maras de vigilancia.<\/p>\n\n\n\n<p>El mensaje apunt\u00f3 directamente al kirchnerismo como \u201cel \u00fanico culpable\u201d y lo defini\u00f3 como \u201cun aparato que hace d\u00e9cadas saquea la pol\u00edtica, que concibe la pol\u00edtica como un negocio personal\u201d. Tambi\u00e9n denunci\u00f3 que, tras perder la presidencia frente a Milei, <strong>\u201cse replegaron en el Estado provincial como aguantadero pol\u00edtico\u201d <\/strong>y que impulsaron la elecci\u00f3n legislativa provincial en fecha separada \u201cpara salvarse y seguir arruin\u00e1ndonos la vida\u201d.<\/p>\n\n\n\n<p>El spot cerr\u00f3 con im\u00e1genes de Javier Milei y una convocatoria expl\u00edcita: \u201c<strong>Tenemos que levantarnos, ir a votar y que cada boleta violeta sea un grito de libertad. Nunca m\u00e1s a la inseguridad, corrupci\u00f3n y clientelismo\u201d.<\/strong><\/p>\n\n\n\n<figure class=\"wp-block-embed is-type-rich is-provider-twitter wp-block-embed-twitter\"><div class=\"wp-block-embed__wrapper\">\n<blockquote class=\"twitter-tweet\" data-width=\"550\" data-dnt=\"true\"><p lang=\"es\" dir=\"ltr\">Este 7 de Septiembre, que cada voto sea un grito de Libertad.<br><br>KIRCHNERISMO NUNCA M\u00c1S. <a href=\"https:\/\/t.co\/23McrXSE1K\">pic.twitter.com\/23McrXSE1K<\/a><\/p>&mdash; La Libertad Avanza (@LLibertadAvanza) <a href=\"https:\/\/twitter.com\/LLibertadAvanza\/status\/1953822121836056662?ref_src=twsrc%5Etfw\">August 8, 2025<\/a><\/blockquote><script async src=\"https:\/\/platform.twitter.com\/widgets.js\" charset=\"utf-8\"><\/script>\n<\/div><\/figure>\n","protected":false},"excerpt":{"rendered":"<p>El mensaje, con est\u00e9tica inspirada en el informe de la CONADEP, acus\u00f3 al kirchnerismo de provocar inseguridad, corrupci\u00f3n y deterioro econ\u00f3mico en la provincia. La Libertad Avanza lanz\u00f3 este jueves su primer spot de campa\u00f1a en la provincia de Buenos Aires, de cara a las elecciones legislativas del 7 de septiembre con un lema pol\u00e9mico:&hellip;<\/p>\n","protected":false},"author":1,"featured_media":139411,"comment_status":"open","ping_status":"open","sticky":false,"template":"","format":"standard","meta":{"footnotes":""},"categories":[13],"tags":[45689,2450,28812,679,1401,40628],"class_list":["post-139410","post","type-post","status-publish","format-standard","has-post-thumbnail","hentry","category-politica","tag-conade","tag-diario-el-sindical","tag-javier-milei","tag-kirchnerismo","tag-la-matanza","tag-lla"],"_links":{"self":[{"href":"https:\/\/www.elsindical.com.ar\/notas\/wp-json\/wp\/v2\/posts\/139410","targetHints":{"allow":["GET"]}}],"collection":[{"href":"https:\/\/www.elsindical.com.ar\/notas\/wp-json\/wp\/v2\/posts"}],"about":[{"href":"https:\/\/www.elsindical.com.ar\/notas\/wp-json\/wp\/v2\/types\/post"}],"author":[{"embeddable":true,"href":"https:\/\/www.elsindical.com.ar\/notas\/wp-json\/wp\/v2\/users\/1"}],"replies":[{"embeddable":true,"href":"https:\/\/www.elsindical.com.ar\/notas\/wp-json\/wp\/v2\/comments?post=139410"}],"version-history":[{"count":1,"href":"https:\/\/www.elsindical.com.ar\/notas\/wp-json\/wp\/v2\/posts\/139410\/revisions"}],"predecessor-version":[{"id":139412,"href":"https:\/\/www.elsindical.com.ar\/notas\/wp-json\/wp\/v2\/posts\/139410\/revisions\/139412"}],"wp:featuredmedia":[{"embeddable":true,"href":"https:\/\/www.elsindical.com.ar\/notas\/wp-json\/wp\/v2\/media\/139411"}],"wp:attachment":[{"href":"https:\/\/www.elsindical.com.ar\/notas\/wp-json\/wp\/v2\/media?parent=139410"}],"wp:term":[{"taxonomy":"category","embeddable":true,"href":"https:\/\/www.elsindical.com.ar\/notas\/wp-json\/wp\/v2\/categories?post=139410"},{"taxonomy":"post_tag","embeddable":true,"href":"https:\/\/www.elsindical.com.ar\/notas\/wp-json\/wp\/v2\/tags?post=139410"}],"curies":[{"name":"wp","href":"https:\/\/api.w.org\/{rel}","templated":true}]}}