{"id":139400,"date":"2025-08-08T10:21:37","date_gmt":"2025-08-08T13:21:37","guid":{"rendered":"https:\/\/www.elsindical.com.ar\/notas\/?p=139400"},"modified":"2025-08-08T10:22:09","modified_gmt":"2025-08-08T13:22:09","slug":"preocupacion-de-la-came-por-el-cierre-de-la-secretaria-pyme","status":"publish","type":"post","link":"https:\/\/www.elsindical.com.ar\/notas\/preocupacion-de-la-came-por-el-cierre-de-la-secretaria-pyme\/","title":{"rendered":"Preocupaci\u00f3n de la CAME por el cierre de la Secretar\u00eda PyME"},"content":{"rendered":"<div class=\"wp-block-image\">\n<figure class=\"aligncenter size-full\"><a href=\"https:\/\/www.elsindical.com.ar\/notas\/var\/www\/html\/notas\/wp-content\/uploads\/2025\/08\/CAME-argentina.jpg\"><img loading=\"lazy\" decoding=\"async\" width=\"700\" height=\"394\" src=\"https:\/\/www.elsindical.com.ar\/notas\/var\/www\/html\/notas\/wp-content\/uploads\/2025\/08\/CAME-argentina.jpg\" alt=\"\" class=\"wp-image-139401\" srcset=\"https:\/\/www.elsindical.com.ar\/notas\/var\/www\/html\/notas\/wp-content\/uploads\/2025\/08\/CAME-argentina.jpg 700w, https:\/\/www.elsindical.com.ar\/notas\/var\/www\/html\/notas\/wp-content\/uploads\/2025\/08\/CAME-argentina-300x169.jpg 300w, https:\/\/www.elsindical.com.ar\/notas\/var\/www\/html\/notas\/wp-content\/uploads\/2025\/08\/CAME-argentina-460x260.jpg 460w\" sizes=\"auto, (max-width: 700px) 100vw, 700px\" \/><\/a><\/figure>\n<\/div>\n\n\n<p>La CAME exhort\u00f3 al Gobierno a dar continuidad a las iniciativas que la Secretar\u00eda llevaba a cabo, como \u00abCreando Capacidades Locales\u00bb y el \u00abPunto Pyme y Emprendedor\u00bb.<\/p>\n\n\n\n<p><strong>La Confederaci\u00f3n Argentina de la Mediana Empresa (CAME) manifiest\u00f3 su \u201cpreocupaci\u00f3n\u201d por el cierre a la Secretar\u00eda de la Peque\u00f1a y Mediana Empresa, Emprendedores y Econom\u00eda del Conocimiento.<\/strong><\/p>\n\n\n\n<p>\u201cEsta decisi\u00f3n <strong>deja a todas las pymes \u2013motor cotidiano de la econom\u00eda nacional\u2013 sin la interacci\u00f3n institucional necesaria<\/strong>\u201c, asegura la CAME.<\/p>\n\n\n\n<p>Desde la entidad precisaron que CAME y la Secretar\u00eda Pyme ven\u00edan trabajando en conjunto en la oferta de cursos gratuitos para potenciar el crecimiento, la competitividad y la innovaci\u00f3n de las pymes, los emprendedores y las empresas de la econom\u00eda del conocimiento a trav\u00e9s de la plataforma virtual Capacitar y con el programa <strong>\u201cCreando Capacidades Locales\u201d<\/strong>.<\/p>\n\n\n\n<p>A su vez, la Secretar\u00eda puso en marcha hacia finales del a\u00f1o pasado el <strong>\u201cPunto Pyme y Emprendedor\u201d<\/strong>, que consiste en establecer un v\u00ednculo con intendencias y c\u00e1maras empresarias para, a trav\u00e9s de ellas, contribuir a solucionar los problemas de los peque\u00f1os y medianos empresarios de su territorio con las agencias del Gobierno nacional.<\/p>\n\n\n\n<p>\u201cDesde CAME <strong>exhortamos a que todas estas iniciativas implementadas contin\u00faen activas<\/strong>, ya que crean conocimiento, agilizan la resoluci\u00f3n de consultas, tr\u00e1mites y reclamos\u201d, se\u00f1ala el comunicado. \u201cAdem\u00e1s, le alivian la carga a empresarios y emprendedores, lo que promueve el desarrollo econ\u00f3mico local, la atracci\u00f3n de inversiones y la generaci\u00f3n de empleo registrado\u201d, concluye.<\/p>\n","protected":false},"excerpt":{"rendered":"<p>La CAME exhort\u00f3 al Gobierno a dar continuidad a las iniciativas que la Secretar\u00eda llevaba a cabo, como \u00abCreando Capacidades Locales\u00bb y el \u00abPunto Pyme y Emprendedor\u00bb. La Confederaci\u00f3n Argentina de la Mediana Empresa (CAME) manifiest\u00f3 su \u201cpreocupaci\u00f3n\u201d por el cierre a la Secretar\u00eda de la Peque\u00f1a y Mediana Empresa, Emprendedores y Econom\u00eda del Conocimiento.&hellip;<\/p>\n","protected":false},"author":1,"featured_media":139401,"comment_status":"open","ping_status":"open","sticky":false,"template":"","format":"standard","meta":{"footnotes":""},"categories":[9,28],"tags":[7187,2450,22023,761,16865],"class_list":["post-139400","post","type-post","status-publish","format-standard","has-post-thumbnail","hentry","category-economia","category-empresariales","tag-came","tag-diario-el-sindical","tag-economia","tag-gobierno-nacional","tag-pyme"],"_links":{"self":[{"href":"https:\/\/www.elsindical.com.ar\/notas\/wp-json\/wp\/v2\/posts\/139400","targetHints":{"allow":["GET"]}}],"collection":[{"href":"https:\/\/www.elsindical.com.ar\/notas\/wp-json\/wp\/v2\/posts"}],"about":[{"href":"https:\/\/www.elsindical.com.ar\/notas\/wp-json\/wp\/v2\/types\/post"}],"author":[{"embeddable":true,"href":"https:\/\/www.elsindical.com.ar\/notas\/wp-json\/wp\/v2\/users\/1"}],"replies":[{"embeddable":true,"href":"https:\/\/www.elsindical.com.ar\/notas\/wp-json\/wp\/v2\/comments?post=139400"}],"version-history":[{"count":1,"href":"https:\/\/www.elsindical.com.ar\/notas\/wp-json\/wp\/v2\/posts\/139400\/revisions"}],"predecessor-version":[{"id":139402,"href":"https:\/\/www.elsindical.com.ar\/notas\/wp-json\/wp\/v2\/posts\/139400\/revisions\/139402"}],"wp:featuredmedia":[{"embeddable":true,"href":"https:\/\/www.elsindical.com.ar\/notas\/wp-json\/wp\/v2\/media\/139401"}],"wp:attachment":[{"href":"https:\/\/www.elsindical.com.ar\/notas\/wp-json\/wp\/v2\/media?parent=139400"}],"wp:term":[{"taxonomy":"category","embeddable":true,"href":"https:\/\/www.elsindical.com.ar\/notas\/wp-json\/wp\/v2\/categories?post=139400"},{"taxonomy":"post_tag","embeddable":true,"href":"https:\/\/www.elsindical.com.ar\/notas\/wp-json\/wp\/v2\/tags?post=139400"}],"curies":[{"name":"wp","href":"https:\/\/api.w.org\/{rel}","templated":true}]}}