{"id":139386,"date":"2025-08-07T21:39:29","date_gmt":"2025-08-08T00:39:29","guid":{"rendered":"https:\/\/www.elsindical.com.ar\/notas\/?p=139386"},"modified":"2025-08-07T21:39:36","modified_gmt":"2025-08-08T00:39:36","slug":"con-docentes-bajo-la-linea-de-pobreza-las-universidades-realizaran-un-paro-de-una-semana","status":"publish","type":"post","link":"https:\/\/www.elsindical.com.ar\/notas\/con-docentes-bajo-la-linea-de-pobreza-las-universidades-realizaran-un-paro-de-una-semana\/","title":{"rendered":"Con \u201cdocentes bajo la l\u00ednea de pobreza\u201d, las universidades realizar\u00e1n un paro de una semana"},"content":{"rendered":"<div class=\"wp-block-image\">\n<figure class=\"aligncenter size-full\"><a href=\"https:\/\/www.elsindical.com.ar\/notas\/var\/www\/html\/notas\/wp-content\/uploads\/2025\/08\/marcha-protesta-CONADU.jpg\"><img loading=\"lazy\" decoding=\"async\" width=\"700\" height=\"394\" src=\"https:\/\/www.elsindical.com.ar\/notas\/var\/www\/html\/notas\/wp-content\/uploads\/2025\/08\/marcha-protesta-CONADU.jpg\" alt=\"\" class=\"wp-image-139387\" srcset=\"https:\/\/www.elsindical.com.ar\/notas\/var\/www\/html\/notas\/wp-content\/uploads\/2025\/08\/marcha-protesta-CONADU.jpg 700w, https:\/\/www.elsindical.com.ar\/notas\/var\/www\/html\/notas\/wp-content\/uploads\/2025\/08\/marcha-protesta-CONADU-300x169.jpg 300w, https:\/\/www.elsindical.com.ar\/notas\/var\/www\/html\/notas\/wp-content\/uploads\/2025\/08\/marcha-protesta-CONADU-460x260.jpg 460w\" sizes=\"auto, (max-width: 700px) 100vw, 700px\" \/><\/a><\/figure>\n<\/div>\n\n\n<p>En medio de una profunda crisis presupuestaria y salarial, las universidades nacionales realizar\u00e1n un paro que se extender\u00e1 durante desde<strong> el lunes 11 y tendr\u00e1 vigencia hasta el viernes 15 de agosto<\/strong>, feriado con fines tur\u00edsticos.<\/p>\n\n\n\n<p>\u201c\u00a1Paritarias ya!\u201d, exclamaron desde LA Federaci\u00f3n Nacional de Docentes Universitarios (CONADU) donde explicaron que la medida de fuerza se llevar\u00e1 a cabo \u201cpor la <strong>recuperaci\u00f3n de los salarios, por m\u00e1s presupuesto para las universidades <\/strong>nacionales y por m\u00e1s presupuesto para ciencia y tecnolog\u00eda\u201d.<\/p>\n\n\n\n<figure class=\"wp-block-embed is-type-rich is-provider-twitter wp-block-embed-twitter\"><div class=\"wp-block-embed__wrapper\">\nhttps:\/\/twitter.com\/PrensaCONADU\/status\/1953519181598495158\n<\/div><\/figure>\n\n\n\n<p><strong>\u201cCon docentes y no docentes bajo la l\u00ednea de la pobreza, no hay universidad posible\u201d, <\/strong>advirtieron desde CONADU.<\/p>\n","protected":false},"excerpt":{"rendered":"<p>En medio de una profunda crisis presupuestaria y salarial, las universidades nacionales realizar\u00e1n un paro que se extender\u00e1 durante desde el lunes 11 y tendr\u00e1 vigencia hasta el viernes 15 de agosto, feriado con fines tur\u00edsticos. \u201c\u00a1Paritarias ya!\u201d, exclamaron desde LA Federaci\u00f3n Nacional de Docentes Universitarios (CONADU) donde explicaron que la medida de fuerza se&hellip;<\/p>\n","protected":false},"author":1,"featured_media":139387,"comment_status":"open","ping_status":"open","sticky":false,"template":"","format":"standard","meta":{"footnotes":""},"categories":[16],"tags":[2716,2450,497,67,9530],"class_list":["post-139386","post","type-post","status-publish","format-standard","has-post-thumbnail","hentry","category-gremiales","tag-conadu","tag-diario-el-sindical","tag-docentes","tag-paro","tag-semana"],"_links":{"self":[{"href":"https:\/\/www.elsindical.com.ar\/notas\/wp-json\/wp\/v2\/posts\/139386","targetHints":{"allow":["GET"]}}],"collection":[{"href":"https:\/\/www.elsindical.com.ar\/notas\/wp-json\/wp\/v2\/posts"}],"about":[{"href":"https:\/\/www.elsindical.com.ar\/notas\/wp-json\/wp\/v2\/types\/post"}],"author":[{"embeddable":true,"href":"https:\/\/www.elsindical.com.ar\/notas\/wp-json\/wp\/v2\/users\/1"}],"replies":[{"embeddable":true,"href":"https:\/\/www.elsindical.com.ar\/notas\/wp-json\/wp\/v2\/comments?post=139386"}],"version-history":[{"count":1,"href":"https:\/\/www.elsindical.com.ar\/notas\/wp-json\/wp\/v2\/posts\/139386\/revisions"}],"predecessor-version":[{"id":139388,"href":"https:\/\/www.elsindical.com.ar\/notas\/wp-json\/wp\/v2\/posts\/139386\/revisions\/139388"}],"wp:featuredmedia":[{"embeddable":true,"href":"https:\/\/www.elsindical.com.ar\/notas\/wp-json\/wp\/v2\/media\/139387"}],"wp:attachment":[{"href":"https:\/\/www.elsindical.com.ar\/notas\/wp-json\/wp\/v2\/media?parent=139386"}],"wp:term":[{"taxonomy":"category","embeddable":true,"href":"https:\/\/www.elsindical.com.ar\/notas\/wp-json\/wp\/v2\/categories?post=139386"},{"taxonomy":"post_tag","embeddable":true,"href":"https:\/\/www.elsindical.com.ar\/notas\/wp-json\/wp\/v2\/tags?post=139386"}],"curies":[{"name":"wp","href":"https:\/\/api.w.org\/{rel}","templated":true}]}}