{"id":139353,"date":"2025-08-05T21:12:09","date_gmt":"2025-08-06T00:12:09","guid":{"rendered":"https:\/\/www.elsindical.com.ar\/notas\/?p=139353"},"modified":"2025-08-05T21:12:15","modified_gmt":"2025-08-06T00:12:15","slug":"norma-pla-el-documental-urgente-que-interroga-al-presente","status":"publish","type":"post","link":"https:\/\/www.elsindical.com.ar\/notas\/norma-pla-el-documental-urgente-que-interroga-al-presente\/","title":{"rendered":"Norma Pla &#8211; El documental urgente que interroga al presente"},"content":{"rendered":"<div class=\"wp-block-image\">\n<figure class=\"aligncenter size-large is-resized\"><a href=\"https:\/\/www.elsindical.com.ar\/notas\/var\/www\/html\/notas\/wp-content\/uploads\/2025\/08\/Norma-tambien.jpg\"><img loading=\"lazy\" decoding=\"async\" width=\"724\" height=\"1024\" src=\"https:\/\/www.elsindical.com.ar\/notas\/var\/www\/html\/notas\/wp-content\/uploads\/2025\/08\/Norma-tambien-724x1024.jpg\" alt=\"\" class=\"wp-image-139355\" style=\"width:488px;height:auto\" srcset=\"https:\/\/www.elsindical.com.ar\/notas\/var\/www\/html\/notas\/wp-content\/uploads\/2025\/08\/Norma-tambien-724x1024.jpg 724w, https:\/\/www.elsindical.com.ar\/notas\/var\/www\/html\/notas\/wp-content\/uploads\/2025\/08\/Norma-tambien-212x300.jpg 212w, https:\/\/www.elsindical.com.ar\/notas\/var\/www\/html\/notas\/wp-content\/uploads\/2025\/08\/Norma-tambien-768x1086.jpg 768w, https:\/\/www.elsindical.com.ar\/notas\/var\/www\/html\/notas\/wp-content\/uploads\/2025\/08\/Norma-tambien-1087x1536.jpg 1087w, https:\/\/www.elsindical.com.ar\/notas\/var\/www\/html\/notas\/wp-content\/uploads\/2025\/08\/Norma-tambien-1449x2048.jpg 1449w, https:\/\/www.elsindical.com.ar\/notas\/var\/www\/html\/notas\/wp-content\/uploads\/2025\/08\/Norma-tambien.jpg 1811w\" sizes=\"auto, (max-width: 724px) 100vw, 724px\" \/><\/a><\/figure>\n<\/div>\n\n\n<p class=\"wp-block-paragraph\"><strong>NORMA TAMBI\u00c9N<\/strong><\/p>\n\n\n\n<p class=\"wp-block-paragraph\"><strong>UN DOCUMENTAL URGENTE QUE INTERROGA AL PRESENTE<\/strong><\/p>\n\n\n\n<p class=\"wp-block-paragraph\">La figura de <strong>Norma Pla<\/strong> , expresi\u00f3n del movimiento de jubilados en la d\u00e9cada del \u00b490, se revela hoy con una actualidad inquietante: funciona como una memoria social contra el individualismo, como un modo de rebelarse frente a las pol\u00edticas de ajuste y, a la vez, es una pieza que admite ser le\u00edda en el cauce hist\u00f3rico del feminismo. <strong>\u00abNorma Tambi\u00e9n\u00bb<\/strong> es un documental dirigido por <strong>Natalia Vinelli&nbsp;<\/strong> y <strong>Alejandra Guzzo<\/strong> que recupera su legado y que, con material audiovisual in\u00e9dito, narra una historia movilizadora, reflexiva y beligerante que dialoga de modo inc\u00f3modo con nuestro presente.<\/p>\n\n\n\n<p class=\"wp-block-paragraph\"><strong>\u00abNorma Tambi\u00e9n\u00bb<\/strong> tendr\u00e1 sus <strong>primeras exhibiciones el s\u00e1bado 23 y el domingo 24 de agosto en el Cine Gaumont<\/strong> (Avenida Rivadavia 1635, CABA), a las 19 y 19.30, respectivamente. La primera fecha en el contexto de la 16va. <strong>Muestra de Cine Documental DOCA<\/strong> (Documentalistas de Argentina).<\/p>\n\n\n\n<p class=\"wp-block-paragraph\">El largo, inicialmente apoyado por el Instituto de Cine y Artes Audiovisuales (INCAA), fue finalmente descartado por la gesti\u00f3n de gobierno y se integra <em>\u00abcon el financiamiento de cientos de aportes individuales y con el apoyo de los colectivos Barricada TV y Cine Insurgente, dos espacios de intervenci\u00f3n cultural de larga trayectoria en la Argentina\u00bb<\/em> , explic\u00f3 Alejandra Guzzo.<\/p>\n\n\n\n<p class=\"wp-block-paragraph\"><strong>\u00abNorma Tambi\u00e9n\u00bb<\/strong> es una primera vista un retrato de Norma Pla narrado a trav\u00e9s de una investigaci\u00f3n realizada por <strong>Solve<\/strong>, una estudiante feminista fascinada con su figura. <em>\u00ab\u00bfQui\u00e9n fue esta mujer que, desafiando el individualismo de la \u00e9poca, impuls\u00f3 las primeras protestas durante los a\u00f1os de espejismo neoliberal?\u00bb,<\/em> se pregunta en el inicio de una trama que ofrece entrevistas, viajes, la reconstrucci\u00f3n de hechos y el hallazgo de un valioso material audiovisual. Concluida la experiencia, el compromiso de Norma Pla pareciera que nos interroga en el tiempo presente.<\/p>\n\n\n\n<p class=\"wp-block-paragraph\"><em>\u00abEl reclamo de Norma Pla por una jubilaci\u00f3n justa no fue a\u00fan conquistado, lo vemos con las movilizaciones de cada mi\u00e9rcoles en las calles. El documental por eso plantea un di\u00e1logo entre generaciones y una forma de compromiso. No es un solamente un retrato de los \u00b490\u00bb,<\/em> expres\u00f3 Natalia Vinelli.<\/p>\n\n\n\n<p class=\"wp-block-paragraph\">El documental fue elegido por un jurado por representantes de las diferentes asociaciones de cine argentinas, que lo declar\u00f3 de inter\u00e9s por unanimidad. Sin embargo, con el cambio de gobierno y el recorte a la producci\u00f3n cinematogr\u00e1fica, el INCAA dej\u00f3 sin efecto el proyecto junto a decenas de pel\u00edculas que se quedaron sin financiamiento. Como mueca del destino, en l\u00ednea con la historia que se narra, los aportes solidarios permitieron la finalizaci\u00f3n del proyecto.<\/p>\n\n\n\n<p class=\"wp-block-paragraph\"><strong>\u00abNorma Tambi\u00e9n\u00bb,<\/strong> luego de sus dos proyecciones en el Gaumont, tiene fechas confirmadas en el Palacio El Victorial (@palacioelvictorial), Sala Padre Mugica, los d\u00edas 27, 28, 29 y 30 de agosto.&nbsp;<\/p>\n\n\n\n<figure class=\"wp-block-image size-large\"><a href=\"https:\/\/www.elsindical.com.ar\/notas\/var\/www\/html\/notas\/wp-content\/uploads\/2025\/08\/directoras-de-Norma-tambien.jpg\"><img loading=\"lazy\" decoding=\"async\" width=\"1024\" height=\"576\" src=\"https:\/\/www.elsindical.com.ar\/notas\/var\/www\/html\/notas\/wp-content\/uploads\/2025\/08\/directoras-de-Norma-tambien-1024x576.jpg\" alt=\"\" class=\"wp-image-139354\" srcset=\"https:\/\/www.elsindical.com.ar\/notas\/var\/www\/html\/notas\/wp-content\/uploads\/2025\/08\/directoras-de-Norma-tambien-1024x576.jpg 1024w, https:\/\/www.elsindical.com.ar\/notas\/var\/www\/html\/notas\/wp-content\/uploads\/2025\/08\/directoras-de-Norma-tambien-300x169.jpg 300w, https:\/\/www.elsindical.com.ar\/notas\/var\/www\/html\/notas\/wp-content\/uploads\/2025\/08\/directoras-de-Norma-tambien-768x432.jpg 768w, https:\/\/www.elsindical.com.ar\/notas\/var\/www\/html\/notas\/wp-content\/uploads\/2025\/08\/directoras-de-Norma-tambien-1536x864.jpg 1536w, https:\/\/www.elsindical.com.ar\/notas\/var\/www\/html\/notas\/wp-content\/uploads\/2025\/08\/directoras-de-Norma-tambien-460x260.jpg 460w, https:\/\/www.elsindical.com.ar\/notas\/var\/www\/html\/notas\/wp-content\/uploads\/2025\/08\/directoras-de-Norma-tambien.jpg 1920w\" sizes=\"auto, (max-width: 1024px) 100vw, 1024px\" \/><\/a><\/figure>\n\n\n\n<figure class=\"wp-block-table\"><table class=\"has-fixed-layout\"><tbody><tr><td>Las directoras \u00ad<\/td><\/tr><tr><td><strong>NATALIA VINELLI:\u00a0<\/strong> Realizadora, productora, comunicadora social por la UBA y periodista. Naci\u00f3 en 1972 en Lomas de Zamora. Es doctora en Ciencias Sociales, magister en Periodismo y Especialista en Planificaci\u00f3n y Gesti\u00f3n de la Actividad Period\u00edstica. En 2018 gan\u00f3 el Premio Lola Mora del GCBA por su labor en Televisi\u00f3n Digital. Fund\u00f3 y dirigi\u00f3 entre 2008 y 2019 el canal digital Barricada TV 32.1. Es productora general del largo documental \u00abElogio de la rebeli\u00f3n\u00bb, con premio a la postproducci\u00f3n por el INCAA. Norma Tambi\u00e9n es su primer largo como directora. Adem\u00e1s, es profesora titular en el Taller Audiovisual de la Carrera de Ciencias de la Comunicaci\u00f3n de la UBA, y de la materia Montaje 1 en la Universidad Nacional de Lan\u00fas. Escribi\u00f3 numerosos libros y art\u00edculos sobre comunicaci\u00f3n y audiovisual, entre los que se destacan \u00abANCLA. Una experiencia de comunicaci\u00f3n clandestina orientada por Rodolfo Walsh\u00bb, \u00abLa televisi\u00f3n desde abajo\u00bb y \u00abLa televisi\u00f3n alternativa en la transici\u00f3n digital. Los casos de Argentina y Chile\u00bb. Integra de DOCA Documentalistas de Argentina y es investigadora con sede en el Instituto de Estudios de Am\u00e9rica Latina y el Caribe (IEALC). Coordina el eje de Comunicaci\u00f3n, cultura y cine de la Fundaci\u00f3n para el Desarrollo Humano Integral.\u00a0<strong>ALEJANDRA GUZZO: <\/strong>Productora, realizadora, docente universitaria. Naci\u00f3 en Colonia, Uruguay. Se traslad\u00f3 a Argentina en 1992, egresando del ENERC INCAA como Productora Cinematogr\u00e1fica. Es licenciada en Ense\u00f1anza de las Artes Audiovisuales por la UNSAM y Magister en Creaci\u00f3n de Guiones Audiovisuales (UNIR-Espa\u00f1a). Fue coordinadora de la C\u00e1tedra de Producci\u00f3n de la EICTV de San Antonio de los Ba\u00f1os, Cuba. Actualmente es Responsable de la C\u00e1tedra de Producci\u00f3n en la Escuela Universitaria de Cine y TV de Tucum\u00e1n. Es productora de diversos documentales desde el a\u00f1o 1998 a la fecha, entre los cuales se destacan: \u00abDiablo, Familia y Propiedad. Los cr\u00edmenes del Ingenio Ledesma\u00bb (1999), \u00abEn la boca del Le\u00f3n\u00bb (2006); \u00abEl camino de Santiago. Periodismo, cine y revoluci\u00f3n en Cuba\u00bb (2013), con apoyo del INCAA, del ICAIC (Cuba) y del Programa Ibermedia; y \u00abSer\u00e9 millones\u00bb (2013). Como realizadora dirigi\u00f3 los documentales \u00abYo pregunto a los presentes\u00bb (2006), \u00abCuba Santa\u00bb (2006), \u00abLas penas son de nosotros\u00bb (2008), \u00abLos desobedientes de la Zulma\u00bb (2009) y \u00abUn pueblo de nuestro mapa\u00bb (2012), \u00e9stos dos \u00faltimos para la se\u00f1al Telesur. Ha sido jurado ante INCAA y en festivales nacionales e internacionales de cine documental, entre los cuales se destacan el Festival Internacional Santiago \u00c1lvarez in memorian (Cuba) y el Festival Tucum\u00e1n Cine (Argentina). Integrante de Cine Insurgente y de DOCA Documentalistas de Argentina. Fue miembro del Consejo Asesor en 2023, \u00f3rgano de co-gobierno del INCAA, representando a Directorxs de Cine Documental<\/td><\/tr><\/tbody><\/table><\/figure>\n\n\n\n<figure class=\"wp-block-table\"><table class=\"has-fixed-layout\"><tbody><tr><td>Sinopsis<\/td><\/tr><\/tbody><\/table><\/figure>\n\n\n\n<figure class=\"wp-block-table\"><table class=\"has-fixed-layout\"><tbody><tr><td>Norma Tambi\u00e9n es un retrato de Norma Pla a trav\u00e9s del viaje de investigaci\u00f3n de Solve, una estudiante feminista de Ciencias Sociales. Fascinada por la figura desafiante de Norma, quien lider\u00f3 la lucha por los derechos de jubiladas y jubilados en los a\u00f1os 90 frente a reformas neoliberales, Solve explora su legado mediante encuentros, entrevistas y material de archivo.&nbsp;\u00bfQui\u00e9n fue esta mujer que, desafiando el individualismo de la \u00e9poca, impuls\u00f3 las primeras protestas durante los a\u00f1os de espejismo neoliberal? A la manera de bit\u00e1cora, la estudiante va tejiendo lazos entre generaciones que hablan de un feminismo popular. La imagen de Norma se va construyendo de a poco, a trav\u00e9s de conversaciones con la generaci\u00f3n que la conoci\u00f3, otra m\u00e1s joven que encuentra en ella una fuente de inspiraci\u00f3n y el material de archivo. El documental revive sus protestas y revaloriza su compromiso, subrayando su importancia en el contexto actual y trazando paralelismos entre los 90 y el presente.<\/td><\/tr><\/tbody><\/table><\/figure>\n\n\n\n<figure class=\"wp-block-embed is-type-video is-provider-youtube wp-block-embed-youtube wp-embed-aspect-16-9 wp-has-aspect-ratio\"><div class=\"wp-block-embed__wrapper\">\n<iframe loading=\"lazy\" title=\"Norma tambi\u00e9n - trailer\" width=\"700\" height=\"394\" src=\"https:\/\/www.youtube.com\/embed\/UCrQJ5K9SEU?feature=oembed\" frameborder=\"0\" allow=\"accelerometer; autoplay; clipboard-write; encrypted-media; gyroscope; picture-in-picture; web-share\" referrerpolicy=\"strict-origin-when-cross-origin\" allowfullscreen><\/iframe>\n<\/div><\/figure>\n\n\n\n<figure class=\"wp-block-table\"><table class=\"has-fixed-layout\"><tbody><tr><td>Equipo de trabajo<\/td><\/tr><\/tbody><\/table><\/figure>\n\n\n\n<figure class=\"wp-block-table\"><table class=\"has-fixed-layout\"><tbody><tr><td>Direcci\u00f3n: Natalia Vinelli y Alejandra GuzzoGuion: Natalia Vinelli y Alejandra GuzzoCasa productora: Barricada TV y Grupo de Cine InsurgenteProducci\u00f3n, Natalia Vinelli, Alejandra Guzzo, Florencia AriasDirecci\u00f3n de Fotograf\u00eda: Hern\u00e1n de MarcoMontaje: Violeta ArzamendiaInvestigaci\u00f3n y entrevistas: Sol Ver\u00f3nica GuiC\u00e1maras: Violeta Arzamendia, Hern\u00e1n de Marco, Luciana Lavila, Luc\u00edaMaccagno, Juan Mart\u00edn Torres, Agust\u00edn Antoniades, Ignacio EtchartSonido directo: Lucho Corti, Luc\u00eda Maccagno, Catalina IndaPosproducci\u00f3n de imagen y correcci\u00f3n de color: UNTREF MediaPosproducci\u00f3n de sonido: Lucho CortiM\u00fasica original: Terror en un PobladoLog\u00edstica: Marcelo IbarraPrensa: Mariano Su\u00e1rezDise\u00f1o de afiche: Iv\u00e1n SolerAlquiler de equipos: Barricada TV @alquilaporbtv<\/td><\/tr><\/tbody><\/table><\/figure>\n\n\n\n<figure class=\"wp-block-table\"><table class=\"has-fixed-layout\"><tbody><tr><td>Ficha t\u00e9cnica<\/td><\/tr><\/tbody><\/table><\/figure>\n\n\n\n<figure class=\"wp-block-table\"><table class=\"has-fixed-layout\"><tbody><tr><td>Duraci\u00f3n: 74 min 2025C\u00e1mara: Sony a7sllFormato: 4 kFormato de exhibici\u00f3n: DCP<\/td><\/tr><\/tbody><\/table><\/figure>\n","protected":false},"excerpt":{"rendered":"<p>NORMA TAMBI\u00c9N UN DOCUMENTAL URGENTE QUE INTERROGA AL PRESENTE La figura de Norma Pla , expresi\u00f3n del movimiento de jubilados en la d\u00e9cada del \u00b490, se revela hoy con una actualidad inquietante: funciona como una memoria social contra el individualismo, como un modo de rebelarse frente a las pol\u00edticas de ajuste y, a la vez,&hellip;<\/p>\n","protected":false},"author":1,"featured_media":139355,"comment_status":"open","ping_status":"open","sticky":false,"template":"","format":"standard","meta":{"footnotes":""},"categories":[15],"tags":[45669,38152,2450,32067,24588,30966,45667,45668],"class_list":["post-139353","post","type-post","status-publish","format-standard","has-post-thumbnail","hentry","category-espectaculos","tag-alejandra-guzzo","tag-cine-gaumont","tag-diario-el-sindical","tag-doca","tag-documental","tag-natalia-vinelli","tag-norma-pla","tag-norma-rambien"],"_links":{"self":[{"href":"https:\/\/www.elsindical.com.ar\/notas\/wp-json\/wp\/v2\/posts\/139353","targetHints":{"allow":["GET"]}}],"collection":[{"href":"https:\/\/www.elsindical.com.ar\/notas\/wp-json\/wp\/v2\/posts"}],"about":[{"href":"https:\/\/www.elsindical.com.ar\/notas\/wp-json\/wp\/v2\/types\/post"}],"author":[{"embeddable":true,"href":"https:\/\/www.elsindical.com.ar\/notas\/wp-json\/wp\/v2\/users\/1"}],"replies":[{"embeddable":true,"href":"https:\/\/www.elsindical.com.ar\/notas\/wp-json\/wp\/v2\/comments?post=139353"}],"version-history":[{"count":1,"href":"https:\/\/www.elsindical.com.ar\/notas\/wp-json\/wp\/v2\/posts\/139353\/revisions"}],"predecessor-version":[{"id":139356,"href":"https:\/\/www.elsindical.com.ar\/notas\/wp-json\/wp\/v2\/posts\/139353\/revisions\/139356"}],"wp:featuredmedia":[{"embeddable":true,"href":"https:\/\/www.elsindical.com.ar\/notas\/wp-json\/wp\/v2\/media\/139355"}],"wp:attachment":[{"href":"https:\/\/www.elsindical.com.ar\/notas\/wp-json\/wp\/v2\/media?parent=139353"}],"wp:term":[{"taxonomy":"category","embeddable":true,"href":"https:\/\/www.elsindical.com.ar\/notas\/wp-json\/wp\/v2\/categories?post=139353"},{"taxonomy":"post_tag","embeddable":true,"href":"https:\/\/www.elsindical.com.ar\/notas\/wp-json\/wp\/v2\/tags?post=139353"}],"curies":[{"name":"wp","href":"https:\/\/api.w.org\/{rel}","templated":true}]}}