{"id":139347,"date":"2025-08-05T01:47:46","date_gmt":"2025-08-05T04:47:46","guid":{"rendered":"https:\/\/www.elsindical.com.ar\/notas\/?p=139347"},"modified":"2025-08-05T01:47:53","modified_gmt":"2025-08-05T04:47:53","slug":"la-corte-suprema-de-brasil-ordeno-la-prision-domiciliaria-con-tobillera-electronica-para-jair-bolsonaro","status":"publish","type":"post","link":"https:\/\/www.elsindical.com.ar\/notas\/la-corte-suprema-de-brasil-ordeno-la-prision-domiciliaria-con-tobillera-electronica-para-jair-bolsonaro\/","title":{"rendered":"La Corte Suprema de Brasil orden\u00f3 la prisi\u00f3n domiciliaria con tobillera electr\u00f3nica para Jair Bolsonaro"},"content":{"rendered":"<div class=\"wp-block-image\">\n<figure class=\"aligncenter size-full\"><a href=\"https:\/\/www.elsindical.com.ar\/notas\/var\/www\/html\/notas\/wp-content\/uploads\/2025\/08\/Bolsonaro-con-tobillera.jpg\"><img loading=\"lazy\" decoding=\"async\" width=\"700\" height=\"752\" src=\"https:\/\/www.elsindical.com.ar\/notas\/var\/www\/html\/notas\/wp-content\/uploads\/2025\/08\/Bolsonaro-con-tobillera.jpg\" alt=\"\" class=\"wp-image-139348\" srcset=\"https:\/\/www.elsindical.com.ar\/notas\/var\/www\/html\/notas\/wp-content\/uploads\/2025\/08\/Bolsonaro-con-tobillera.jpg 700w, https:\/\/www.elsindical.com.ar\/notas\/var\/www\/html\/notas\/wp-content\/uploads\/2025\/08\/Bolsonaro-con-tobillera-279x300.jpg 279w\" sizes=\"auto, (max-width: 700px) 100vw, 700px\" \/><\/a><\/figure>\n<\/div>\n\n\n<p>Alexandre de Moraes, juez del Tribunal Supremo, se\u00f1al\u00f3 que el expresidente brasile\u00f1o incumpli\u00f3 las medidas de precauci\u00f3n que se le hab\u00edan impuesto. Tambi\u00e9n orden\u00f3 allanar la residencia del exjefe de Estado.<\/p>\n\n\n\n<p><strong>Alexandre de Moraes<\/strong>, juez del Tribunal Supremo de Brasil, orden\u00f3 este lunes el <strong>arresto domiciliario del expresidente Jair Bolsonaro<\/strong>, quien deber\u00e1 utilizar <strong>tobillera electr\u00f3nica<\/strong>.<\/p>\n\n\n\n<p>Moraes explic\u00f3 que <strong>Bolsonaro incumpli\u00f3 las medidas de precauci\u00f3n <\/strong>que se le hab\u00edan impuesto al publicar contenido en las redes sociales de sus hijos para difundir mensajes con \u201cclaro contenido de est\u00edmulo e instigaci\u00f3n a ataques al Supremo Tribunal Federal y descarado apoyo a la intervenci\u00f3n extranjera en el Poder Judicial brasile\u00f1o\u201d.<\/p>\n\n\n\n<p>\u201cNo cabe duda de que la medida cautelar impuesta a Jair Messias Bolsonaro <strong>no se cumpli\u00f3<\/strong>\u201d, a\u00f1adi\u00f3 el ministro, quien afirm\u00f3 que la Justicia \u201cno permitir\u00e1 que un acusado la considere una tonta, creyendo que permanecer\u00e1 impune por tener poder pol\u00edtico y econ\u00f3mico\u201d.<\/p>\n\n\n\n<p>En su resoluci\u00f3n, De Moraes tambi\u00e9n <strong>orden\u00f3 a la Polic\u00eda Federal realizar un registro en la residencia del exjefe de Estado <\/strong>para incautar los tel\u00e9fonos m\u00f3viles y otros dispositivos que le permitan conectarse a las redes sociales.<\/p>\n\n\n\n<h2 class=\"wp-block-heading\">Qu\u00e9 medidas viol\u00f3 Jair Bolsonaro<\/h2>\n\n\n\n<p>El magistrado aleg\u00f3 en su decisi\u00f3n que Bolsonaro viol\u00f3 las medidas cautelares que le fueron impuestas el mes pasado, que le prohib\u00edan enviar mensajes por sus propias cuentas en las redes sociales o por las de terceros y que<strong> le obligaban a usar una tobillera electr\u00f3nica y a permanecer en su residencia por las noches y los fines de semana<\/strong>.<\/p>\n\n\n\n<p>De Moraes cit\u00f3 mensajes del exmandatario que fueron transmitidos el domingo en las redes sociales de sus aliados, incluyendo en las de sus tres hijos parlamentarios.<\/p>\n\n\n\n<p>Los mensajes <strong>fueron le\u00eddos en las marchas <\/strong>que realizaron el domingo miles de bolsonaristas en varias ciudades del pa\u00eds, en las que defendieron la aprobaci\u00f3n de una amnist\u00eda a todos los acusados de golpismo y manifestaron apoyo a las sanciones impuestas por el presidente estadounidense, <strong>Donald Trump<\/strong>, a los responsables por el juicio.<\/p>\n\n\n\n<h2 class=\"wp-block-heading\">El caso contra Jair Bolsonaro por golpismo<\/h2>\n\n\n\n<p>La prisi\u00f3n domiciliaria se orden\u00f3 en el marco del proceso en que se acusa a Bolsonaro de liderar un complot para impedir la toma de posesi\u00f3n como presidente de Luiz In\u00e1cio Lula da Silva, quien lo derrot\u00f3 en las elecciones presidenciales de 2022. En caso de ser hallado culpable, podr\u00eda ser condenado a <strong>hasta 40 a\u00f1os de prisi\u00f3n<\/strong>.<\/p>\n\n\n\n<p>De acuerdo con la Fiscal\u00eda, adem\u00e1s de discutir con sus ministros y altos oficiales militares medidas para anular las elecciones y hasta para asesinar a Lula, <strong>Bolsonaro incentiv\u00f3 el asalto a las sedes de la Presidencia, el Congreso y la Corte Suprema<\/strong> promovido por miles de bolsonaristas el 8 de enero de 2023.<\/p>\n\n\n\n<p>Recientemente, la causa fue utilizada por el presidente de EEUU, <strong>Donald Trump<\/strong>, para presionar al gobierno de Lula e imponer aranceles extraordinarios del 50% a una serie de productos brasile\u00f1os por considerar que existe una \u201ccaza de brujas\u201d contra el exmandatario.<\/p>\n","protected":false},"excerpt":{"rendered":"<p>Alexandre de Moraes, juez del Tribunal Supremo, se\u00f1al\u00f3 que el expresidente brasile\u00f1o incumpli\u00f3 las medidas de precauci\u00f3n que se le hab\u00edan impuesto. Tambi\u00e9n orden\u00f3 allanar la residencia del exjefe de Estado. Alexandre de Moraes, juez del Tribunal Supremo de Brasil, orden\u00f3 este lunes el arresto domiciliario del expresidente Jair Bolsonaro, quien deber\u00e1 utilizar tobillera electr\u00f3nica.&hellip;<\/p>\n","protected":false},"author":1,"featured_media":139348,"comment_status":"open","ping_status":"open","sticky":false,"template":"","format":"standard","meta":{"footnotes":""},"categories":[18],"tags":[2999,95,2450,29775,36797,34908],"class_list":["post-139347","post","type-post","status-publish","format-standard","has-post-thumbnail","hentry","category-internacionales","tag-arresto-domiciliario","tag-brasil","tag-diario-el-sindical","tag-jair-bolsonaro","tag-juez-alexandre-de-moraes","tag-tobillera-electronica"],"_links":{"self":[{"href":"https:\/\/www.elsindical.com.ar\/notas\/wp-json\/wp\/v2\/posts\/139347","targetHints":{"allow":["GET"]}}],"collection":[{"href":"https:\/\/www.elsindical.com.ar\/notas\/wp-json\/wp\/v2\/posts"}],"about":[{"href":"https:\/\/www.elsindical.com.ar\/notas\/wp-json\/wp\/v2\/types\/post"}],"author":[{"embeddable":true,"href":"https:\/\/www.elsindical.com.ar\/notas\/wp-json\/wp\/v2\/users\/1"}],"replies":[{"embeddable":true,"href":"https:\/\/www.elsindical.com.ar\/notas\/wp-json\/wp\/v2\/comments?post=139347"}],"version-history":[{"count":1,"href":"https:\/\/www.elsindical.com.ar\/notas\/wp-json\/wp\/v2\/posts\/139347\/revisions"}],"predecessor-version":[{"id":139349,"href":"https:\/\/www.elsindical.com.ar\/notas\/wp-json\/wp\/v2\/posts\/139347\/revisions\/139349"}],"wp:featuredmedia":[{"embeddable":true,"href":"https:\/\/www.elsindical.com.ar\/notas\/wp-json\/wp\/v2\/media\/139348"}],"wp:attachment":[{"href":"https:\/\/www.elsindical.com.ar\/notas\/wp-json\/wp\/v2\/media?parent=139347"}],"wp:term":[{"taxonomy":"category","embeddable":true,"href":"https:\/\/www.elsindical.com.ar\/notas\/wp-json\/wp\/v2\/categories?post=139347"},{"taxonomy":"post_tag","embeddable":true,"href":"https:\/\/www.elsindical.com.ar\/notas\/wp-json\/wp\/v2\/tags?post=139347"}],"curies":[{"name":"wp","href":"https:\/\/api.w.org\/{rel}","templated":true}]}}