{"id":139331,"date":"2025-08-04T11:37:46","date_gmt":"2025-08-04T14:37:46","guid":{"rendered":"https:\/\/www.elsindical.com.ar\/notas\/?p=139331"},"modified":"2025-08-04T11:37:54","modified_gmt":"2025-08-04T14:37:54","slug":"la-provincia-analiza-denunciar-espionaje-ilegal-de-la-side","status":"publish","type":"post","link":"https:\/\/www.elsindical.com.ar\/notas\/la-provincia-analiza-denunciar-espionaje-ilegal-de-la-side\/","title":{"rendered":"La Provincia analiza denunciar \u201cespionaje ilegal\u201d de la SIDE"},"content":{"rendered":"<div class=\"wp-block-image\">\n<figure class=\"aligncenter size-full\"><a href=\"https:\/\/www.elsindical.com.ar\/notas\/var\/www\/html\/notas\/wp-content\/uploads\/2024\/12\/Carlos-Bianco-conferencia.jpg\"><img loading=\"lazy\" decoding=\"async\" width=\"700\" height=\"394\" src=\"https:\/\/www.elsindical.com.ar\/notas\/var\/www\/html\/notas\/wp-content\/uploads\/2024\/12\/Carlos-Bianco-conferencia.jpg\" alt=\"\" class=\"wp-image-135101\" srcset=\"https:\/\/www.elsindical.com.ar\/notas\/var\/www\/html\/notas\/wp-content\/uploads\/2024\/12\/Carlos-Bianco-conferencia.jpg 700w, https:\/\/www.elsindical.com.ar\/notas\/var\/www\/html\/notas\/wp-content\/uploads\/2024\/12\/Carlos-Bianco-conferencia-300x169.jpg 300w, https:\/\/www.elsindical.com.ar\/notas\/var\/www\/html\/notas\/wp-content\/uploads\/2024\/12\/Carlos-Bianco-conferencia-500x281.jpg 500w, https:\/\/www.elsindical.com.ar\/notas\/var\/www\/html\/notas\/wp-content\/uploads\/2024\/12\/Carlos-Bianco-conferencia-460x260.jpg 460w\" sizes=\"auto, (max-width: 700px) 100vw, 700px\" \/><\/a><\/figure>\n<\/div>\n\n\n<p>Carlos Bianco se refiri\u00f3 al informe del periodista Hugo Alconada Mon, donde quedan expuestas las acciones de inteligencia a personalidades y funcionarios peronistas.<\/p>\n\n\n\n<p><strong>El ministro de Gobierno de la provincia de Buenos Aires, Carlos Bianco<\/strong>, manifest\u00f3 que, junto a los equipos legales del distrito, est\u00e1n \u201canalizando\u201d si realizar\u00e1n una denuncia penal \u201cpor las tareas de espionaje ilegal\u201d&nbsp;que llev\u00f3 adelante la Secretar\u00eda de Inteligencia del Estado (SIDE).<\/p>\n\n\n\n<p>Bianco se\u00f1al\u00f3 que esta decisi\u00f3n se tom\u00f3 luego de que este fin de semana se publicara&nbsp;<strong>un informe del periodista Hugo Alconada Mon, donde quedan expuestas las acciones de inteligencia a personalidades y dirigentes, <\/strong>como el gobernador Axel Kicillof, el diputado M\u00e1ximo Kirchner, el ex ministro de Econom\u00eda Sergio Massa y tambi\u00e9n sobre pol\u00edticos de otras fuerzas como fueron los casos de Facundo Manes y N\u00e9stor Grindetti, ambos de Juntos por el Cambio (JxC).<\/p>\n\n\n\n<p>Seg\u00fan el ministro bonaerense,&nbsp;<strong>\u00e9sta es \u201cuna violaci\u00f3n flagrante\u201d&nbsp;al art\u00edculo Nro. 4 de la Ley de Inteligencia Nacional (25.520)<\/strong> que proh\u00edbe a los organismos de inteligencia realizar tareas represivas, funciones policiales o de investigaci\u00f3n criminal y que se almacenen datos de funcionarios o militantes \u201cpor su opini\u00f3n pol\u00edtica, por adhesi\u00f3n partidaria o social y por la actividad l\u00edcita\u201d&nbsp;que desarrollen en cualquier esfera de acci\u00f3n.<\/p>\n\n\n\n<h2 class=\"wp-block-heading\">Deuda<\/h2>\n\n\n\n<p>Tambi\u00e9n Bianco se refiri\u00f3 a la&nbsp;deuda que tiene la gesti\u00f3n de Javier Milei, particularmente con el distrito bonaerense, y la dividi\u00f3 en tres grupos: Deudas directas con la provincia; saldos de obras p\u00fablicas que fueron abandonadas y por discontinuidad o retrasos en los programas nacionales.<\/p>\n\n\n\n<p><strong>\u201cEn total, el Gobierno Nacional est\u00e1 debiendo&nbsp;12,1 billones de pesos\u201d<\/strong>, se\u00f1al\u00f3.<\/p>\n\n\n\n<p>Este martes y a trav\u00e9s de la fiscal\u00eda de Estado, se va a presentar&nbsp;<strong>un nuevo pedido a la Corte Suprema de la Naci\u00f3n, para reclamar puntualmente&nbsp;\u201clos fondos previsionales que son 1,6 billones de pesos\u201d.<\/strong> \u201cPuntualmente, se solicitar\u00e1 que se expida la Corte Suprema y que fije una audiencia de partes como lo hizo, en su momento, con las provincias de C\u00f3rdoba y Santa Fe\u201d, concluy\u00f3.<\/p>\n","protected":false},"excerpt":{"rendered":"<p>Carlos Bianco se refiri\u00f3 al informe del periodista Hugo Alconada Mon, donde quedan expuestas las acciones de inteligencia a personalidades y funcionarios peronistas. El ministro de Gobierno de la provincia de Buenos Aires, Carlos Bianco, manifest\u00f3 que, junto a los equipos legales del distrito, est\u00e1n \u201canalizando\u201d si realizar\u00e1n una denuncia penal \u201cpor las tareas de&hellip;<\/p>\n","protected":false},"author":1,"featured_media":135101,"comment_status":"open","ping_status":"open","sticky":false,"template":"","format":"standard","meta":{"footnotes":""},"categories":[13],"tags":[32096,175,2450,33430,20968,407],"class_list":["post-139331","post","type-post","status-publish","format-standard","has-post-thumbnail","hentry","category-politica","tag-carlos-bianco","tag-denuncia","tag-diario-el-sindical","tag-espionaje-ilegal","tag-hugo-alconada-mon","tag-side"],"_links":{"self":[{"href":"https:\/\/www.elsindical.com.ar\/notas\/wp-json\/wp\/v2\/posts\/139331","targetHints":{"allow":["GET"]}}],"collection":[{"href":"https:\/\/www.elsindical.com.ar\/notas\/wp-json\/wp\/v2\/posts"}],"about":[{"href":"https:\/\/www.elsindical.com.ar\/notas\/wp-json\/wp\/v2\/types\/post"}],"author":[{"embeddable":true,"href":"https:\/\/www.elsindical.com.ar\/notas\/wp-json\/wp\/v2\/users\/1"}],"replies":[{"embeddable":true,"href":"https:\/\/www.elsindical.com.ar\/notas\/wp-json\/wp\/v2\/comments?post=139331"}],"version-history":[{"count":1,"href":"https:\/\/www.elsindical.com.ar\/notas\/wp-json\/wp\/v2\/posts\/139331\/revisions"}],"predecessor-version":[{"id":139332,"href":"https:\/\/www.elsindical.com.ar\/notas\/wp-json\/wp\/v2\/posts\/139331\/revisions\/139332"}],"wp:featuredmedia":[{"embeddable":true,"href":"https:\/\/www.elsindical.com.ar\/notas\/wp-json\/wp\/v2\/media\/135101"}],"wp:attachment":[{"href":"https:\/\/www.elsindical.com.ar\/notas\/wp-json\/wp\/v2\/media?parent=139331"}],"wp:term":[{"taxonomy":"category","embeddable":true,"href":"https:\/\/www.elsindical.com.ar\/notas\/wp-json\/wp\/v2\/categories?post=139331"},{"taxonomy":"post_tag","embeddable":true,"href":"https:\/\/www.elsindical.com.ar\/notas\/wp-json\/wp\/v2\/tags?post=139331"}],"curies":[{"name":"wp","href":"https:\/\/api.w.org\/{rel}","templated":true}]}}