{"id":139315,"date":"2025-08-03T20:36:06","date_gmt":"2025-08-03T23:36:06","guid":{"rendered":"https:\/\/www.elsindical.com.ar\/notas\/?p=139315"},"modified":"2025-08-03T20:36:12","modified_gmt":"2025-08-03T23:36:12","slug":"villa-gesell-grave-crisis-en-el-hospital-illia","status":"publish","type":"post","link":"https:\/\/www.elsindical.com.ar\/notas\/villa-gesell-grave-crisis-en-el-hospital-illia\/","title":{"rendered":"Villa Gesell: Grave crisis en el Hospital Illia"},"content":{"rendered":"\n<figure class=\"wp-block-image size-full\"><a href=\"https:\/\/www.elsindical.com.ar\/notas\/var\/www\/html\/notas\/wp-content\/uploads\/2025\/08\/Hospital-Dr-Arturo-Illia-Villa-Gesell.jpg\"><img loading=\"lazy\" decoding=\"async\" width=\"800\" height=\"600\" src=\"https:\/\/www.elsindical.com.ar\/notas\/var\/www\/html\/notas\/wp-content\/uploads\/2025\/08\/Hospital-Dr-Arturo-Illia-Villa-Gesell.jpg\" alt=\"\" class=\"wp-image-139316\" srcset=\"https:\/\/www.elsindical.com.ar\/notas\/var\/www\/html\/notas\/wp-content\/uploads\/2025\/08\/Hospital-Dr-Arturo-Illia-Villa-Gesell.jpg 800w, https:\/\/www.elsindical.com.ar\/notas\/var\/www\/html\/notas\/wp-content\/uploads\/2025\/08\/Hospital-Dr-Arturo-Illia-Villa-Gesell-300x225.jpg 300w, https:\/\/www.elsindical.com.ar\/notas\/var\/www\/html\/notas\/wp-content\/uploads\/2025\/08\/Hospital-Dr-Arturo-Illia-Villa-Gesell-768x576.jpg 768w\" sizes=\"auto, (max-width: 800px) 100vw, 800px\" \/><\/a><\/figure>\n\n\n\n<p><strong>Profesionales de la salud alertan sobre el deterioro del sistema p\u00fablico en Villa Gesell. El sindicato AMRA denuncia el atraso en el pago de sueldos, precarizaci\u00f3n laboral y abandono por parte de las autoridades locales.<\/strong><\/p>\n\n\n\n<h2 class=\"wp-block-heading\"><strong>Situaci\u00f3n cr\u00edtica en el hospital<\/strong><\/h2>\n\n\n\n<p>El <strong>Hospital Municipal Arturo Illia de Villa Gesell atraviesa una de las crisis m\u00e1s severas de los \u00faltimos a\u00f1os<\/strong>. M\u00e9dicos y profesionales de la salud enfrentan <strong>condiciones laborales alarmantes:<\/strong> salarios por debajo de la l\u00ednea de la pobreza, falta de elementos b\u00e1sicos como gasas o insumos de laboratorio, problemas edilicios y una desatenci\u00f3n sistem\u00e1tica por parte del Ejecutivo municipal.<\/p>\n\n\n\n<p>La situaci\u00f3n fue expuesta por la Dra. Isabel Fern\u00e1ndez, dirigente del sindicato AMRA en <a href=\"https:\/\/sindicatomedico.us20.list-manage.com\/track\/click?u=ba4e79ff0115490bf2bae1d64&amp;id=f2c007d887&amp;e=ac809d7309\" target=\"_blank\" rel=\"noreferrer noopener\">recientes entrevistas con la prensa local<\/a>, donde detall\u00f3 con crudeza el d\u00eda a d\u00eda del personal m\u00e9dico. Seg\u00fan denuncian, <strong>los salarios b\u00e1sicos de los especialistas rondan los $500.000 <\/strong>por 24 horas semanales. <strong>\u00abEstamos condenados a morir haciendo guardias\u00bb.&nbsp;<\/strong>Sumado a estas cuestiones, plantean que la&nbsp;carga laboral contin\u00faa en aumento, hecho que les genera <strong>angustia y estr\u00e9s<\/strong> ante las dificultades que se presentan para la atenci\u00f3n. <strong>\u00abNos tratan como a millonarios que tienen un hobby y nosotros somos trabajadores\u00bb<\/strong>, expres\u00f3 la representante del gremio.<\/p>\n\n\n\n<h2 class=\"wp-block-heading\"><strong>Denuncias del sindicato AMRA<\/strong><\/h2>\n\n\n\n<p>Desde la <strong>Asociaci\u00f3n de M\u00e9dicos de la Rep\u00fablica Argentina (AMRA)<\/strong> acudieron a la Justicia y realizaron diversas medidas gremiales en defensa de los trabajadores del hospital.<strong> El sindicato responsabiliza directamente al municipio por la creciente desidia y por sostener un modelo de precarizaci\u00f3n estructural<\/strong>. \u00ab<strong>Hay d\u00edas que no hay anestesista, hay d\u00edas que no hay ecografista. <\/strong>Esto nos cost\u00f3 dos demandas judiciales y la Justicia oblig\u00f3 al municipio a resolver esta situaci\u00f3n en la que <strong>el intendente debi\u00f3 pagar multas de su bolsillo<\/strong>. Posteriormente, desde el gobierno municipal dijeron que ya se hab\u00eda solucionado y demostramos que esto era falso. Es un c\u00edrculo que se repite\u00bb, manifest\u00f3 la Dra. Fern\u00e1ndez.<strong>Desidia y salarios indignos<\/strong><\/p>\n\n\n\n<p>En un<a href=\"https:\/\/sindicatomedico.us20.list-manage.com\/track\/click?u=ba4e79ff0115490bf2bae1d64&amp;id=c876c5afe1&amp;e=ac809d7309\" target=\"_blank\" rel=\"noreferrer noopener\"> video publicado por el sindicato en la red social X<\/a> la organizaci\u00f3n gremial expuso las <strong>condiciones donde atienden y duermen los profesionales de la guardia.<\/strong> En las im\u00e1genes pueden observarse paredes con moho, espacios descuidados y poco propicios para el descanso. <strong>\u00abLas condiciones son deplorables, peor de lo que se ve en las fotos. Los m\u00e9dicos no pueden ba\u00f1arse porque no hay agua caliente ni calefacci\u00f3n\u00bb, <\/strong>denunci\u00f3 la Dra. Fern\u00e1ndez. \u00ab<strong>Los d\u00edas de la ola polar se pasaron fr\u00edos terribles porque las estufas el\u00e9ctricas hicieron saltar la t\u00e9rmica y quedaron \u00e1reas sin calefacci\u00f3n\u00bb,<\/strong> detall\u00f3.<\/p>\n\n\n\n<h2 class=\"wp-block-heading\"><strong>Llamado urgente a las autoridades<\/strong><\/h2>\n\n\n\n<p>Ante este panorama,<strong> los profesionales de la salud exigen respuestas concretas y urgentes.<\/strong> Reclaman la regularizaci\u00f3n de los pagos, mejoras salariales acordes a la tarea desempe\u00f1ada y condiciones dignas para ejercer su labor. Desde AMRA insisten en que sin inversi\u00f3n real y voluntad pol\u00edtica, la salud p\u00fablica en Villa Gesell seguir\u00e1 en retroceso.<strong> \u00abNo se puede hablar de cuidado de la comunidad cuando se abandona a quienes cuidan\u00bb<\/strong>, sintetiz\u00f3 Fern\u00e1ndez.<\/p>\n\n\n\n<figure class=\"wp-block-embed is-type-video is-provider-youtube wp-block-embed-youtube wp-embed-aspect-16-9 wp-has-aspect-ratio\"><div class=\"wp-block-embed__wrapper\">\n<iframe loading=\"lazy\" title=\"INDIGNANTE. M\u00e9dicos del Hospital Municipal Illia de Villa Gesell trabajan en la desidia\" width=\"700\" height=\"394\" src=\"https:\/\/www.youtube.com\/embed\/ntJF_vBYbSY?feature=oembed\" frameborder=\"0\" allow=\"accelerometer; autoplay; clipboard-write; encrypted-media; gyroscope; picture-in-picture; web-share\" referrerpolicy=\"strict-origin-when-cross-origin\" allowfullscreen><\/iframe>\n<\/div><\/figure>\n","protected":false},"excerpt":{"rendered":"<p>Profesionales de la salud alertan sobre el deterioro del sistema p\u00fablico en Villa Gesell. El sindicato AMRA denuncia el atraso en el pago de sueldos, precarizaci\u00f3n laboral y abandono por parte de las autoridades locales. Situaci\u00f3n cr\u00edtica en el hospital El Hospital Municipal Arturo Illia de Villa Gesell atraviesa una de las crisis m\u00e1s severas&hellip;<\/p>\n","protected":false},"author":1,"featured_media":139316,"comment_status":"open","ping_status":"open","sticky":false,"template":"","format":"standard","meta":{"footnotes":""},"categories":[6,16],"tags":[15743,390,2450,45657,3481],"class_list":["post-139315","post","type-post","status-publish","format-standard","has-post-thumbnail","hentry","category-denuncias","category-gremiales","tag-amra","tag-crisis","tag-diario-el-sindical","tag-hospital-illia","tag-villa-gesell"],"_links":{"self":[{"href":"https:\/\/www.elsindical.com.ar\/notas\/wp-json\/wp\/v2\/posts\/139315","targetHints":{"allow":["GET"]}}],"collection":[{"href":"https:\/\/www.elsindical.com.ar\/notas\/wp-json\/wp\/v2\/posts"}],"about":[{"href":"https:\/\/www.elsindical.com.ar\/notas\/wp-json\/wp\/v2\/types\/post"}],"author":[{"embeddable":true,"href":"https:\/\/www.elsindical.com.ar\/notas\/wp-json\/wp\/v2\/users\/1"}],"replies":[{"embeddable":true,"href":"https:\/\/www.elsindical.com.ar\/notas\/wp-json\/wp\/v2\/comments?post=139315"}],"version-history":[{"count":1,"href":"https:\/\/www.elsindical.com.ar\/notas\/wp-json\/wp\/v2\/posts\/139315\/revisions"}],"predecessor-version":[{"id":139317,"href":"https:\/\/www.elsindical.com.ar\/notas\/wp-json\/wp\/v2\/posts\/139315\/revisions\/139317"}],"wp:featuredmedia":[{"embeddable":true,"href":"https:\/\/www.elsindical.com.ar\/notas\/wp-json\/wp\/v2\/media\/139316"}],"wp:attachment":[{"href":"https:\/\/www.elsindical.com.ar\/notas\/wp-json\/wp\/v2\/media?parent=139315"}],"wp:term":[{"taxonomy":"category","embeddable":true,"href":"https:\/\/www.elsindical.com.ar\/notas\/wp-json\/wp\/v2\/categories?post=139315"},{"taxonomy":"post_tag","embeddable":true,"href":"https:\/\/www.elsindical.com.ar\/notas\/wp-json\/wp\/v2\/tags?post=139315"}],"curies":[{"name":"wp","href":"https:\/\/api.w.org\/{rel}","templated":true}]}}