{"id":139295,"date":"2025-08-02T22:20:11","date_gmt":"2025-08-03T01:20:11","guid":{"rendered":"https:\/\/www.elsindical.com.ar\/notas\/?p=139295"},"modified":"2025-08-02T22:20:18","modified_gmt":"2025-08-03T01:20:18","slug":"cambios-en-pami-la-nueva-modalidad-de-atencion-que-todos-los-jubilados-deben-conocer","status":"publish","type":"post","link":"https:\/\/www.elsindical.com.ar\/notas\/cambios-en-pami-la-nueva-modalidad-de-atencion-que-todos-los-jubilados-deben-conocer\/","title":{"rendered":"Cambios en PAMI: la nueva modalidad de atenci\u00f3n que todos los jubilados deben conocer"},"content":{"rendered":"<div class=\"wp-block-image\">\n<figure class=\"aligncenter size-full\"><a href=\"https:\/\/www.elsindical.com.ar\/notas\/var\/www\/html\/notas\/wp-content\/uploads\/2025\/08\/PAMI-atencion-afiliados.jpg\"><img loading=\"lazy\" decoding=\"async\" width=\"738\" height=\"430\" src=\"https:\/\/www.elsindical.com.ar\/notas\/var\/www\/html\/notas\/wp-content\/uploads\/2025\/08\/PAMI-atencion-afiliados.jpg\" alt=\"\" class=\"wp-image-139296\" srcset=\"https:\/\/www.elsindical.com.ar\/notas\/var\/www\/html\/notas\/wp-content\/uploads\/2025\/08\/PAMI-atencion-afiliados.jpg 738w, https:\/\/www.elsindical.com.ar\/notas\/var\/www\/html\/notas\/wp-content\/uploads\/2025\/08\/PAMI-atencion-afiliados-300x175.jpg 300w\" sizes=\"auto, (max-width: 738px) 100vw, 738px\" \/><\/a><\/figure>\n<\/div>\n\n\n<p>El organismo anunci\u00f3 una importante modificaci\u00f3n en su sistema de prestaciones que impactar\u00e1 en la forma en que se brindan algunos servicios. La medida promete mejorar la organizaci\u00f3n y el acceso para los afiliados.<\/p>\n\n\n\n<p>El <strong>Programa de Atenci\u00f3n M\u00e9dica Integral (PAMI)<\/strong> anunci\u00f3 recientemente una modificaci\u00f3n importante en su esquema de <strong>prestaciones bioqu\u00edmicas<\/strong> dentro de la <strong>Ciudad Aut\u00f3noma de Buenos Aires<\/strong>. Seg\u00fan informaron desde el organismo, el objetivo de esta actualizaci\u00f3n es mejorar tanto la calidad del servicio como las condiciones laborales de los profesionales del sector.<\/p>\n\n\n\n<h2 class=\"wp-block-heading\">C\u00f3mo ser\u00e1 el nuevo sistema<\/h2>\n\n\n\n<p>A partir de esta modificaci\u00f3n, los <strong>acuerdos contractuales pasar\u00e1n a realizarse de manera directa entre los profesionales bioqu\u00edmicos, los centros de salud y PAMI<\/strong>, sin intermediarios. Hasta ahora, cerca del 40% de la cobertura correspondiente a los niveles de atenci\u00f3n primaria y terciaria estaba concentrada en el Colegio de Bioqu\u00edmicos, que cumpl\u00eda un rol de intermediaci\u00f3n entre prestadores y el Instituto.<\/p>\n\n\n\n<p>Desde el organismo indicaron que esta medida apunta a <strong>optimizar el destino de los fondos disponibles<\/strong>: \u201cEs un paso m\u00e1s para evitar desv\u00edos y garantizar que los recursos lleguen a donde m\u00e1s se necesitan\u201d, expresaron en un comunicado oficial. La nueva reglamentaci\u00f3n ser\u00e1 implementada en los pr\u00f3ximos d\u00edas.<\/p>\n\n\n\n<h2 class=\"wp-block-heading\">Qu\u00e9 implica este cambio para los afiliados<\/h2>\n\n\n\n<p>Desde la administraci\u00f3n de PAMI aclararon que la modificaci\u00f3n <strong>no alterar\u00e1 la cobertura ni el acceso al servicio<\/strong> para los afiliados. Por el contrario, sostienen que se trata de una <strong>mejora en la gesti\u00f3n<\/strong> y en la forma de organizar las prestaciones: \u201cEs parte del camino hacia un PAMI m\u00e1s eficiente\u201d, destacaron.<\/p>\n\n\n\n<h2 class=\"wp-block-heading\">Vacuna antigripal de PAMI: \u00bfQui\u00e9nes pueden acceder a ella?<\/h2>\n\n\n\n<p>La vacuna antigripal de PAMI est\u00e1 dirigida a todos sus <strong>afiliados<\/strong>. Es decir, cualquier persona afiliada a la <strong>obra social<\/strong> puede d\u00e1rsela, pero algunos grupos de personas deben hacerlo obligatoriamente.<\/p>\n\n\n\n<ul class=\"wp-block-list\">\n<li>Adultos mayores de 65 a\u00f1os<\/li>\n\n\n\n<li>Mujeres embarazadas<\/li>\n\n\n\n<li>Ni\u00f1os de entre 6 y 24 meses<\/li>\n\n\n\n<li>Personas menores de 65 a\u00f1os que presenten factores de riesgo<\/li>\n<\/ul>\n\n\n\n<h2 class=\"wp-block-heading\">\u00bfD\u00f3nde aplican la vacuna antigripal?<\/h2>\n\n\n\n<p>La vacuna de PAMI se aplica en todas las farmacias del pa\u00eds que est\u00e9n habilitadas por la <strong>Red PAMI<\/strong>. Para encontrar la m\u00e1s cercana a sus residencias, los afiliados cuentan con el <strong>Buscador de Farmacias<\/strong> del organismo, que se debe usar de la siguiente manera:<\/p>\n\n\n\n<ol class=\"wp-block-list\">\n<li>Dirigirse a la p\u00e1gina oficial de PAMI y buscar la secci\u00f3n de la Campa\u00f1a de Vacunaci\u00f3n Antigripal 2025.<\/li>\n\n\n\n<li>Acceder al Buscador de Farmacias y elegir la provincia y el motivo de consulta (en este caso ser\u00eda la vacunaci\u00f3n antigripal).<\/li>\n\n\n\n<li>Agregar la localidad y el c\u00f3digo postal para mayor precisi\u00f3n y pulsar el bot\u00f3n Buscar. All\u00ed aparecer\u00e1 una lista con diversas farmacias cercanas a la residencia del afiliado.<\/li>\n<\/ol>\n\n\n\n<h2 class=\"wp-block-heading\">\u00bfCu\u00e1nto cuesta la vacuna antigripal?<\/h2>\n\n\n\n<p>Los afiliados del PAMI podr\u00e1n acceder <strong>gratuitamente<\/strong> a la vacuna antigripal, por lo que <strong>nadie puede cobrar por ella<\/strong>. Adem\u00e1s, no es necesario sacar turno para pon\u00e9rsela, pero la obra social recomienda <strong>contactar a la farmacia<\/strong> de confianza para confirmar su disponibilidad.<\/p>\n","protected":false},"excerpt":{"rendered":"<p>El organismo anunci\u00f3 una importante modificaci\u00f3n en su sistema de prestaciones que impactar\u00e1 en la forma en que se brindan algunos servicios. La medida promete mejorar la organizaci\u00f3n y el acceso para los afiliados. El Programa de Atenci\u00f3n M\u00e9dica Integral (PAMI) anunci\u00f3 recientemente una modificaci\u00f3n importante en su esquema de prestaciones bioqu\u00edmicas dentro de la&hellip;<\/p>\n","protected":false},"author":1,"featured_media":139296,"comment_status":"open","ping_status":"open","sticky":false,"template":"","format":"standard","meta":{"footnotes":""},"categories":[13,23,25],"tags":[45653,2450,4910,3582],"class_list":["post-139295","post","type-post","status-publish","format-standard","has-post-thumbnail","hentry","category-politica","category-salud","category-sociedad","tag-atencion-afiliados","tag-diario-el-sindical","tag-jubilados","tag-pami"],"_links":{"self":[{"href":"https:\/\/www.elsindical.com.ar\/notas\/wp-json\/wp\/v2\/posts\/139295","targetHints":{"allow":["GET"]}}],"collection":[{"href":"https:\/\/www.elsindical.com.ar\/notas\/wp-json\/wp\/v2\/posts"}],"about":[{"href":"https:\/\/www.elsindical.com.ar\/notas\/wp-json\/wp\/v2\/types\/post"}],"author":[{"embeddable":true,"href":"https:\/\/www.elsindical.com.ar\/notas\/wp-json\/wp\/v2\/users\/1"}],"replies":[{"embeddable":true,"href":"https:\/\/www.elsindical.com.ar\/notas\/wp-json\/wp\/v2\/comments?post=139295"}],"version-history":[{"count":1,"href":"https:\/\/www.elsindical.com.ar\/notas\/wp-json\/wp\/v2\/posts\/139295\/revisions"}],"predecessor-version":[{"id":139297,"href":"https:\/\/www.elsindical.com.ar\/notas\/wp-json\/wp\/v2\/posts\/139295\/revisions\/139297"}],"wp:featuredmedia":[{"embeddable":true,"href":"https:\/\/www.elsindical.com.ar\/notas\/wp-json\/wp\/v2\/media\/139296"}],"wp:attachment":[{"href":"https:\/\/www.elsindical.com.ar\/notas\/wp-json\/wp\/v2\/media?parent=139295"}],"wp:term":[{"taxonomy":"category","embeddable":true,"href":"https:\/\/www.elsindical.com.ar\/notas\/wp-json\/wp\/v2\/categories?post=139295"},{"taxonomy":"post_tag","embeddable":true,"href":"https:\/\/www.elsindical.com.ar\/notas\/wp-json\/wp\/v2\/tags?post=139295"}],"curies":[{"name":"wp","href":"https:\/\/api.w.org\/{rel}","templated":true}]}}