{"id":139291,"date":"2025-08-02T19:13:30","date_gmt":"2025-08-02T22:13:30","guid":{"rendered":"https:\/\/www.elsindical.com.ar\/notas\/?p=139291"},"modified":"2025-08-02T19:13:36","modified_gmt":"2025-08-02T22:13:36","slug":"los-precios-de-los-alimentos-suben-hasta-un-8","status":"publish","type":"post","link":"https:\/\/www.elsindical.com.ar\/notas\/los-precios-de-los-alimentos-suben-hasta-un-8\/","title":{"rendered":"Los precios de los alimentos suben hasta un 8%"},"content":{"rendered":"\n<figure class=\"wp-block-image size-full\"><a href=\"https:\/\/www.elsindical.com.ar\/notas\/var\/www\/html\/notas\/wp-content\/uploads\/2019\/03\/precios-alimentos.jpg\"><img loading=\"lazy\" decoding=\"async\" width=\"945\" height=\"531\" src=\"https:\/\/www.elsindical.com.ar\/notas\/var\/www\/html\/notas\/wp-content\/uploads\/2019\/03\/precios-alimentos.jpg\" alt=\"\" class=\"wp-image-85506\" srcset=\"https:\/\/www.elsindical.com.ar\/notas\/var\/www\/html\/notas\/wp-content\/uploads\/2019\/03\/precios-alimentos.jpg 945w, https:\/\/www.elsindical.com.ar\/notas\/var\/www\/html\/notas\/wp-content\/uploads\/2019\/03\/precios-alimentos-300x169.jpg 300w, https:\/\/www.elsindical.com.ar\/notas\/var\/www\/html\/notas\/wp-content\/uploads\/2019\/03\/precios-alimentos-768x432.jpg 768w, https:\/\/www.elsindical.com.ar\/notas\/var\/www\/html\/notas\/wp-content\/uploads\/2019\/03\/precios-alimentos-500x281.jpg 500w\" sizes=\"auto, (max-width: 945px) 100vw, 945px\" \/><\/a><\/figure>\n\n\n\n<p class=\"wp-block-paragraph\">Supermercados recibieron listas con aumentos de hasta el 8% en alimentos y productos de higiene y limpieza. Se espera el traslado inmediato a g\u00f3ndolas.<\/p>\n\n\n\n<p class=\"wp-block-paragraph\">E<strong>n una reacci\u00f3n a la disparada del d\u00f3lar de la \u00faltima semana, las\u00a0compa\u00f1\u00edas de alimentos, bebidas y art\u00edculos de limpieza, higiene y tocador\u00a0empezaron a enviar listas de precios con suban de hasta el\u00a08%<\/strong>.<\/p>\n\n\n\n<p class=\"wp-block-paragraph\">En julio, el&nbsp;d\u00f3lar acumul\u00f3 una suba del 13% frente al peso. Esto hizo que el Banco Central saliera a secar la plaza de pesos mediante una suba&nbsp;de los encajes que las entidades deben tener.<\/p>\n\n\n\n<p class=\"wp-block-paragraph\"><strong>Se espera que desde la semana pr\u00f3xima las remarcaciones se noten en las g\u00f3ndolas<\/strong>, justo en el momento en que se produce un alza de compras, porque mucha gente ya cobr\u00f3 el sueldo de julio.<\/p>\n\n\n\n<p class=\"wp-block-paragraph\">De acuerdo a la agencia NA, <strong>las subas van del 4 al 8 por ciento<\/strong>. Entre esas compa\u00f1\u00edas, se habla de subas de precios en&nbsp;Unilever&nbsp;(Hellmann\u2019s, Knorr, Dove, Axe, Lux, Comfort y Lifebuoy),&nbsp;Mondelez&nbsp;(Terrabusi, Oreo, Milka, Tita, Rhodesia, Beldent, Tang y Clight) y&nbsp;SC Johnson&nbsp;(OFF!, Fuyi, Raid, Glade, Lysoform, Mr. M\u00fasculo y Blem).<\/p>\n\n\n\n<p class=\"wp-block-paragraph\"><strong>El gobierno intenta atenuar cualquier ajuste de precios, sobre todo ante la cercan\u00eda de las elecciones<\/strong> legislativas de octubre pr\u00f3ximo.<\/p>\n","protected":false},"excerpt":{"rendered":"<p>Supermercados recibieron listas con aumentos de hasta el 8% en alimentos y productos de higiene y limpieza. Se espera el traslado inmediato a g\u00f3ndolas. En una reacci\u00f3n a la disparada del d\u00f3lar de la \u00faltima semana, las\u00a0compa\u00f1\u00edas de alimentos, bebidas y art\u00edculos de limpieza, higiene y tocador\u00a0empezaron a enviar listas de precios con suban de&hellip;<\/p>\n","protected":false},"author":1,"featured_media":85506,"comment_status":"open","ping_status":"open","sticky":false,"template":"","format":"standard","meta":{"footnotes":""},"categories":[9],"tags":[2450,22023,761,28812,45652],"class_list":["post-139291","post","type-post","status-publish","format-standard","has-post-thumbnail","hentry","category-economia","tag-diario-el-sindical","tag-economia","tag-gobierno-nacional","tag-javier-milei","tag-precio-alimentos"],"_links":{"self":[{"href":"https:\/\/www.elsindical.com.ar\/notas\/wp-json\/wp\/v2\/posts\/139291","targetHints":{"allow":["GET"]}}],"collection":[{"href":"https:\/\/www.elsindical.com.ar\/notas\/wp-json\/wp\/v2\/posts"}],"about":[{"href":"https:\/\/www.elsindical.com.ar\/notas\/wp-json\/wp\/v2\/types\/post"}],"author":[{"embeddable":true,"href":"https:\/\/www.elsindical.com.ar\/notas\/wp-json\/wp\/v2\/users\/1"}],"replies":[{"embeddable":true,"href":"https:\/\/www.elsindical.com.ar\/notas\/wp-json\/wp\/v2\/comments?post=139291"}],"version-history":[{"count":1,"href":"https:\/\/www.elsindical.com.ar\/notas\/wp-json\/wp\/v2\/posts\/139291\/revisions"}],"predecessor-version":[{"id":139292,"href":"https:\/\/www.elsindical.com.ar\/notas\/wp-json\/wp\/v2\/posts\/139291\/revisions\/139292"}],"wp:featuredmedia":[{"embeddable":true,"href":"https:\/\/www.elsindical.com.ar\/notas\/wp-json\/wp\/v2\/media\/85506"}],"wp:attachment":[{"href":"https:\/\/www.elsindical.com.ar\/notas\/wp-json\/wp\/v2\/media?parent=139291"}],"wp:term":[{"taxonomy":"category","embeddable":true,"href":"https:\/\/www.elsindical.com.ar\/notas\/wp-json\/wp\/v2\/categories?post=139291"},{"taxonomy":"post_tag","embeddable":true,"href":"https:\/\/www.elsindical.com.ar\/notas\/wp-json\/wp\/v2\/tags?post=139291"}],"curies":[{"name":"wp","href":"https:\/\/api.w.org\/{rel}","templated":true}]}}