{"id":139286,"date":"2025-08-01T23:48:47","date_gmt":"2025-08-02T02:48:47","guid":{"rendered":"https:\/\/www.elsindical.com.ar\/notas\/?p=139286"},"modified":"2025-08-01T23:48:53","modified_gmt":"2025-08-02T02:48:53","slug":"efemerides-del-dia-2-de-agosto-10","status":"publish","type":"post","link":"https:\/\/www.elsindical.com.ar\/notas\/efemerides-del-dia-2-de-agosto-10\/","title":{"rendered":"EFEM\u00c9RIDES: DEL D\u00cdA 2 DE AGOSTO"},"content":{"rendered":"\n<p class=\"wp-block-paragraph\">D\u00eda del Trabajador Gastron\u00f3mico<\/p>\n\n\n\n<p class=\"wp-block-paragraph\">1100 \u2013 Muere Guillermo II, el rojo, rey de Inglaterra.<\/p>\n\n\n\n<p class=\"wp-block-paragraph\">1788 \u2013 Muere Thomas Gainsborough, pintor ingl\u00e9s considerado como uno de los grandes maestros del retrato y del paisaje.<\/p>\n\n\n\n<p class=\"wp-block-paragraph\">1799 \u2013 Muere Jacques Etienne Montgolfier, aviador franc\u00e9s, pionero en el desarrollo de traves\u00edas en globo.<\/p>\n\n\n\n<p class=\"wp-block-paragraph\">1814 \u2013 Estalla en Cuzco un movimiento rebelde indio que estuvo a punto de conseguir la independencia del Per\u00fa.<\/p>\n\n\n\n<p class=\"wp-block-paragraph\">1820 \u2013&nbsp;Tiene lugar el combate de San Nicol\u00e1s de los Arroyos en la Provincia de Buenos Aires.<\/p>\n\n\n\n<p class=\"wp-block-paragraph\">1889 \u2013 Muere el folletinista Eduardo Guti\u00e9rrez.<\/p>\n\n\n\n<p class=\"wp-block-paragraph\">1915 \u2013 Se inaugura la Estaci\u00f3n Retiro, cuyas obras comenzaron en 1909.<\/p>\n\n\n\n<p class=\"wp-block-paragraph\">1921 \u2013 Muere Enrico Caruso, cantante de \u00f3pera italiano.<\/p>\n\n\n\n<p class=\"wp-block-paragraph\">1922 \u2013 Muere Alexander Graham Bell, inventor del tel\u00e9fono.<\/p>\n\n\n\n<p class=\"wp-block-paragraph\">1923 \u2013 El presidente estadounidense Warren Harding muere en el Palace Hotel de San Francisco.<\/p>\n\n\n\n<p class=\"wp-block-paragraph\">1932 \u2013 Nace el actor Peter O\u2019Toole.<\/p>\n\n\n\n<p class=\"wp-block-paragraph\">1934 \u2013 Hitler asume la presidencia del III Reich tras la muerte del presidente de Alemania Paul von Hindenburg.<\/p>\n\n\n\n<p class=\"wp-block-paragraph\">1934 \u2013 Nace Valery Bykovsky, cosmonauta sovi\u00e9tica.<\/p>\n\n\n\n<p class=\"wp-block-paragraph\">1936 \u2013 Muere Louis Bleriot, aviador franc\u00e9s, pionero de la industria aeron\u00e1utica.<\/p>\n\n\n\n<p class=\"wp-block-paragraph\">1942 \u2013 Nace Isabel Allende, escritora chilena.<\/p>\n\n\n\n<p class=\"wp-block-paragraph\">1945 \u2013 Se cierra la conferencia de Postdam, reuni\u00f3n de los jefes de Gobierno de Estados Unidos, la Uni\u00f3n de Rep\u00fablicas Socialistas Sovi\u00e9ticas y Reino Unido, celebrada a ra\u00edz de la rendici\u00f3n incondicional de Alemania en la II Guerra Mundial.<\/p>\n\n\n\n<p class=\"wp-block-paragraph\">1945 \u2013 Muere Pietro Mascagni, compositor de \u00f3peras italiano.<\/p>\n\n\n\n<p class=\"wp-block-paragraph\">1956 \u2013 Nace Isabel Pantoja, cantante espa\u00f1ola.<\/p>\n\n\n\n<p class=\"wp-block-paragraph\">1962 \u2013 En&nbsp;Vietnam&nbsp;comienza la escalada de la intervenci\u00f3n estadounidense en el pa\u00eds, que llevar\u00e1 a la&nbsp;Guerra de Vietnam&nbsp;(en la que Estados Unidos ser\u00e1 vencido tras una d\u00e9cada de lucha).<\/p>\n\n\n\n<p class=\"wp-block-paragraph\">1968 \u2013 Nace Stefan Efenberg, volante del f\u00fatbol alem\u00e1n.<\/p>\n\n\n\n<p class=\"wp-block-paragraph\">1975 \u2013 Nace Isabel Macedo, actriz argentina.<\/p>\n\n\n\n<p class=\"wp-block-paragraph\">1976 \u2013 Muere Fritz Lang, cineasta alem\u00e1n.<\/p>\n\n\n\n<p class=\"wp-block-paragraph\">1979 \u2013 Muere Victor Raul Haya de la Torre, pol\u00edtico peruano.<\/p>\n\n\n\n<p class=\"wp-block-paragraph\">1980 \u2013 Mueren 84 personas y m\u00e1s de 200 resultan heridas en un atentado perpetrado por neofascistas en la estaci\u00f3n ferroviaria de Bolonia (Italia).<\/p>\n\n\n\n<p class=\"wp-block-paragraph\">1981 \u2013 Muere Delfo Cabrera maratonista ganador del oro ol\u00edmpico en 1948.<\/p>\n\n\n\n<p class=\"wp-block-paragraph\">1988 \u2013 Muere Raymond Carver, escritor estadounidense.<\/p>\n\n\n\n<p class=\"wp-block-paragraph\">1990 \u2013 Irak invade Kuwait, lo que dar\u00eda origen a la Guerra del Golfo.<\/p>\n\n\n\n<p class=\"wp-block-paragraph\">1991 \u2013 Argentina y Chile resuelven sus problemas lim\u00edtrofes pendientes desde 1902, salvo Laguna del Desierto.<\/p>\n\n\n\n<p class=\"wp-block-paragraph\">1994 \u2013 Muere Hugo Soto, actor y artista argentino.<\/p>\n\n\n\n<p class=\"wp-block-paragraph\">1994 \u2013 Muere Oscar Viale, actor, comediante, dramaturgo y guionista argentino.<\/p>\n\n\n\n<p class=\"wp-block-paragraph\">1996 \u2013 Muere Obdulio Varela, caudillo del f\u00fatbol uruguayo.<\/p>\n\n\n\n<p class=\"wp-block-paragraph\">1997 \u2013 Muere William Burroughs, novelista, cr\u00edtico social y ensayista estadounidense.<\/p>\n\n\n\n<p class=\"wp-block-paragraph\">2004 \u2013 Muere Jos\u00e9 Omar \u00abPato\u00bb Pastoriza, futbolista y entrenador argentino.<\/p>\n\n\n\n<p class=\"wp-block-paragraph\">2008 \u2013 Muere P\u00e9rez Celis, pintor y escultor argentino.<\/p>\n\n\n\n<p class=\"wp-block-paragraph\">2012 \u2013 Muere Floria Bloise, actriz argentina.<\/p>\n\n\n\n<p class=\"wp-block-paragraph\">2012 \u2013 Ratifican el ingreso de Venezuela al MERCOSUR. Con la entrada de Venezuela el MERCOSUR se transform\u00f3 en la quinta econom\u00eda mundial, detr\u00e1s de Estados Unidos, China, Alemania y Jap\u00f3n.<\/p>\n\n\n\n<p class=\"wp-block-paragraph\">2016 \u2013 Muere Juan Carlos Mesa, autor, actor, humorista y director de cine y televisi\u00f3n argentino.<\/p>\n\n\n\n<p class=\"wp-block-paragraph\">2017 \u2013 Primera edici\u00f3n exitosa de genes en embriones humanos para reparar una mutaci\u00f3n causante de enfermedad reportada por cient\u00edficos en \u00abNature\u00bb.<\/p>\n\n\n\n<p class=\"wp-block-paragraph\"><\/p>\n","protected":false},"excerpt":{"rendered":"<p>D\u00eda del Trabajador Gastron\u00f3mico 1100 \u2013 Muere Guillermo II, el rojo, rey de Inglaterra. 1788 \u2013 Muere Thomas Gainsborough, pintor ingl\u00e9s considerado como uno de los grandes maestros del retrato y del paisaje. 1799 \u2013 Muere Jacques Etienne Montgolfier, aviador franc\u00e9s, pionero en el desarrollo de traves\u00edas en globo. 1814 \u2013 Estalla en Cuzco un&hellip;<\/p>\n","protected":false},"author":1,"featured_media":0,"comment_status":"open","ping_status":"open","sticky":false,"template":"","format":"standard","meta":{"footnotes":""},"categories":[14],"tags":[2450,22026],"class_list":["post-139286","post","type-post","status-publish","format-standard","hentry","category-efemerides","tag-diario-el-sindical","tag-efemerides"],"_links":{"self":[{"href":"https:\/\/www.elsindical.com.ar\/notas\/wp-json\/wp\/v2\/posts\/139286","targetHints":{"allow":["GET"]}}],"collection":[{"href":"https:\/\/www.elsindical.com.ar\/notas\/wp-json\/wp\/v2\/posts"}],"about":[{"href":"https:\/\/www.elsindical.com.ar\/notas\/wp-json\/wp\/v2\/types\/post"}],"author":[{"embeddable":true,"href":"https:\/\/www.elsindical.com.ar\/notas\/wp-json\/wp\/v2\/users\/1"}],"replies":[{"embeddable":true,"href":"https:\/\/www.elsindical.com.ar\/notas\/wp-json\/wp\/v2\/comments?post=139286"}],"version-history":[{"count":1,"href":"https:\/\/www.elsindical.com.ar\/notas\/wp-json\/wp\/v2\/posts\/139286\/revisions"}],"predecessor-version":[{"id":139287,"href":"https:\/\/www.elsindical.com.ar\/notas\/wp-json\/wp\/v2\/posts\/139286\/revisions\/139287"}],"wp:attachment":[{"href":"https:\/\/www.elsindical.com.ar\/notas\/wp-json\/wp\/v2\/media?parent=139286"}],"wp:term":[{"taxonomy":"category","embeddable":true,"href":"https:\/\/www.elsindical.com.ar\/notas\/wp-json\/wp\/v2\/categories?post=139286"},{"taxonomy":"post_tag","embeddable":true,"href":"https:\/\/www.elsindical.com.ar\/notas\/wp-json\/wp\/v2\/tags?post=139286"}],"curies":[{"name":"wp","href":"https:\/\/api.w.org\/{rel}","templated":true}]}}