{"id":139275,"date":"2025-07-31T07:39:00","date_gmt":"2025-07-31T10:39:00","guid":{"rendered":"https:\/\/www.elsindical.com.ar\/notas\/?p=139275"},"modified":"2025-08-01T08:00:24","modified_gmt":"2025-08-01T11:00:24","slug":"avellaneda-decima-primera-sesion-ordinaria-del-hcd","status":"publish","type":"post","link":"https:\/\/www.elsindical.com.ar\/notas\/avellaneda-decima-primera-sesion-ordinaria-del-hcd\/","title":{"rendered":"Avellaneda: D\u00e9cima primera sesi\u00f3n ordinaria del HCD"},"content":{"rendered":"<div class=\"wp-block-image\">\n<figure class=\"aligncenter size-full\"><a href=\"https:\/\/www.elsindical.com.ar\/notas\/var\/www\/html\/notas\/wp-content\/uploads\/2025\/08\/HCD-30-de-julio-2025.jpg\"><img loading=\"lazy\" decoding=\"async\" width=\"700\" height=\"697\" src=\"https:\/\/www.elsindical.com.ar\/notas\/var\/www\/html\/notas\/wp-content\/uploads\/2025\/08\/HCD-30-de-julio-2025.jpg\" alt=\"\" class=\"wp-image-139276\" srcset=\"https:\/\/www.elsindical.com.ar\/notas\/var\/www\/html\/notas\/wp-content\/uploads\/2025\/08\/HCD-30-de-julio-2025.jpg 700w, https:\/\/www.elsindical.com.ar\/notas\/var\/www\/html\/notas\/wp-content\/uploads\/2025\/08\/HCD-30-de-julio-2025-300x300.jpg 300w, https:\/\/www.elsindical.com.ar\/notas\/var\/www\/html\/notas\/wp-content\/uploads\/2025\/08\/HCD-30-de-julio-2025-150x150.jpg 150w, https:\/\/www.elsindical.com.ar\/notas\/var\/www\/html\/notas\/wp-content\/uploads\/2025\/08\/HCD-30-de-julio-2025-50x50.jpg 50w\" sizes=\"auto, (max-width: 700px) 100vw, 700px\" \/><\/a><\/figure>\n<\/div>\n\n\n<p>\u00abEl oficialismo logr\u00f3 aprobar la donaci\u00f3n en luminarias a distritos vecinos y modificaciones al programa municipal \u00abTu Viaje de Egresados Solidario\u201d, aunque no cont\u00f3 con los votos de la oposici\u00f3n que manifest\u00f3 su rechazo en ambas ordenanzas.<\/p>\n\n\n\n<p>Este mi\u00e9rcoles 30 de julio, los concejales de <strong>Avellaneda<\/strong> se reunieron en el <strong>Honorable Concejo Deliberante<\/strong> local para debatir varios expedientes, entre ellos, la donaci\u00f3n de luminarias a municipios vecinos y la mejora de un programa municipal.<\/p>\n\n\n\n<p>Los funcionarios pusieron sobre la mesa la suscripci\u00f3n de la \u201ccolaboraci\u00f3n con las Municipalidades de <strong>Punta Indio<\/strong>, <strong>Mor\u00f3n<\/strong> y <strong>Berisso<\/strong>, mediante los cuales se disponga la donaci\u00f3n de doscientas luminarias a favor de cada municipio mencionado\u201d. El oficialismo logr\u00f3 aprobarlo con los votos de sus concejales.<\/p>\n\n\n\n<p>Sin embargo, el presidente del bloque de <strong>La Libertad Avanza<\/strong>, <strong>Dami\u00e1n Paz<\/strong>, adelant\u00f3 desde un principio que su voto ser\u00eda negativo, a pesar de las m\u00ednimas modificaciones que sufri\u00f3 el expediente respecto a la sesi\u00f3n anterior. \u201cAgradezco los cambios, pero seguimos teniendo los mismos problemas que antes, as\u00ed que, para ser coherentes, preferimos dejar este proyecto para la sesi\u00f3n que viene\u201d, opin\u00f3 el concejal. <strong>Yesica Arga\u00f1araz<\/strong> (PRO) y <strong>Arnaldo D\u00edaz<\/strong> (Uni\u00f3n y Libertad) tambi\u00e9n aseguraron su voto negativo.<\/p>\n\n\n\n<p><strong>Mar\u00eda Laura Garibaldi (Uni\u00f3n por la Patria)<\/strong>, por su parte, dijo que esto \u201cya se discuti\u00f3 mil veces\u201d y que, en su opini\u00f3n, \u201ces preferible que se presenten los municipios que necesiten a la luminaria que se saca de circulaci\u00f3n para ser chatarra y que, de esta manera, solidariamente, ayuden a otros municipios\u201d.<\/p>\n\n\n\n<p>Otro momento que\u00a0gener\u00f3 debate fue al tratarse las\u00a0\u201cMejoras en la Infraestructura Escolar\u201d y los cambios\u00a0para el programa municipal <strong>\u201cTu Viaje de Egresados Solidario\u201d<\/strong>, el cual le brinda a los alumnos un acceso m\u00e1s f\u00e1cil a los viajes de fin de curso, a cambio de tareas comunitarias, entre otras cosas.<\/p>\n\n\n\n<p>El primero en pedir la palabra fue el propio Paz, que consider\u00f3 que \u201cno es la funci\u00f3n de la Municipalidad cumplir con esto\u201d, adem\u00e1s adelant\u00f3 que la \u201cSubsecretar\u00eda de Juventud terminar\u00eda siendo local de turismo para egresados\u201d.<\/p>\n\n\n\n<p>Y agreg\u00f3: \u201cQuiero aclarar que en general no estoy de acuerdo con los viajes de egresados, no con estos en particular. No estoy de acuerdo que, en la Argentina, en los \u00faltimos dos a\u00f1os, los pibes hagan este tipo de cosas para despu\u00e9s decirles que no. Esto no pasa en ninguna parte del mundo\u201d. \u201cQu\u00e9 suerte\u201d, lanz\u00f3 Garibaldi, mientras el concejal de LLA emit\u00eda la \u00faltima frase.<\/p>\n\n\n\n<p>Por el otro lado, el presidente del bloque de Uni\u00f3n por la Patria, <strong>Jos\u00e9 Alessi<\/strong>, respondi\u00f3 a la oposici\u00f3n y aclar\u00f3: \u201cCuando dicen que en otros pa\u00edses esto no pasa, lo tomo como elogio, porque no se les ocurri\u00f3 hacer esto. Cada vez que tenemos ese contacto directo de solidaridad con nuestros vecinos y vemos la cara de alegr\u00eda de aquellos que no tienen la posibilidad de acceder a estos beneficios; es un momento irremplazable. Adem\u00e1s, no est\u00e1n solo este tipo de actividades comunitarias; hay un mont\u00f3n de cosas para hacer\u201d.<\/p>\n","protected":false},"excerpt":{"rendered":"<p>\u00abEl oficialismo logr\u00f3 aprobar la donaci\u00f3n en luminarias a distritos vecinos y modificaciones al programa municipal \u00abTu Viaje de Egresados Solidario\u201d, aunque no cont\u00f3 con los votos de la oposici\u00f3n que manifest\u00f3 su rechazo en ambas ordenanzas. Este mi\u00e9rcoles 30 de julio, los concejales de Avellaneda se reunieron en el Honorable Concejo Deliberante local para&hellip;<\/p>\n","protected":false},"author":1,"featured_media":139276,"comment_status":"open","ping_status":"open","sticky":false,"template":"","format":"standard","meta":{"footnotes":""},"categories":[13],"tags":[461,2450,19428,32323,45649,45650],"class_list":["post-139275","post","type-post","status-publish","format-standard","has-post-thumbnail","hentry","category-politica","tag-avellaneda","tag-diario-el-sindical","tag-hcd-avellaneda","tag-infraestructura-escolar","tag-sesion-ordinaria","tag-viaje-de-egresados-solidario"],"_links":{"self":[{"href":"https:\/\/www.elsindical.com.ar\/notas\/wp-json\/wp\/v2\/posts\/139275","targetHints":{"allow":["GET"]}}],"collection":[{"href":"https:\/\/www.elsindical.com.ar\/notas\/wp-json\/wp\/v2\/posts"}],"about":[{"href":"https:\/\/www.elsindical.com.ar\/notas\/wp-json\/wp\/v2\/types\/post"}],"author":[{"embeddable":true,"href":"https:\/\/www.elsindical.com.ar\/notas\/wp-json\/wp\/v2\/users\/1"}],"replies":[{"embeddable":true,"href":"https:\/\/www.elsindical.com.ar\/notas\/wp-json\/wp\/v2\/comments?post=139275"}],"version-history":[{"count":1,"href":"https:\/\/www.elsindical.com.ar\/notas\/wp-json\/wp\/v2\/posts\/139275\/revisions"}],"predecessor-version":[{"id":139277,"href":"https:\/\/www.elsindical.com.ar\/notas\/wp-json\/wp\/v2\/posts\/139275\/revisions\/139277"}],"wp:featuredmedia":[{"embeddable":true,"href":"https:\/\/www.elsindical.com.ar\/notas\/wp-json\/wp\/v2\/media\/139276"}],"wp:attachment":[{"href":"https:\/\/www.elsindical.com.ar\/notas\/wp-json\/wp\/v2\/media?parent=139275"}],"wp:term":[{"taxonomy":"category","embeddable":true,"href":"https:\/\/www.elsindical.com.ar\/notas\/wp-json\/wp\/v2\/categories?post=139275"},{"taxonomy":"post_tag","embeddable":true,"href":"https:\/\/www.elsindical.com.ar\/notas\/wp-json\/wp\/v2\/tags?post=139275"}],"curies":[{"name":"wp","href":"https:\/\/api.w.org\/{rel}","templated":true}]}}