{"id":139272,"date":"2025-07-11T17:23:00","date_gmt":"2025-07-11T20:23:00","guid":{"rendered":"https:\/\/www.elsindical.com.ar\/notas\/?p=139272"},"modified":"2025-08-01T08:06:34","modified_gmt":"2025-08-01T11:06:34","slug":"avellaneda-decima-sesion-ordinaria","status":"publish","type":"post","link":"https:\/\/www.elsindical.com.ar\/notas\/avellaneda-decima-sesion-ordinaria\/","title":{"rendered":"Avellaneda: D\u00e9cima sesi\u00f3n ordinaria"},"content":{"rendered":"\n<figure class=\"wp-block-image size-large\"><a href=\"https:\/\/www.elsindical.com.ar\/notas\/var\/www\/html\/notas\/wp-content\/uploads\/2025\/08\/HCD-11-de-julio-2025.jpg\"><img loading=\"lazy\" decoding=\"async\" width=\"1024\" height=\"682\" src=\"https:\/\/www.elsindical.com.ar\/notas\/var\/www\/html\/notas\/wp-content\/uploads\/2025\/08\/HCD-11-de-julio-2025-1024x682.jpg\" alt=\"\" class=\"wp-image-139273\" srcset=\"https:\/\/www.elsindical.com.ar\/notas\/var\/www\/html\/notas\/wp-content\/uploads\/2025\/08\/HCD-11-de-julio-2025-1024x682.jpg 1024w, https:\/\/www.elsindical.com.ar\/notas\/var\/www\/html\/notas\/wp-content\/uploads\/2025\/08\/HCD-11-de-julio-2025-300x200.jpg 300w, https:\/\/www.elsindical.com.ar\/notas\/var\/www\/html\/notas\/wp-content\/uploads\/2025\/08\/HCD-11-de-julio-2025-768x512.jpg 768w, https:\/\/www.elsindical.com.ar\/notas\/var\/www\/html\/notas\/wp-content\/uploads\/2025\/08\/HCD-11-de-julio-2025-1536x1023.jpg 1536w, https:\/\/www.elsindical.com.ar\/notas\/var\/www\/html\/notas\/wp-content\/uploads\/2025\/08\/HCD-11-de-julio-2025.jpg 1600w\" sizes=\"auto, (max-width: 1024px) 100vw, 1024px\" \/><\/a><\/figure>\n\n\n\n<p class=\"wp-block-paragraph\">En la sesi\u00f3n del d\u00eda 11 de julio 2025, a la que asistieron veinticuatro (24) concejales de los distintos bloques pol\u00edticos, se destacan los siguientes temas:<\/p>\n\n\n\n<p class=\"wp-block-paragraph\"><strong>POL\u00cdTICAS P\u00daBLICAS:<\/strong><\/p>\n\n\n\n<p class=\"wp-block-paragraph\"><strong>HACIENDA Y PRESUPUESTO<\/strong><\/p>\n\n\n\n<ul class=\"wp-block-list\">\n<li>Ratificando el Decreto 2528\/2025, dictado por el Departamento Ejecutivo \u201cad refer\u00e9ndum\u201d, modificaci\u00f3n de la Bonificaci\u00f3n Directora Asistencial.- (INTENDENCIA MUNICIPAL).<\/li>\n\n\n\n<li>Ratificando el Decreto 2667\/2025, modificaci\u00f3n de los sueldos b\u00e1sicos del personal docente municipal encuadrados en la ordenanza N\u00ba 7433.- (INTENDENCIA MUNICIPAL)<\/li>\n\n\n\n<li>Autorizando al Departamento Ejecutivo a suscribir un Contrato de Locaci\u00f3n con la Sociedad de Bomberos Voluntarios y Sala de Primeros Auxilios de Villa Dom\u00ednico, respecto del inmueble ubicado en la calle Coronel Brandsen N\u00ba 4845 de la mencionada localidad, donde actualmente funciona el Hospital de Ojos de la Municipalidad de Avellaneda.- (INTENDENCIA MUNICIPAL)..<\/li>\n<\/ul>\n\n\n\n<p class=\"wp-block-paragraph\"><strong>INTERPRETACION LEGISLATIVA, REGLAMENTO, GOBIERNO Y ADMINISTRACION GENERAL<\/strong><\/p>\n\n\n\n<ul class=\"wp-block-list\">\n<li>Desafectando del Dominio P\u00fablico Municipal varias trazas de calles, avenidas y parcelas, comprendidas por Crisologo Larralde, V\u00e9lez Sarsfield y Limay.- (INTENDENCIA MUNICIPAL).<\/li>\n\n\n\n<li>Creando en el \u00e1mbito del partido de Avellaneda el \u201cSistema de Contingencia ante Cat\u00e1strofes\u201d destinado a brindar asistencia y acompa\u00f1amiento a vecinos y vecinas cuya vivienda resulte afectada por eventos imprevistos.- (INTENDENCIA MUNICIPAL).<\/li>\n\n\n\n<li>Der\u00f3ganse las Ordenanzas Nros. 29.444 y 29.612, y su modificatoria Ordenanza N\u00ba 29.993, por devenir abstractas, atento la disoluci\u00f3n del Fondo Fiduciario P\u00fablico PROCREAR por medio del Decreto PEN N\u00ba 1018\/2024.- (INTENDENCIA MUNICIPAL).<\/li>\n<\/ul>\n\n\n\n<p class=\"wp-block-paragraph\"><strong>EDUCACION, CULTURA Y PROMOCION DE LAS ARTES<\/strong><\/p>\n\n\n\n<ul class=\"wp-block-list\">\n<li>Autorizando al Departamento Ejecutivo a suscribir un Convenio Marco de Colaboraci\u00f3n con la Universidad Nacional de Lan\u00fas, con el Objeto de Promover v\u00ednculos de colaboraci\u00f3n rec\u00edproca en los campos Acad\u00e9micos, Cient\u00edfico, T\u00e9cnico y Cultural.- (INTENDENCIA MUNICIPAL)<\/li>\n<\/ul>\n\n\n\n<p class=\"wp-block-paragraph\"><strong>COMISION DE VIVIENDA<\/strong><\/p>\n\n\n\n<ul class=\"wp-block-list\">\n<li>Autorizando el Convenio relacionado con el Programa Bonaerense II, suscripto entre el Instituto de la Vivienda de la Provincia de Buenos Aires y la Municipalidad de Avellaneda \u2013 \u201cConstrucci\u00f3n de 10 viviendas en la localidad de Dock Sud\u201d.- (INTENDENCIA MUNICIPAL).<\/li>\n<\/ul>\n\n\n\n<p class=\"wp-block-paragraph\"><strong>EDUCACION, CULTURA Y PROMOCION DE LAS ARTES<\/strong><\/p>\n\n\n\n<ul class=\"wp-block-list\">\n<li>Decl\u00e1rase Personalidad Destacada de la Ciudad de Avellaneda, a la Sra. \u201cMar\u00eda Lucia Paggi\u201d, en virtud del reconocimiento popular de los vecinos de su barrio, el trabajo solidario que desarrolla y su dedicaci\u00f3n generosa a varias generaciones de vecinos y vecinas de la Isla Maciel.- (BLOQUE UNION POR LA PATRIA).<\/li>\n<\/ul>\n\n\n\n<p class=\"wp-block-paragraph\"><strong>DERECHOS HUMANOS Y GARANTIAS CONSTITUCIONALES<\/strong><\/p>\n\n\n\n<ul class=\"wp-block-list\">\n<li>Este Honorable Concejo Deliberante de Avellaneda, expresa su m\u00e1s en\u00e9rgico y contundente repudio a las detenciones ileg\u00edtimas de varios militantes, dispuestas por el Juzgado Federal N\u00ba 1 de San Isidro a cargo de la jueza Sandra Arroyo Salgado.- (BLOQUE UNION POR LA PATRIA).<\/li>\n<\/ul>\n\n\n\n<p class=\"wp-block-paragraph\"><strong>COMISION DE ENLACE<\/strong><\/p>\n\n\n\n<ul class=\"wp-block-list\">\n<li>Este Honorable Concejo Deliberante de Avellaneda, ver\u00eda con agrado que el Departamento Ejecutivo -a trav\u00e9s de la Direcci\u00f3n General de Inclusi\u00f3n a las Personas con Discapacidad- otorgue un espacio de estacionamiento reservado con discapacidad, para uso exclusivo del veh\u00edculo identificado con la chapa patente AD752JF, hasta el vencimiento del CUD vigente.- (DEFENSOR DEL PUEBLO DE AVELLANEDA)<\/li>\n<\/ul>\n\n\n\n<figure class=\"wp-block-image size-large\"><a href=\"https:\/\/www.elsindical.com.ar\/notas\/var\/www\/html\/notas\/wp-content\/uploads\/2025\/07\/HCD-11-de-julio-2025-2.jpeg\"><img loading=\"lazy\" decoding=\"async\" width=\"1024\" height=\"768\" src=\"https:\/\/www.elsindical.com.ar\/notas\/var\/www\/html\/notas\/wp-content\/uploads\/2025\/07\/HCD-11-de-julio-2025-2-1024x768.jpeg\" alt=\"\" class=\"wp-image-139278\" srcset=\"https:\/\/www.elsindical.com.ar\/notas\/var\/www\/html\/notas\/wp-content\/uploads\/2025\/07\/HCD-11-de-julio-2025-2-1024x768.jpeg 1024w, https:\/\/www.elsindical.com.ar\/notas\/var\/www\/html\/notas\/wp-content\/uploads\/2025\/07\/HCD-11-de-julio-2025-2-300x225.jpeg 300w, https:\/\/www.elsindical.com.ar\/notas\/var\/www\/html\/notas\/wp-content\/uploads\/2025\/07\/HCD-11-de-julio-2025-2-768x576.jpeg 768w, https:\/\/www.elsindical.com.ar\/notas\/var\/www\/html\/notas\/wp-content\/uploads\/2025\/07\/HCD-11-de-julio-2025-2.jpeg 1440w\" sizes=\"auto, (max-width: 1024px) 100vw, 1024px\" \/><\/a><\/figure>\n","protected":false},"excerpt":{"rendered":"<p>En la sesi\u00f3n del d\u00eda 11 de julio 2025, a la que asistieron veinticuatro (24) concejales de los distintos bloques pol\u00edticos, se destacan los siguientes temas: POL\u00cdTICAS P\u00daBLICAS: HACIENDA Y PRESUPUESTO INTERPRETACION LEGISLATIVA, REGLAMENTO, GOBIERNO Y ADMINISTRACION GENERAL EDUCACION, CULTURA Y PROMOCION DE LAS ARTES COMISION DE VIVIENDA EDUCACION, CULTURA Y PROMOCION DE LAS ARTES&hellip;<\/p>\n","protected":false},"author":1,"featured_media":139273,"comment_status":"open","ping_status":"open","sticky":false,"template":"","format":"standard","meta":{"footnotes":""},"categories":[13],"tags":[461,2450,19428,22025,45649],"class_list":["post-139272","post","type-post","status-publish","format-standard","has-post-thumbnail","hentry","category-politica","tag-avellaneda","tag-diario-el-sindical","tag-hcd-avellaneda","tag-politica","tag-sesion-ordinaria"],"_links":{"self":[{"href":"https:\/\/www.elsindical.com.ar\/notas\/wp-json\/wp\/v2\/posts\/139272","targetHints":{"allow":["GET"]}}],"collection":[{"href":"https:\/\/www.elsindical.com.ar\/notas\/wp-json\/wp\/v2\/posts"}],"about":[{"href":"https:\/\/www.elsindical.com.ar\/notas\/wp-json\/wp\/v2\/types\/post"}],"author":[{"embeddable":true,"href":"https:\/\/www.elsindical.com.ar\/notas\/wp-json\/wp\/v2\/users\/1"}],"replies":[{"embeddable":true,"href":"https:\/\/www.elsindical.com.ar\/notas\/wp-json\/wp\/v2\/comments?post=139272"}],"version-history":[{"count":2,"href":"https:\/\/www.elsindical.com.ar\/notas\/wp-json\/wp\/v2\/posts\/139272\/revisions"}],"predecessor-version":[{"id":139279,"href":"https:\/\/www.elsindical.com.ar\/notas\/wp-json\/wp\/v2\/posts\/139272\/revisions\/139279"}],"wp:featuredmedia":[{"embeddable":true,"href":"https:\/\/www.elsindical.com.ar\/notas\/wp-json\/wp\/v2\/media\/139273"}],"wp:attachment":[{"href":"https:\/\/www.elsindical.com.ar\/notas\/wp-json\/wp\/v2\/media?parent=139272"}],"wp:term":[{"taxonomy":"category","embeddable":true,"href":"https:\/\/www.elsindical.com.ar\/notas\/wp-json\/wp\/v2\/categories?post=139272"},{"taxonomy":"post_tag","embeddable":true,"href":"https:\/\/www.elsindical.com.ar\/notas\/wp-json\/wp\/v2\/tags?post=139272"}],"curies":[{"name":"wp","href":"https:\/\/api.w.org\/{rel}","templated":true}]}}