{"id":139255,"date":"2025-07-31T13:19:42","date_gmt":"2025-07-31T16:19:42","guid":{"rendered":"https:\/\/www.elsindical.com.ar\/notas\/?p=139255"},"modified":"2025-07-31T13:19:48","modified_gmt":"2025-07-31T16:19:48","slug":"ernesto-garcia-manon-renuncio-a-su-cargo-de-juez-luego-de-la-denuncia-por-acoso-sexual-y-maltrato","status":"publish","type":"post","link":"https:\/\/www.elsindical.com.ar\/notas\/ernesto-garcia-manon-renuncio-a-su-cargo-de-juez-luego-de-la-denuncia-por-acoso-sexual-y-maltrato\/","title":{"rendered":"Ernesto Garc\u00eda Ma\u00f1\u00f3n renunci\u00f3 a su cargo de Juez luego de la denuncia por acoso sexual y maltrato"},"content":{"rendered":"<div class=\"wp-block-image\">\n<figure class=\"aligncenter size-full\"><a href=\"https:\/\/www.elsindical.com.ar\/notas\/var\/www\/html\/notas\/wp-content\/uploads\/2025\/07\/Juez-Ernesto-Garcia-Manon.jpg\"><img loading=\"lazy\" decoding=\"async\" width=\"864\" height=\"579\" src=\"https:\/\/www.elsindical.com.ar\/notas\/var\/www\/html\/notas\/wp-content\/uploads\/2025\/07\/Juez-Ernesto-Garcia-Manon.jpg\" alt=\"\" class=\"wp-image-139256\" srcset=\"https:\/\/www.elsindical.com.ar\/notas\/var\/www\/html\/notas\/wp-content\/uploads\/2025\/07\/Juez-Ernesto-Garcia-Manon.jpg 864w, https:\/\/www.elsindical.com.ar\/notas\/var\/www\/html\/notas\/wp-content\/uploads\/2025\/07\/Juez-Ernesto-Garcia-Manon-300x201.jpg 300w, https:\/\/www.elsindical.com.ar\/notas\/var\/www\/html\/notas\/wp-content\/uploads\/2025\/07\/Juez-Ernesto-Garcia-Manon-768x515.jpg 768w\" sizes=\"auto, (max-width: 864px) 100vw, 864px\" \/><\/a><\/figure>\n<\/div>\n\n\n<p>El presidente de la C\u00e1mara de Apelaci\u00f3n y Garant\u00edas de San Isidro, Ernesto Garc\u00eda Maa\u00f1\u00f3n, <strong>denunciado ante la Suprema Corte de Justicia bonaerense por una funcionaria del tribunal de alzada por acoso sexual y laboral<\/strong>, present\u00f3 hoy su renuncia como magistrado.<\/p>\n\n\n\n<p>La renuncia de Garc\u00eda Maa\u00f1\u00f3n, de 76 a\u00f1os, <strong>fue presentada ante la Secretar\u00eda de Personal del m\u00e1ximo tribunal <\/strong>de la provincia de Buenos Aires por su abogado defensor, Adri\u00e1n Murcho.<\/p>\n\n\n\n<p><strong>\u201cGarc\u00eda Maa\u00f1\u00f3n ten\u00eda previsto presentar su renuncia para despu\u00e9s de la feria judicial, pero, finalmente, decidi\u00f3 hacerlo un d\u00eda antes de que termine el receso para estar m\u00e1s tranquilo y defenderse de las acusaciones en su contra, de las que estamos convencidos de su falsedad. Adem\u00e1s, \u00e9l cree que, de esta manera, se tiene mucha m\u00e1s libertad desde la fiscal\u00eda para investigar lo que creemos son hechos inexistentes\u201d<\/strong>, sostuvo Murcho, tras presentar la carta de renuncia en la Secretar\u00eda de Personal de la Suprema Corte de Justicia bonaerense.<\/p>\n\n\n\n<p>Murcho se refer\u00eda a la Investigaci\u00f3n Penal Preparatoria (IPP) que lleva adelante el fiscal Jos\u00e9 Amallo. El expediente se inici\u00f3 despu\u00e9s de la denuncia presentada en la Subsecretar\u00eda de Control Disciplinario de la Suprema Corte y de que desde la Procuraci\u00f3n General bonaerense, conducida por <strong>Julio Conte Grand<\/strong>, le dieran intervenci\u00f3n a la Fiscal\u00eda General de San Isidro, a cargo de <strong>John Broyad<\/strong>.<\/p>\n\n\n\n<p><strong>\u201cEsperemos que el gobernador Axel Kicillof no acepte la renuncia presentada por Garc\u00eda Maa\u00f1\u00f3n y que se haga el jury, porque de aceptarla no solamente ser\u00eda dotar de impunidad a casos graves como el denunciado, sino tambi\u00e9n brindarle un privilegio manteniendo su condici\u00f3n de juez. Adem\u00e1s, ser\u00eda un contrasentido de las pol\u00edticas de g\u00e9nero que Kicillof se jacta de implementar. <\/strong>De nuestra parte vamos a impulsar el jury y la causa penal. Hay elementos de juicio suficiente como para impulsar la causa penal por amenazas, acoso sexual, abuso de arma y violaci\u00f3n de los deberes de funcionario p\u00fablico\u201c, sostuvo <strong>Juan Saucedo, abogado que representa a G. B. S., la mujer que denunci\u00f3 por acoso sexual y laboral al magistrado<\/strong>.<\/p>\n\n\n\n<p>En el marco del sumario administrativo iniciado en la Subsecretar\u00eda de Control Disciplinario del m\u00e1ximo tribunal bonaerense, tras la denuncia de una secretar\u00eda letrada de la C\u00e1mara de Apelaci\u00f3n y Garant\u00edas en lo Penal de San Isidro por acoso sexual y laboral, una testigo que trabaja en el tribunal de alzada denunci\u00f3 que tambi\u00e9n hab\u00eda sido v\u00edctima del magistrado.<\/p>\n\n\n\n<p>\u201cLa declaraci\u00f3n fue el lunes pasado, a \u00faltima hora. La testigo hab\u00eda sido citada por el sumario administrativo abierto despu\u00e9s de la denuncia hecha por G. B. S., secretaria letrada del tribunal de alzada de San Isidro, que denunci\u00f3 por acoso sexual y laboral a Garc\u00eda Maa\u00f1\u00f3n. Pero su relato se convirti\u00f3 en el testimonio de una v\u00edctima. Palabras m\u00e1s, palabras menos, cont\u00f3 que fue manoseada por el juez en su despacho. Tambi\u00e9n dijo que hubo un intento de beso por parte del magistrado\u201d, explicaron las fuentes consultadas.<\/p>\n\n\n\n<p>Antes de que la testigo se presentara a declarar, seg\u00fan se revel\u00f3 el programa de la <em>LN+<\/em> Caso Abierto, Garc\u00eda Maa\u00f1\u00f3n, que es experto en tiro y particip\u00f3 de numerosas competencias, le envi\u00f3 un mensaje de voz de Whatsapp a la testigo.<\/p>\n\n\n\n<p><strong>\u201cYo no quiero que declares a mi favor, pero tampoco quiero que declares en contra y mientas. Quiero que digas la verdad. Dec\u00ed la verdad. Yo voy a seguir a muerte con la falsa denuncia. Esto lo sigo a muerte\u201d<\/strong>, le dijo, entre otras cosas, Garc\u00eda Maa\u00f1\u00f3n a la testigo, cuya identidad se mantiene en reserva.<\/p>\n\n\n\n<p>El sumario administrativo fue abierto por la Suprema Corte de Justicia bonaerense el 16 de este mes, menos de 24 horas despu\u00e9s de que G. B. S., que cumpl\u00eda funciones como secretar\u00eda letrada en la C\u00e1mara de Apelaci\u00f3n y Garant\u00edas de San Isidro, presentara su denuncia.<\/p>\n\n\n\n<p><strong>\u201cEn horas de la tarde, el ministro de la Suprema Corte de Justicia, Daniel Soria, firm\u00f3 la resoluci\u00f3n por la cual se dispone dar inicio de un sumario por la denuncia contra Garc\u00eda Maa\u00f1\u00f3n, la cual tramitar\u00e1 en la subsecretar\u00eda de Control Disciplinario\u201d<\/strong><em>, <\/em>hab\u00edan explicado en ese momento fuentes del m\u00e1ximo tribunal.<\/p>\n\n\n\n<p>Y agregaron: \u201cA partir de ahora un abogado instructor perteneciente a esa \u00e1rea recabar\u00e1 pruebas, tomar\u00e1 testimonios y realizar\u00e1 cada una de las diligencias de dicha actuaci\u00f3n en el \u00e1mbito del m\u00e1ximo tribunal de Justicia provincial\u201d.<\/p>\n\n\n\n<p>Como se inform\u00f3 en su momento, la denuncia de G. B. S. ante la Subsecretar\u00eda de Control Administrativo de la Suprema Corte de Justicia bonaerense comenz\u00f3 con un relato pormenorizado de las situaciones de abuso que afirma haber vivido desde fines de febrero pasado, cuando Garc\u00eda Maa\u00f1\u00f3n, de 76 a\u00f1os, estaba a punto de volver a ejercer la presidencia de la C\u00e1mara que es rotativa.<\/p>\n\n\n\n<p>Seg\u00fan record\u00f3 la funcionaria, el 20 de febrero \u00faltimo, la funcionaria fue convocada a la oficina del magistrado \u201cpara ultimar detalles con relaci\u00f3n a su futura presidencia\u201d a partir de marzo. Entre otras cuestiones, hablaron de <strong>pautas de trabajo<\/strong>.<\/p>\n\n\n\n<p>\u201cDesde esa fecha comenz\u00f3 un v\u00ednculo cordial, basado en el respeto y la confianza, de \u00edndole laboral, al menos de mi parte. Sin embargo, con el correr de los d\u00edas comenz\u00f3 a mencionar mediante mensajes o en forma personal que le parec\u00eda atractiva, que no me tire a menos, que as\u00ed ten\u00eda que ir por la vida, se\u00f1alando que era una <strong>\u2018opini\u00f3n masculina experta\u2019\u00bb<\/strong>.<\/p>\n\n\n\n<p>El 25 de febrero, en el contexto de una conversaci\u00f3n por Whatsapp, le dijo: <strong>\u201cCuid\u00e1 tu cuerpo y salud, que te eleva la autoestima. Consejo, <\/strong><em><strong>look <\/strong><\/em><strong>para los juramentos (y para que me envidien): pelo suelto y el traje negro escotado con mini que llevaste el martes pasado\u00bb<\/strong>.<\/p>\n\n\n\n<p>G. B. S. trat\u00f3 de ser cordial en la respuesta, pero nunca m\u00e1s se puso el vestido que le hab\u00eda pedido el juez, explic\u00f3 en su denuncia.<\/p>\n\n\n\n<p>El 30 de marzo pasado, un mes despu\u00e9s de que Garc\u00eda Maa\u00f1\u00f3n asumiera la presidencia, la denunciante comenz\u00f3 a recibir mensajes de Whatsapp en horas de la madrugada. \u201c\u00bfDespierta?\u201d, le pregunt\u00f3 un d\u00eda a las 1.12, seg\u00fan dijo G. B. S. y, seguido, le escribi\u00f3: \u201cLa noche es como el vino, te desinhibe. La noche es deseo, la pasi\u00f3n, la aventura\u201d.<\/p>\n\n\n\n<p>G. B. S. hizo referencia a una invitaci\u00f3n del magistrado para que vaya a comer un asado a su casa, donde iba a estar un comisario, uno de sus hijos y un custodio. Pens\u00f3 varias veces c\u00f3mo decir que no a esa \u201creuni\u00f3n de trabajo\u201d programada para un s\u00e1bado, finalmente se enferm\u00f3 y no fue.<\/p>\n\n\n\n<p>El 2 de abril, explic\u00f3 la denunciante en su presentaci\u00f3n, <strong>Garc\u00eda Maa\u00f1\u00f3n le dijo que era un \u201ccazador\u201d<\/strong> y que le gustaba <strong>la \u201cpresa dif\u00edcil\u201d<\/strong>, <strong>\u201cel caballo que le costaba domarlo\u201d <\/strong>y que <strong>le gustaban las \u201cmujeres que no eran sumisas\u201d<\/strong>.<\/p>\n\n\n\n<p><strong>\u201cNi una sola vez le di a entender al doctor Garc\u00eda Maa\u00f1\u00f3n que hab\u00eda posibilidad de un v\u00ednculo del tipo que intentaba\u201d<\/strong>, sostuvo G. B. S. en su relato de los hechos.<\/p>\n\n\n\n<p>Al promediar la presentaci\u00f3n, la funcionaria record\u00f3 una situaci\u00f3n donde, por primera vez, se sinti\u00f3 intimidada.<\/p>\n\n\n\n<p>\u201cEn una ocasi\u00f3n en la que nos encontr\u00e1bamos a solas me orden\u00f3: \u2018Sentate en ese lugar\u2019, se\u00f1alando un cuerpo de un sill\u00f3n, haciendo alusi\u00f3n a un sill\u00f3n de tres cuerpos. Me sent\u00e9 y el almohad\u00f3n se hundi\u00f3 considerablemente y qued\u00e9 como hundida, peque\u00f1ita. Entonces se sent\u00f3 a mi lado y, mientras yo intentaba leer y explicarle temas [de trabajo] que hab\u00eda llevado escrito en hojas, su mirada y su cuerpo se gir\u00f3 considerablemente sobre mi cuerpo y su mirada se pos\u00f3 por encima de mi hombro. <strong>Fue la primera vez que me sent\u00ed intimidada<\/strong> por el doctor Garc\u00eda Maa\u00f1\u00f3n. <strong>Era el presidente, mi jefe, nunca antes hab\u00eda vivido tal incomodidad<\/strong>. La luz tenue innecesaria, y la cercan\u00eda de su cuerpo me incomod\u00f3,<strong> sent\u00ed como que respiraba casi sobre mi cara<\/strong>. Yo miraba hacia abajo las hojas, tratando de leer de manera r\u00e1pida la firma para retirarme y \u00e9l, en un tono lento, me miraba haciendo como que le interesara lo que le\u00eda. <strong>Me intimid\u00f3 con su cercan\u00eda y lo not\u00f3<\/strong>. Luego, con voz suave, me pregunt\u00f3 \u2018\u00bfTe incomoda?\u2019. S\u00ed, le contest\u00e9 con firmeza. Autom\u00e1ticamente, se levant\u00f3 y se sent\u00f3 en otro sill\u00f3n, y me dijo, como desentendi\u00e9ndose de la situaci\u00f3n, \u2018tendr\u00e9 que cambiar ese almohad\u00f3n\u2019\u201c, sostuvo G. B. S. en su denuncia.<\/p>\n\n\n\n<p>En un momento, como esa relaci\u00f3n \u201cjefe-empleada\u201d le pesaba y la ahogaba, G. B. S. acept\u00f3 ir a cenar a un lugar p\u00fablico.<\/p>\n\n\n\n<p>\u201cMe dijo <strong>\u2018con que cenemos juntos me basta. Por m\u00ed pod\u00e9s venir desnuda jaja\u2026&#8217;<\/strong>. Sin embargo, no le pude poner freno. En horario laboral me cit\u00f3 en el despacho. Garc\u00eda Maa\u00f1\u00f3n estaba en una postura juvenil, como excitado. Sali\u00f3 de su escritorio y me detuvo en el medio de su despacho [despu\u00e9s de contarle que hab\u00eda averiguado un lugar con men\u00fa cel\u00edaco]. <strong>Me tom\u00f3 de la cintura e intent\u00f3 bajar la mano hacia mi cola, me sorprend\u00ed y di un paso hacia atr\u00e1s<\/strong>, le dije \u2018\u00bfPas\u00f3 algo?\u2019 Me dijo \u2018<strong>no, solo quer\u00eda verte\u2019<\/strong>\u201c, cont\u00f3 la funcionaria. Ella se fue del despacho.<\/p>\n\n\n\n<p>Una de las \u00faltimas situaciones de acoso que describi\u00f3 G. S. B. en la denuncia fue el 19 de junio, casi un mes antes de su presentaci\u00f3n, en el despacho del magistrado. Garc\u00eda Maa\u00f1\u00f3n ya le hab\u00eda dicho que era <strong>instructor de tiro<\/strong>.<\/p>\n\n\n\n<p>\u201cMe dijo que me sentara. Se levant\u00f3, saco del caj\u00f3n su arma, le puso el cargador, le sac\u00f3 el seguro o se lo puso, dado que solo escuche el ruido, y en un movimiento r\u00e1pido la pas\u00f3 cerca de mi cara. No recuerdo si la puso delante de su pantal\u00f3n o detr\u00e1s, qued\u00e9 como helada de haber visto el ca\u00f1o del arma pasar cerca de mi cara. \u00c9l sali\u00f3 del escritorio, tom\u00f3 un bolso, y dijo \u2018me retiro\u2019. Sal\u00ed del despacho y fui a mi despacho y comenc\u00e9 a llorar\u201d, sostuvo G. B. S., seg\u00fan consta en el documento.<\/p>\n\n\n\n<p>En la parte final de la denuncia, despu\u00e9s de hablar del temor reverencial, G. B. S. solicit\u00f3 que se le autorice y se disponga el cambio de \u201cdependencia laboral\u201d, que se cite a una serie de testigos, que, \u201c<strong>atento al cargo de Garc\u00eda Maa\u00f1\u00f3n se tomen las medidas necesarias para lograr la mayor imparcialidad en la presente investigaci\u00f3n<\/strong>\u201d y, por \u00faltimo, pidi\u00f3 que \u201c<strong>respecto de los delitos de acci\u00f3n p\u00fablica<\/strong>\u201d se le notifiquen el n\u00famero y estado de la investigaci\u00f3n penal preparatoria (IPP)<\/p>\n","protected":false},"excerpt":{"rendered":"<p>El presidente de la C\u00e1mara de Apelaci\u00f3n y Garant\u00edas de San Isidro, Ernesto Garc\u00eda Maa\u00f1\u00f3n, denunciado ante la Suprema Corte de Justicia bonaerense por una funcionaria del tribunal de alzada por acoso sexual y laboral, present\u00f3 hoy su renuncia como magistrado. La renuncia de Garc\u00eda Maa\u00f1\u00f3n, de 76 a\u00f1os, fue presentada ante la Secretar\u00eda de&hellip;<\/p>\n","protected":false},"author":1,"featured_media":139256,"comment_status":"open","ping_status":"open","sticky":false,"template":"","format":"standard","meta":{"footnotes":""},"categories":[20],"tags":[4562,175,2450,9057,332,840],"class_list":["post-139255","post","type-post","status-publish","format-standard","has-post-thumbnail","hentry","category-judiciales","tag-acoso-sexual","tag-denuncia","tag-diario-el-sindical","tag-ernesto-garcia-maanon","tag-maltrato-laboral","tag-renuncia"],"_links":{"self":[{"href":"https:\/\/www.elsindical.com.ar\/notas\/wp-json\/wp\/v2\/posts\/139255","targetHints":{"allow":["GET"]}}],"collection":[{"href":"https:\/\/www.elsindical.com.ar\/notas\/wp-json\/wp\/v2\/posts"}],"about":[{"href":"https:\/\/www.elsindical.com.ar\/notas\/wp-json\/wp\/v2\/types\/post"}],"author":[{"embeddable":true,"href":"https:\/\/www.elsindical.com.ar\/notas\/wp-json\/wp\/v2\/users\/1"}],"replies":[{"embeddable":true,"href":"https:\/\/www.elsindical.com.ar\/notas\/wp-json\/wp\/v2\/comments?post=139255"}],"version-history":[{"count":1,"href":"https:\/\/www.elsindical.com.ar\/notas\/wp-json\/wp\/v2\/posts\/139255\/revisions"}],"predecessor-version":[{"id":139257,"href":"https:\/\/www.elsindical.com.ar\/notas\/wp-json\/wp\/v2\/posts\/139255\/revisions\/139257"}],"wp:featuredmedia":[{"embeddable":true,"href":"https:\/\/www.elsindical.com.ar\/notas\/wp-json\/wp\/v2\/media\/139256"}],"wp:attachment":[{"href":"https:\/\/www.elsindical.com.ar\/notas\/wp-json\/wp\/v2\/media?parent=139255"}],"wp:term":[{"taxonomy":"category","embeddable":true,"href":"https:\/\/www.elsindical.com.ar\/notas\/wp-json\/wp\/v2\/categories?post=139255"},{"taxonomy":"post_tag","embeddable":true,"href":"https:\/\/www.elsindical.com.ar\/notas\/wp-json\/wp\/v2\/tags?post=139255"}],"curies":[{"name":"wp","href":"https:\/\/api.w.org\/{rel}","templated":true}]}}