{"id":139239,"date":"2025-07-30T18:14:09","date_gmt":"2025-07-30T21:14:09","guid":{"rendered":"https:\/\/www.elsindical.com.ar\/notas\/?p=139239"},"modified":"2025-07-30T18:14:14","modified_gmt":"2025-07-30T21:14:14","slug":"kicillof-advirtio-que-el-oficialismo-prepara-una-campana-ronosa-basada-en-mentiras","status":"publish","type":"post","link":"https:\/\/www.elsindical.com.ar\/notas\/kicillof-advirtio-que-el-oficialismo-prepara-una-campana-ronosa-basada-en-mentiras\/","title":{"rendered":"Kicillof advirti\u00f3 que el oficialismo prepara una campa\u00f1a \u201cro\u00f1osa\u201d basada en mentiras"},"content":{"rendered":"\n<figure class=\"wp-block-image size-large\"><a href=\"https:\/\/www.elsindical.com.ar\/notas\/var\/www\/html\/notas\/wp-content\/uploads\/2025\/07\/Kicillof-en-Pilar.jpeg\"><img loading=\"lazy\" decoding=\"async\" width=\"1024\" height=\"683\" src=\"https:\/\/www.elsindical.com.ar\/notas\/var\/www\/html\/notas\/wp-content\/uploads\/2025\/07\/Kicillof-en-Pilar-1024x683.jpeg\" alt=\"\" class=\"wp-image-139240\" srcset=\"https:\/\/www.elsindical.com.ar\/notas\/var\/www\/html\/notas\/wp-content\/uploads\/2025\/07\/Kicillof-en-Pilar-1024x683.jpeg 1024w, https:\/\/www.elsindical.com.ar\/notas\/var\/www\/html\/notas\/wp-content\/uploads\/2025\/07\/Kicillof-en-Pilar-300x200.jpeg 300w, https:\/\/www.elsindical.com.ar\/notas\/var\/www\/html\/notas\/wp-content\/uploads\/2025\/07\/Kicillof-en-Pilar-768x512.jpeg 768w, https:\/\/www.elsindical.com.ar\/notas\/var\/www\/html\/notas\/wp-content\/uploads\/2025\/07\/Kicillof-en-Pilar-1536x1024.jpeg 1536w, https:\/\/www.elsindical.com.ar\/notas\/var\/www\/html\/notas\/wp-content\/uploads\/2025\/07\/Kicillof-en-Pilar.jpeg 1920w\" sizes=\"auto, (max-width: 1024px) 100vw, 1024px\" \/><\/a><\/figure>\n\n\n\n<p>El gobernador bonaerense acus\u00f3 al Gobierno nacional de planear una campa\u00f1a \u201cinescrupulosa\u201d de cara a las elecciones y pidi\u00f3 discutir temas de fondo como la seguridad.<\/p>\n\n\n\n<p>El gobernador de la provincia de Buenos Aires, <strong>Axel Kicillof<\/strong>, asegur\u00f3 que <strong>el oficialismo prepara una campa\u00f1a \u201cro\u00f1osa\u201d de cara a las pr\u00f3ximas elecciones<\/strong> y afirm\u00f3 que el espacio Fuerza Patria ya se est\u00e1 organizando para enfrentarla. Apunt\u00f3 directamente contra el presidente Javier Milei y su gobierno, a quienes acus\u00f3 de apelar a la \u201cmentira\u201d como herramienta pol\u00edtica.<\/p>\n\n\n\n<p>\u201c<strong>No va a ser una campa\u00f1a sucia: va a ser ro\u00f1osa. Sabemos qu\u00e9 hay del otro lado, que est\u00e1n dispuestos a decir cualquier cosa e inventar<\/strong>\u201d, advirti\u00f3 Kicillof en una entrevista televisiva desde el municipio de Pilar, donde inaugur\u00f3 una nueva sede de la<strong> Fuerza Barrial de Aproximaci\u00f3n (FBA) y entreg\u00f3 20 patrulleros y 20 motos.<\/strong><\/p>\n\n\n\n<p>Acompa\u00f1ado por el ministro de Seguridad, Javier Alonso, y el intendente Federico Ach\u00e1val, Kicillof destac\u00f3 que mostrar las obras de gesti\u00f3n sirve para frenar la estrategia del oficialismo: \u201c<strong>Mostrar y poner en valor nuestro trabajo permite limitar un poco la campa\u00f1a sucia que tienen planeada, potenciada por un Gobierno que puede decir cualquier cosa con toda liviandad<\/strong>\u201d, expres\u00f3.<\/p>\n\n\n\n<p>El mandatario bonaerense pidi\u00f3 debatir con seriedad, en especial sobre temas sensibles como la seguridad: \u201cUno quisiera discutir el tema de la seguridad, que es complejo, serio y no requiere meter bala, sino meter recursos\u201d, subray\u00f3.<\/p>\n\n\n\n<p>Kicillof tambi\u00e9n ironiz\u00f3 sobre los m\u00e9todos del oficialismo, al recordar un video viral de Mauricio Macri creado con inteligencia artificial: \u201c<strong>Pas\u00f3 en la Ciudad de Buenos Aires: apareci\u00f3 Macri diciendo que voten a Milei con IA, as\u00ed que puede aparecer cualquier d\u00eda diciendo cualquier cosa<\/strong>\u201d, dijo.<\/p>\n\n\n\n<p>Por \u00faltimo, se refiri\u00f3 al armado pol\u00edtico de Fuerza Patria a nivel nacional y se mostr\u00f3 confiado en lograr acuerdos: \u201cEst\u00e1 en riesgo much\u00edsimo en esta elecci\u00f3n, entonces decidimos sumar fuerzas para frenar a Milei. Esta boleta es el instrumento que nos ped\u00edan en todos lados\u201d, afirm\u00f3. Y finaliz\u00f3: \u201cAhora estamos de cara a un cierre nacional, veremos c\u00f3mo va evolucionando\u201d.<\/p>\n","protected":false},"excerpt":{"rendered":"<p>El gobernador bonaerense acus\u00f3 al Gobierno nacional de planear una campa\u00f1a \u201cinescrupulosa\u201d de cara a las elecciones y pidi\u00f3 discutir temas de fondo como la seguridad. El gobernador de la provincia de Buenos Aires, Axel Kicillof, asegur\u00f3 que el oficialismo prepara una campa\u00f1a \u201cro\u00f1osa\u201d de cara a las pr\u00f3ximas elecciones y afirm\u00f3 que el espacio&hellip;<\/p>\n","protected":false},"author":1,"featured_media":139240,"comment_status":"open","ping_status":"open","sticky":false,"template":"","format":"standard","meta":{"footnotes":""},"categories":[13],"tags":[13798,31318,2450,244,42767,761,1411],"class_list":["post-139239","post","type-post","status-publish","format-standard","has-post-thumbnail","hentry","category-politica","tag-axel-kicillof","tag-campana-2","tag-diario-el-sindical","tag-elecciones","tag-fba","tag-gobierno-nacional","tag-pilar"],"_links":{"self":[{"href":"https:\/\/www.elsindical.com.ar\/notas\/wp-json\/wp\/v2\/posts\/139239","targetHints":{"allow":["GET"]}}],"collection":[{"href":"https:\/\/www.elsindical.com.ar\/notas\/wp-json\/wp\/v2\/posts"}],"about":[{"href":"https:\/\/www.elsindical.com.ar\/notas\/wp-json\/wp\/v2\/types\/post"}],"author":[{"embeddable":true,"href":"https:\/\/www.elsindical.com.ar\/notas\/wp-json\/wp\/v2\/users\/1"}],"replies":[{"embeddable":true,"href":"https:\/\/www.elsindical.com.ar\/notas\/wp-json\/wp\/v2\/comments?post=139239"}],"version-history":[{"count":1,"href":"https:\/\/www.elsindical.com.ar\/notas\/wp-json\/wp\/v2\/posts\/139239\/revisions"}],"predecessor-version":[{"id":139241,"href":"https:\/\/www.elsindical.com.ar\/notas\/wp-json\/wp\/v2\/posts\/139239\/revisions\/139241"}],"wp:featuredmedia":[{"embeddable":true,"href":"https:\/\/www.elsindical.com.ar\/notas\/wp-json\/wp\/v2\/media\/139240"}],"wp:attachment":[{"href":"https:\/\/www.elsindical.com.ar\/notas\/wp-json\/wp\/v2\/media?parent=139239"}],"wp:term":[{"taxonomy":"category","embeddable":true,"href":"https:\/\/www.elsindical.com.ar\/notas\/wp-json\/wp\/v2\/categories?post=139239"},{"taxonomy":"post_tag","embeddable":true,"href":"https:\/\/www.elsindical.com.ar\/notas\/wp-json\/wp\/v2\/tags?post=139239"}],"curies":[{"name":"wp","href":"https:\/\/api.w.org\/{rel}","templated":true}]}}