{"id":139229,"date":"2025-07-30T08:24:35","date_gmt":"2025-07-30T11:24:35","guid":{"rendered":"https:\/\/www.elsindical.com.ar\/notas\/?p=139229"},"modified":"2025-07-30T08:24:40","modified_gmt":"2025-07-30T11:24:40","slug":"medicos-del-garrahan-denunciaron-desfinanciamiento-y-acusaron-a-las-autoridades-de-comunicar-mentiras","status":"publish","type":"post","link":"https:\/\/www.elsindical.com.ar\/notas\/medicos-del-garrahan-denunciaron-desfinanciamiento-y-acusaron-a-las-autoridades-de-comunicar-mentiras\/","title":{"rendered":"M\u00e9dicos del Garrahan denunciaron desfinanciamiento y acusaron a las autoridades de \u201ccomunicar mentiras\u201d"},"content":{"rendered":"\n<figure class=\"wp-block-image size-large\"><a href=\"https:\/\/www.elsindical.com.ar\/notas\/var\/www\/html\/notas\/wp-content\/uploads\/2025\/07\/residentes-Hospital-Garrahan.jpg\"><img loading=\"lazy\" decoding=\"async\" width=\"1024\" height=\"576\" src=\"https:\/\/www.elsindical.com.ar\/notas\/var\/www\/html\/notas\/wp-content\/uploads\/2025\/07\/residentes-Hospital-Garrahan-1024x576.jpg\" alt=\"\" class=\"wp-image-139010\" srcset=\"https:\/\/www.elsindical.com.ar\/notas\/var\/www\/html\/notas\/wp-content\/uploads\/2025\/07\/residentes-Hospital-Garrahan-1024x576.jpg 1024w, https:\/\/www.elsindical.com.ar\/notas\/var\/www\/html\/notas\/wp-content\/uploads\/2025\/07\/residentes-Hospital-Garrahan-300x169.jpg 300w, https:\/\/www.elsindical.com.ar\/notas\/var\/www\/html\/notas\/wp-content\/uploads\/2025\/07\/residentes-Hospital-Garrahan-768x432.jpg 768w, https:\/\/www.elsindical.com.ar\/notas\/var\/www\/html\/notas\/wp-content\/uploads\/2025\/07\/residentes-Hospital-Garrahan-460x260.jpg 460w, https:\/\/www.elsindical.com.ar\/notas\/var\/www\/html\/notas\/wp-content\/uploads\/2025\/07\/residentes-Hospital-Garrahan.jpg 1200w\" sizes=\"auto, (max-width: 1024px) 100vw, 1024px\" \/><\/a><\/figure>\n\n\n\n<p>Trabajadores del Hospital Garrahan advirtieron que el presupuesto de 2025 mantiene los mismos montos nominales que el a\u00f1o pasado y denunciaron p\u00e9rdida real del 54% y salida de profesionales.<\/p>\n\n\n\n<p>Los m\u00e9dicos y trabajadores del <strong>Hospital Garrahan<\/strong> volvieron a movilizarse este martes para exigir mejoras salariales y mayor presupuesto. Adem\u00e1s, <strong>acusaron a las autoridades del centro de salud de \u201ccomunicar mentiras<\/strong>\u201d a trav\u00e9s de sus canales oficiales, mientras crecen las renuncias y el deterioro de las condiciones laborales.<\/p>\n\n\n\n<p>\u201c<strong>Desde la conducci\u00f3n del hospital insisten en comunicar mentiras a trav\u00e9s de una cuenta oficial que d\u00eda a d\u00eda muestra una realidad falsa<\/strong>\u201d, afirm\u00f3 Ana Mar\u00eda, trabajadora del hospital, en la puerta del Garrahan. Tambi\u00e9n cuestion\u00f3 que \u201c<strong>es triste ver c\u00f3mo nuestras autoridades nos acusan de sostener una lucha ajena a la visi\u00f3n del hospital\u201d, mientras crece el \u201cvaciamiento progresivo\u201d y el \u201c\u00e9xodo de profesionales\u201d.<\/strong><\/p>\n\n\n\n<p>En paralelo, un informe de la Fundaci\u00f3n Soberan\u00eda Sanitaria revel\u00f3 que el Garrahan opera este a\u00f1o con el mismo presupuesto nominal de 2024: $169.445 millones. Al no haberse actualizado ese monto frente a una inflaci\u00f3n acumulada del 117,8%, se produjo una p\u00e9rdida real estimada en un 54%. Seg\u00fan el informe, esto constituye <strong>\u201cuna decisi\u00f3n pol\u00edtica de desfinanciamiento\u201d que afecta la atenci\u00f3n, la formaci\u00f3n m\u00e9dica y la investigaci\u00f3n.<\/strong><\/p>\n\n\n\n<p>\u201cEl Garrahan no solo resuelve la demanda inmediata: forma profesionales, desarrolla investigaci\u00f3n y sostiene una red de atenci\u00f3n pedi\u00e1trica de alta complejidad.<strong> Su desfinanciamiento afecta el presente y compromete el futuro del sistema de salud<\/strong>\u201d, concluy\u00f3 el documento.<\/p>\n","protected":false},"excerpt":{"rendered":"<p>Trabajadores del Hospital Garrahan advirtieron que el presupuesto de 2025 mantiene los mismos montos nominales que el a\u00f1o pasado y denunciaron p\u00e9rdida real del 54% y salida de profesionales. Los m\u00e9dicos y trabajadores del Hospital Garrahan volvieron a movilizarse este martes para exigir mejoras salariales y mayor presupuesto. Adem\u00e1s, acusaron a las autoridades del centro&hellip;<\/p>\n","protected":false},"author":1,"featured_media":139010,"comment_status":"open","ping_status":"open","sticky":false,"template":"","format":"standard","meta":{"footnotes":""},"categories":[6,25],"tags":[175,24288,2450,2325,761,45581],"class_list":["post-139229","post","type-post","status-publish","format-standard","has-post-thumbnail","hentry","category-denuncias","category-sociedad","tag-denuncia","tag-desfinanciamiento","tag-diario-el-sindical","tag-directivos","tag-gobierno-nacional","tag-residentes-hospital-garrahan"],"_links":{"self":[{"href":"https:\/\/www.elsindical.com.ar\/notas\/wp-json\/wp\/v2\/posts\/139229","targetHints":{"allow":["GET"]}}],"collection":[{"href":"https:\/\/www.elsindical.com.ar\/notas\/wp-json\/wp\/v2\/posts"}],"about":[{"href":"https:\/\/www.elsindical.com.ar\/notas\/wp-json\/wp\/v2\/types\/post"}],"author":[{"embeddable":true,"href":"https:\/\/www.elsindical.com.ar\/notas\/wp-json\/wp\/v2\/users\/1"}],"replies":[{"embeddable":true,"href":"https:\/\/www.elsindical.com.ar\/notas\/wp-json\/wp\/v2\/comments?post=139229"}],"version-history":[{"count":1,"href":"https:\/\/www.elsindical.com.ar\/notas\/wp-json\/wp\/v2\/posts\/139229\/revisions"}],"predecessor-version":[{"id":139230,"href":"https:\/\/www.elsindical.com.ar\/notas\/wp-json\/wp\/v2\/posts\/139229\/revisions\/139230"}],"wp:featuredmedia":[{"embeddable":true,"href":"https:\/\/www.elsindical.com.ar\/notas\/wp-json\/wp\/v2\/media\/139010"}],"wp:attachment":[{"href":"https:\/\/www.elsindical.com.ar\/notas\/wp-json\/wp\/v2\/media?parent=139229"}],"wp:term":[{"taxonomy":"category","embeddable":true,"href":"https:\/\/www.elsindical.com.ar\/notas\/wp-json\/wp\/v2\/categories?post=139229"},{"taxonomy":"post_tag","embeddable":true,"href":"https:\/\/www.elsindical.com.ar\/notas\/wp-json\/wp\/v2\/tags?post=139229"}],"curies":[{"name":"wp","href":"https:\/\/api.w.org\/{rel}","templated":true}]}}