{"id":139190,"date":"2025-07-28T18:49:49","date_gmt":"2025-07-28T21:49:49","guid":{"rendered":"https:\/\/www.elsindical.com.ar\/notas\/?p=139190"},"modified":"2025-07-28T18:49:56","modified_gmt":"2025-07-28T21:49:56","slug":"advierten-sobre-el-aumento-de-los-ataques-de-viudas-negras-en-el-amba","status":"publish","type":"post","link":"https:\/\/www.elsindical.com.ar\/notas\/advierten-sobre-el-aumento-de-los-ataques-de-viudas-negras-en-el-amba\/","title":{"rendered":"Advierten sobre el aumento de los ataques de viudas negras en el AMBA"},"content":{"rendered":"<div class=\"wp-block-image\">\n<figure class=\"aligncenter size-full is-resized\"><a href=\"https:\/\/www.elsindical.com.ar\/notas\/var\/www\/html\/notas\/wp-content\/uploads\/2025\/07\/ataque-de-viuda-negra.webp\"><img loading=\"lazy\" decoding=\"async\" width=\"655\" height=\"368\" src=\"https:\/\/www.elsindical.com.ar\/notas\/var\/www\/html\/notas\/wp-content\/uploads\/2025\/07\/ataque-de-viuda-negra.webp\" alt=\"\" class=\"wp-image-139191\" style=\"width:779px;height:auto\" srcset=\"https:\/\/www.elsindical.com.ar\/notas\/var\/www\/html\/notas\/wp-content\/uploads\/2025\/07\/ataque-de-viuda-negra.webp 655w, https:\/\/www.elsindical.com.ar\/notas\/var\/www\/html\/notas\/wp-content\/uploads\/2025\/07\/ataque-de-viuda-negra-300x169.webp 300w\" sizes=\"auto, (max-width: 655px) 100vw, 655px\" \/><\/a><\/figure>\n<\/div>\n\n\n<p class=\"wp-block-paragraph\">Los ataques de viudas negras en el \u00c1rea Metropolitana de Buenos Aires no para de crecer y en lo que va del 2025 <strong>ya se realizaron m\u00e1s de 5.000 denuncias<\/strong>, aunque los expertos aseguran que el n\u00famero de casos es aun mayor. La cifra de v\u00edctimas se mantuvo en 25 muertos y en total ya se robaron m\u00e1s de $1.000 millones.<\/p>\n\n\n\n<p class=\"wp-block-paragraph\">En los \u00faltimos a\u00f1os dicha modalidad comenz\u00f3 a tener mayor resonancia a nivel nacional, pero en el AMBA la situaci\u00f3n es aun m\u00e1s grave ya que <strong>en casi ocho meses del a\u00f1o se realizaron m\u00e1s de 5.000 denuncias.<\/strong><\/p>\n\n\n\n<p class=\"wp-block-paragraph\">El \u00faltimo informe de la ONG Defendamos Buenos Aires indica que son <strong>25 los fallecidos <\/strong>por los diversos ataques y que las delincuentes se robaron m\u00e1s de $1.000 millones.<\/p>\n\n\n\n<p class=\"wp-block-paragraph\">\u201cLas viudas negras constituyen el mayor temor criminal para los hombres en la Argentina\u201d, expres\u00f3 Javier Miglino, director de la ONG quien destac\u00f3 es que hace cinco a\u00f1os apenas hab\u00eda casos, pero en el \u00faltimo tiempo las redes sociales tuvieron mucho que ver: \u201cLos bares y boliches siguen siendo la mayor zona de ataque, pero ahora <strong>el 50% de las v\u00edctimas caen por aplicaciones <\/strong>como Tinder\u201d.<\/p>\n\n\n\n<p class=\"wp-block-paragraph\">Todos los hechos tienen el mismo modus operandi. La mujer, en la mayor\u00eda de los casos, seduce a un hombre; luego este \u00faltimo la invita a su domicilio y ya <strong>dentro de la vivienda consumen m\u00e1s alcohol, momento en el que la ladrona le coloca alguna sustancia en la bebida <\/strong>para que se duerma y as\u00ed concretar el robo.<\/p>\n\n\n\n<p class=\"wp-block-paragraph\">\u201cActualmente los medicamentos se consiguen en el mercado negro y se usa mucha <strong>ketamina, tranquilizantes y hasta clonazepam<\/strong>\u201d, se\u00f1al\u00f3 Miglino.<\/p>\n","protected":false},"excerpt":{"rendered":"<p>Los ataques de viudas negras en el \u00c1rea Metropolitana de Buenos Aires no para de crecer y en lo que va del 2025 ya se realizaron m\u00e1s de 5.000 denuncias, aunque los expertos aseguran que el n\u00famero de casos es aun mayor. La cifra de v\u00edctimas se mantuvo en 25 muertos y en total ya&hellip;<\/p>\n","protected":false},"author":1,"featured_media":139191,"comment_status":"open","ping_status":"open","sticky":false,"template":"","format":"standard","meta":{"footnotes":""},"categories":[25],"tags":[7067,3468,45632,2450,30260],"class_list":["post-139190","post","type-post","status-publish","format-standard","has-post-thumbnail","hentry","category-sociedad","tag-advertencia","tag-amba","tag-ataques-de-viudas-negras","tag-diario-el-sindical","tag-victimas-2"],"_links":{"self":[{"href":"https:\/\/www.elsindical.com.ar\/notas\/wp-json\/wp\/v2\/posts\/139190","targetHints":{"allow":["GET"]}}],"collection":[{"href":"https:\/\/www.elsindical.com.ar\/notas\/wp-json\/wp\/v2\/posts"}],"about":[{"href":"https:\/\/www.elsindical.com.ar\/notas\/wp-json\/wp\/v2\/types\/post"}],"author":[{"embeddable":true,"href":"https:\/\/www.elsindical.com.ar\/notas\/wp-json\/wp\/v2\/users\/1"}],"replies":[{"embeddable":true,"href":"https:\/\/www.elsindical.com.ar\/notas\/wp-json\/wp\/v2\/comments?post=139190"}],"version-history":[{"count":1,"href":"https:\/\/www.elsindical.com.ar\/notas\/wp-json\/wp\/v2\/posts\/139190\/revisions"}],"predecessor-version":[{"id":139192,"href":"https:\/\/www.elsindical.com.ar\/notas\/wp-json\/wp\/v2\/posts\/139190\/revisions\/139192"}],"wp:featuredmedia":[{"embeddable":true,"href":"https:\/\/www.elsindical.com.ar\/notas\/wp-json\/wp\/v2\/media\/139191"}],"wp:attachment":[{"href":"https:\/\/www.elsindical.com.ar\/notas\/wp-json\/wp\/v2\/media?parent=139190"}],"wp:term":[{"taxonomy":"category","embeddable":true,"href":"https:\/\/www.elsindical.com.ar\/notas\/wp-json\/wp\/v2\/categories?post=139190"},{"taxonomy":"post_tag","embeddable":true,"href":"https:\/\/www.elsindical.com.ar\/notas\/wp-json\/wp\/v2\/tags?post=139190"}],"curies":[{"name":"wp","href":"https:\/\/api.w.org\/{rel}","templated":true}]}}