{"id":139187,"date":"2025-07-28T18:43:22","date_gmt":"2025-07-28T21:43:22","guid":{"rendered":"https:\/\/www.elsindical.com.ar\/notas\/?p=139187"},"modified":"2025-07-28T18:43:28","modified_gmt":"2025-07-28T21:43:28","slug":"fuerte-suba-de-los-casos-de-hepatitis-a","status":"publish","type":"post","link":"https:\/\/www.elsindical.com.ar\/notas\/fuerte-suba-de-los-casos-de-hepatitis-a\/","title":{"rendered":"Fuerte suba de los casos de hepatitis A"},"content":{"rendered":"\n<figure class=\"wp-block-image size-large\"><a href=\"https:\/\/www.elsindical.com.ar\/notas\/var\/www\/html\/notas\/wp-content\/uploads\/2025\/07\/Hepatittis-A.jpg\"><img loading=\"lazy\" decoding=\"async\" width=\"1024\" height=\"576\" src=\"https:\/\/www.elsindical.com.ar\/notas\/var\/www\/html\/notas\/wp-content\/uploads\/2025\/07\/Hepatittis-A-1024x576.jpg\" alt=\"\" class=\"wp-image-139188\" srcset=\"https:\/\/www.elsindical.com.ar\/notas\/var\/www\/html\/notas\/wp-content\/uploads\/2025\/07\/Hepatittis-A-1024x576.jpg 1024w, https:\/\/www.elsindical.com.ar\/notas\/var\/www\/html\/notas\/wp-content\/uploads\/2025\/07\/Hepatittis-A-300x169.jpg 300w, https:\/\/www.elsindical.com.ar\/notas\/var\/www\/html\/notas\/wp-content\/uploads\/2025\/07\/Hepatittis-A-768x432.jpg 768w, https:\/\/www.elsindical.com.ar\/notas\/var\/www\/html\/notas\/wp-content\/uploads\/2025\/07\/Hepatittis-A-460x260.jpg 460w, https:\/\/www.elsindical.com.ar\/notas\/var\/www\/html\/notas\/wp-content\/uploads\/2025\/07\/Hepatittis-A.jpg 1200w\" sizes=\"auto, (max-width: 1024px) 100vw, 1024px\" \/><\/a><\/figure>\n\n\n\n<p>El Ministerio de Salud alert\u00f3 que durante el primer semestre de 2025 se registraron <strong>69 casos de hepatitis A en Argentina, lo que estuvo muy cerca de los 70 contagios contabilizados durante todo 2024. <\/strong>Se trata de una enfermedad que parec\u00eda apartada de la agenda p\u00fablica, pero que ahora volvi\u00f3 a posicionarse entre los temas sanitarios que requieren mayor atenci\u00f3n.<\/p>\n\n\n\n<p>La cartera encabezada por el ministro Mario Lugones detall\u00f3 en el Bolet\u00edn Oficial que <strong>la ciudad de Buenos Aires y la provincia de Salta fueron las m\u00e1s afectadas por la hepatitis A <\/strong>en los primeros seis meses de 2025, con 13 casos. Luego, se ubicaron las provincias de Buenos Aires y C\u00f3rdoba (11) y Santa Fe (5) como las jurisdicciones con mayor incidencia.<\/p>\n\n\n\n<p>En tal sentido, el ministerio advirti\u00f3 que <strong>38 contagios en el primer semestre de 2025 correspondieron a personas de entre 20 y 39 a\u00f1os,<\/strong> 17 a menores de 20 y los 14 restantes a mayores de 40. Ante esta situaci\u00f3n y en el marco del D\u00eda Mundial contra la Hepatitis que se celebra cada 28 de julio, los especialistas alertaron que el grupo etario m\u00e1s afectado cambi\u00f3 con respecto a los \u00faltimos a\u00f1os, debido a que anteriormente la mayor\u00eda de los pacientes notificados eran ni\u00f1os.<\/p>\n\n\n\n<p>La hepat\u00f3loga del Sanatorio San Carlos de Bariloche, Mar\u00eda Luciana Orellano, explic\u00f3 en qu\u00e9 consiste la hepatitis y record\u00f3 que hay varios tipos: \u201cLa enfermedad se produce cuando el h\u00edgado se inflama. La hepatitis A es infecciosa y generalmente se cursa de manera aguda.<strong> Los contagios se producen v\u00eda fecal oral o por relaciones sexuales.<\/strong> Este aumento de casos es un brote epidemiol\u00f3gico porque superan lo esperado para un periodo de tiempo\u201d.<\/p>\n\n\n\n<p>\u201cEl per\u00edodo de <strong>s\u00edntomas es de entre 15 y 45 d\u00edas y despu\u00e9s, en general, se resuelve. <\/strong>Los pacientes que la tuvieron quedan con inmunidad de por vida\u201d, agreg\u00f3 por su parte la hepat\u00f3loga Romina Lucero, de la obra social Luis Pasteur.<\/p>\n\n\n\n<h2 class=\"wp-block-heading\">Los s\u00edntomas de la hepatitis A, el diagn\u00f3stico y el tratamiento<\/h2>\n\n\n\n<p>Las m\u00e9dicas coincidieron en que los principales s\u00edntomas de la hepatitis A son v\u00f3mitos, n\u00e1useas, fiebre, dolor abdominal e ictericia, que es la coloraci\u00f3n amarillenta de la piel. <strong>En algunos pacientes puede estar acompa\u00f1ado por una orina oscura o materia fecal clara. <\/strong>No obstante, varios casos son asintom\u00e1ticos.<\/p>\n\n\n\n<p>En tanto, Lucero explic\u00f3 el procedimiento para detectarlo: \u201cSe <strong>diagnostica por una prueba de laboratorio. Esto se hace en sangre<\/strong>, se piden anticuerpos de hepatitis A, B y C. Si alguno da positivo, se deriva al especialista para hacer ex\u00e1menes m\u00e1s profundos, como de cargas virales y genotipos, porque cada hepatitis tiene un genotipo y se comporta de manera diferente\u201d.<\/p>\n\n\n\n<p>Tambi\u00e9n marc\u00f3 que la<strong> mayor\u00eda de los pacientes se recuperan normalmente, <\/strong>aunque con un largo periodo de recuperaci\u00f3n: \u201cEn general, una persona con hepatitis A evoluciona bien. El virus est\u00e1 en el cuerpo durante un tiempo y se excreta con la orina, la saliva o la materia fecal. Puede llevar a varios d\u00edas en cama, baja de peso y decaimiento\u201d.<\/p>\n\n\n\n<p>\u201cEn<strong> muy pocos casos se puede llegar al punto de requerir un trasplante hep\u00e1tico. <\/strong>Desde hace m\u00e1s de 20 a\u00f1os que esto no se observa por la ayuda de la vacuna. Sin embargo, si el virus contin\u00faa en el cuerpo por un tiempo m\u00e1s de lo habitual, se indica un tratamiento\u201d, a\u00f1adi\u00f3.<\/p>\n\n\n\n<h2 class=\"wp-block-heading\">La alerta por el aumento de casos y la prevenci\u00f3n<\/h2>\n\n\n\n<p>Por otro lado, las especialistas explicaron el motivo por el cual se incrementaron los contagios durante los primeros seis meses de 2025. \u201cEstos brotes espec\u00edficos<strong> se vinculan con gente que no se vacun\u00f3,<\/strong> adem\u00e1s de, probablemente, pr\u00e1cticas sexuales y viajes a pa\u00edses end\u00e9micos como Bolivia, siendo susceptibles\u201d, se\u00f1al\u00f3 Orellano.<\/p>\n\n\n\n<p>\u201cDonde una persona tiene hepatitis A, luego hay otras cinco por el contagio. <strong>Hay que lavar las manos, limpiar dep\u00f3sitos y las casas deben tener un adecuado manejo de excretas<\/strong>, porque si no, los no vacunados o los que no tuvieron hepatitis A en su infancia, pueden enfermarse. Si eso no se cumple, los casos aumentan\u201d, expres\u00f3 Lucero por su parte.<\/p>\n\n\n\n<p>Asimismo, Lucero expuso que, en principio, prev\u00e9 que los contagios disminuir\u00e1n en el resto del a\u00f1o: \u201cCon la tendencia epidemiol\u00f3gica actual,<strong> quiz\u00e1s puede llegar a haber menos casos <\/strong>porque cuando la OPS o la OMS emite una alerta, la idea es reforzar las medidas para prevenir contagios, como aislamientos e internaciones\u201d.<\/p>\n\n\n\n<p>En tal sentido, Orellano a\u00f1adi\u00f3: \u201cEntiendo que <strong>cuando aparecen estos brotes, en general la gente toma conciencia <\/strong>y adem\u00e1s hay vacunas, por lo que creo que no subir\u00e1n\u201d.<\/p>\n\n\n\n<h2 class=\"wp-block-heading\">La importancia de la vacunaci\u00f3n y quienes deben aplic\u00e1rsela<\/h2>\n\n\n\n<p>La vacuna contra la hepatitis A<strong> fue incorporada al Calendario Nacional de Vacunaci\u00f3n en 2005. <\/strong>El Ministerio de Salud se\u00f1ala que se aplica una \u00fanica dosis al primer a\u00f1o de vida, que alcanza entre un 95% y 99% de efectividad al mes.<\/p>\n\n\n\n<p>La cartera sanitaria tambi\u00e9n sugiere administrar dos dosis en varones que tienen relaciones sexuales con otros varones, mujeres trans, trabajadores sexuales, personas con des\u00f3rdenes de la coagulaci\u00f3n o enfermedad hep\u00e1tica cr\u00f3nica, personal de laboratorios expuestos al virus,<strong> trabajadores gastron\u00f3micos, de maestranza que maneja residuos y servicios sanitarios, trabajadores de jardines maternales que asisten a ni\u00f1os menores de un a\u00f1o <\/strong>y personas que viajan a zonas de alta o mediana endemia.<\/p>\n\n\n\n<p>En este marco, Lucero destac\u00f3 los efectos de la inoculaci\u00f3n. <strong>\u201cCasi anul\u00f3 la presencia de la enfermedad en los \u00faltimos a\u00f1os\u201d, <\/strong>subray\u00f3.<\/p>\n\n\n\n<p>Sin embargo, la hepat\u00f3loga de la obra social Luis Pasteur remarc\u00f3 una baja en la cantidad de vacunaciones: \u201cSeg\u00fan estudios de la Sociedad Argentina de Gastroenterolog\u00eda y la Sociedad Argentina de Hepatolog\u00eda, <strong>disminuy\u00f3 mucho el acceso a las vacunas.<\/strong> Hay personas que no se la aplican en el primer o segundo a\u00f1o de vida, sino de adultos\u201d.<\/p>\n\n\n\n<p>En esta l\u00ednea, Orellano advirti\u00f3 por los precios de las inmunizaciones para los adultos: \u201cPara ellos, es de dos dosis y la puede indicar cualquier m\u00e9dico. <strong>Los adultos que no integran los grupos del calendario de vacunaci\u00f3n s\u00ed tienen que comprarla y es cara. <\/strong>Cuesta alrededor de $100 mil por dosis. Solamente hay vacunas para la hepatitis A y B. Para la C no existe\u201d.<\/p>\n\n\n\n<h2 class=\"wp-block-heading\">De la B a la E, las caracter\u00edsticas del resto de las hepatitis<\/h2>\n\n\n\n<h3 class=\"wp-block-heading\">Hepatitis B<\/h3>\n\n\n\n<p>La mayor\u00eda de los contagios se produce mediante las <strong>relaciones sexuales o contacto con sangre. <\/strong>Lucero se\u00f1al\u00f3 que los casos disminuyeron notablemente en los \u00faltimos a\u00f1os: \u201cDesde que existen la esterilizaci\u00f3n y el material descartable, los casos de hepatitis B bajaron un mont\u00f3n y s\u00f3lo se mantienen en poblaciones donde hay altas posibilidades de tener virus\u201d.<\/p>\n\n\n\n<p>Tambi\u00e9n advirti\u00f3 que<strong> lleva a casi la mitad de los trasplantes de h\u00edgado en el pa\u00eds.<\/strong> \u201cPuede ser fulminante y es la responsable del 45% de los trasplantes en Argentina. El tratamiento es con antivirales similares a los que se toma para el HIV. Est\u00e1n cubiertos por el Estado\u201d, expres\u00f3. La vacuna se administra en tres dosis y una de refuerzo para los ni\u00f1os y tres dosis para los que tienen 11 a\u00f1os o m\u00e1s.<\/p>\n\n\n\n<p>\u201cEn general,<strong> el tratamiento es de por vida y se aplica para los que la tienen cr\u00f3nica. <\/strong>Si se diagnostica en fase aguda, hay un 95% de chances de solucionarlo y un 5% de que se cronifique\u201d, a\u00f1adi\u00f3 Orellano por su parte.<\/p>\n\n\n\n<h3 class=\"wp-block-heading\">Hepatitis C<\/h3>\n\n\n\n<p>Se transmite a trav\u00e9s de sangre infectada y no se desarrollaron vacunas. <strong>El tratamiento, que tiene una efectividad del 99% pero puede tener un costo de millones de pesos, consiste en consumir una medicaci\u00f3n entre 2 y 12 semanas<\/strong>. \u201cMuchas veces se diagnostica durante la cronicidad, lo que significa que el paciente ya tiene un da\u00f1o cr\u00f3nico en el h\u00edgado, lo que pasa por distintas fases hasta llegar a la cirrosis y el riesgo de c\u00e1ncer de h\u00edgado\u201d, expres\u00f3 Orellano.<\/p>\n\n\n\n<p>\u201cEs importante el diagn\u00f3stico: de 10 pacientes con hepatitis C, hay 7 que no saben que la tienen porque son asintom\u00e1ticas, lo que provoca que cada vez haya m\u00e1s personas enfermas por los contagios. Esto se observa mucho en<strong> personal carcelario o en institutos psiqui\u00e1tricos,<\/strong> donde las personas est\u00e1n privadas de la libertad\u201d, se\u00f1al\u00f3 Lucero.<\/p>\n\n\n\n<p>En este marco, alert\u00f3 que <strong>continuar\u00e1 propag\u00e1ndose al menos hasta 2030, <\/strong>en contrasentido con el objetivo de las autoridades: \u201cEn su momento, desde el Ministerio de Salud y la OMS sali\u00f3 la idea de erradicar la hepatitis C en 2030, pero estamos cada vez m\u00e1s lejos\u201d.<\/p>\n\n\n\n<h3 class=\"wp-block-heading\">Hepatitis D<\/h3>\n\n\n\n<p>Los casos <strong>se generan a trav\u00e9s del contacto con fluidos corporales como la sangre y mediante las relaciones sexuales. <\/strong>Se trata de un tipo que produce pocos contagios. \u201cLa frecuencia es baja y no puede producirse si antes la persona no tuvo la hepatitis B\u201d, marc\u00f3 Lucero.<\/p>\n\n\n\n<p>En algunos contagios se puede agravar y llevar a una <strong>cirrosis hep\u00e1tica, insuficiencia hep\u00e1tica o c\u00e1ncer de h\u00edgado. <\/strong>Pese a que no se crearon vacunas contra la hepatitis D, la inoculaci\u00f3n contra la B protege ya que <strong>la D s\u00f3lo puede ocurrir en personas que tienen la B.<\/strong><\/p>\n\n\n\n<h3 class=\"wp-block-heading\">Hepatitis E<\/h3>\n\n\n\n<p>En Argentina hay muy pocos casos y es m\u00e1s frecuente en algunos pa\u00edses de Asia y \u00c1frica, adem\u00e1s de algunas zonas de Am\u00e9rica Latina como M\u00e9xico.<strong> La transmisi\u00f3n es principalmente a trav\u00e9s de agua contaminada y con alimentos en mal estado o mal lavados.<\/strong><\/p>\n\n\n\n<p><strong>La vacuna s\u00f3lo se aplica en China<\/strong> debido a que la Organizaci\u00f3n Mundial de la Salud no la aprob\u00f3 para el resto del mundo. La mayor\u00eda de los pacientes se recuperan sin tratamiento, aunque deben permanecer en reposo por varios d\u00edas.<\/p>\n","protected":false},"excerpt":{"rendered":"<p>El Ministerio de Salud alert\u00f3 que durante el primer semestre de 2025 se registraron 69 casos de hepatitis A en Argentina, lo que estuvo muy cerca de los 70 contagios contabilizados durante todo 2024. Se trata de una enfermedad que parec\u00eda apartada de la agenda p\u00fablica, pero que ahora volvi\u00f3 a posicionarse entre los temas&hellip;<\/p>\n","protected":false},"author":1,"featured_media":139188,"comment_status":"open","ping_status":"open","sticky":false,"template":"","format":"standard","meta":{"footnotes":""},"categories":[23],"tags":[2450,45631,31323,22031],"class_list":["post-139187","post","type-post","status-publish","format-standard","has-post-thumbnail","hentry","category-salud","tag-diario-el-sindical","tag-hepatitis-a","tag-mortalidad","tag-salud"],"_links":{"self":[{"href":"https:\/\/www.elsindical.com.ar\/notas\/wp-json\/wp\/v2\/posts\/139187","targetHints":{"allow":["GET"]}}],"collection":[{"href":"https:\/\/www.elsindical.com.ar\/notas\/wp-json\/wp\/v2\/posts"}],"about":[{"href":"https:\/\/www.elsindical.com.ar\/notas\/wp-json\/wp\/v2\/types\/post"}],"author":[{"embeddable":true,"href":"https:\/\/www.elsindical.com.ar\/notas\/wp-json\/wp\/v2\/users\/1"}],"replies":[{"embeddable":true,"href":"https:\/\/www.elsindical.com.ar\/notas\/wp-json\/wp\/v2\/comments?post=139187"}],"version-history":[{"count":1,"href":"https:\/\/www.elsindical.com.ar\/notas\/wp-json\/wp\/v2\/posts\/139187\/revisions"}],"predecessor-version":[{"id":139189,"href":"https:\/\/www.elsindical.com.ar\/notas\/wp-json\/wp\/v2\/posts\/139187\/revisions\/139189"}],"wp:featuredmedia":[{"embeddable":true,"href":"https:\/\/www.elsindical.com.ar\/notas\/wp-json\/wp\/v2\/media\/139188"}],"wp:attachment":[{"href":"https:\/\/www.elsindical.com.ar\/notas\/wp-json\/wp\/v2\/media?parent=139187"}],"wp:term":[{"taxonomy":"category","embeddable":true,"href":"https:\/\/www.elsindical.com.ar\/notas\/wp-json\/wp\/v2\/categories?post=139187"},{"taxonomy":"post_tag","embeddable":true,"href":"https:\/\/www.elsindical.com.ar\/notas\/wp-json\/wp\/v2\/tags?post=139187"}],"curies":[{"name":"wp","href":"https:\/\/api.w.org\/{rel}","templated":true}]}}