{"id":139166,"date":"2025-07-27T14:09:38","date_gmt":"2025-07-27T17:09:38","guid":{"rendered":"https:\/\/www.elsindical.com.ar\/notas\/?p=139166"},"modified":"2025-07-27T14:09:45","modified_gmt":"2025-07-27T17:09:45","slug":"apagon-masivo-en-el-amba","status":"publish","type":"post","link":"https:\/\/www.elsindical.com.ar\/notas\/apagon-masivo-en-el-amba\/","title":{"rendered":"Apag\u00f3n masivo en el AMBA"},"content":{"rendered":"<div class=\"wp-block-image\">\n<figure class=\"aligncenter size-full\"><a href=\"https:\/\/www.elsindical.com.ar\/notas\/var\/www\/html\/notas\/wp-content\/uploads\/2025\/07\/apagon-masivo-julio-25.jpg\"><img loading=\"lazy\" decoding=\"async\" width=\"450\" height=\"539\" src=\"https:\/\/www.elsindical.com.ar\/notas\/var\/www\/html\/notas\/wp-content\/uploads\/2025\/07\/apagon-masivo-julio-25.jpg\" alt=\"\" class=\"wp-image-139167\" srcset=\"https:\/\/www.elsindical.com.ar\/notas\/var\/www\/html\/notas\/wp-content\/uploads\/2025\/07\/apagon-masivo-julio-25.jpg 450w, https:\/\/www.elsindical.com.ar\/notas\/var\/www\/html\/notas\/wp-content\/uploads\/2025\/07\/apagon-masivo-julio-25-250x300.jpg 250w\" sizes=\"auto, (max-width: 450px) 100vw, 450px\" \/><\/a><\/figure>\n<\/div>\n\n\n<p class=\"wp-block-paragraph\">El corte de energ\u00eda sucedi\u00f3 poco despu\u00e9s de las 3 en diversas zonas de la Ciudad y el Conurbano. Hasta el Obelisco y el Congreso quedaron a oscuras. Todav\u00eda hay m\u00e1s de 11.000 hogares con el servicio interrumpido.<\/p>\n\n\n\n<p class=\"wp-block-paragraph\">Un <strong>apag\u00f3n masivo impact\u00f3 a cerca de 500.000 hogares en el \u00c1rea Metropolitana de Buenos Aires (AMBA)<\/strong> durante la madrugada de este domingo. El corte de energ\u00eda <strong>se registr\u00f3 pasadas las 3<\/strong> y, casi dos horas despu\u00e9s, el servicio a\u00fan no se hab\u00eda restablecido por completo.<\/p>\n\n\n\n<p class=\"wp-block-paragraph\">Seg\u00fan los datos proporcionados por el sitio oficial del Ente Nacional Regulador de la Electricidad <strong>(ENRE)<\/strong>, <strong>un total de 495.290 usuarios se quedaron sin suministro el\u00e9ctrico a las 3.15.<\/strong> La mayor parte de los afectados correspond\u00eda a clientes de Edesur, con un pico de 492.345 interrupciones, mientras que Edenor registr\u00f3 2.945 cortes simult\u00e1neos.<\/p>\n\n\n\n<p class=\"wp-block-paragraph\">La interrupci\u00f3n del servicio fue perceptible en diversas zonas de la Ciudad de Buenos Aires, <strong>incluyendo puntos emblem\u00e1ticos como el Obelisco y el Congreso de la Naci\u00f3n<\/strong>, que quedaron a oscuras. De forma simult\u00e1nea, numerosos usuarios expresaron sus quejas en las redes sociales por la falta de servicio el\u00e9ctrico.<\/p>\n\n\n\n<p class=\"wp-block-paragraph\">Los registros indicaron que <strong>el apag\u00f3n masivo dur\u00f3 alrededor de una hora<\/strong>, ya que para las 4 de la ma\u00f1ana se hab\u00eda restablecido el suministro el\u00e9ctrico en la mayor\u00eda de los domicilios. No obstante, para ese momento a\u00fan quedaban m\u00e1s de 18.000 usuarios de Edesur y m\u00e1s de 2.000 de Edenor sin luz.<\/p>\n\n\n\n<p class=\"wp-block-paragraph\">Minutos antes de las 9, <strong>la cifra de hogares afectados se actualiz\u00f3 a un total de 11.409, <\/strong>distribuidos en los barrios porte\u00f1os de <strong>Balvanera, Parque Avellaneda, San Nicol\u00e1s V\u00e9lez S\u00e1rsfield, Barracas y Flores. <\/strong>Y en los distritos bonaerenses de <strong>Berazategui, Ezeiza, Quilmes, Almirante Brown, Avellaneda, Lomas de Zamora y Quilmes.<\/strong><\/p>\n\n\n\n<p class=\"wp-block-paragraph\">Hasta el momento, <strong>el ENRE no emiti\u00f3 un comunicado oficial sobre la causa del corte<\/strong>. Sin embargo, se anticipa que las empresas continuar\u00e1n con las labores necesarias para restablecer el servicio por completo en las pr\u00f3ximas horas.<\/p>\n\n\n\n<p class=\"wp-block-paragraph\">La \u00faltima vez que se hab\u00eda registrado un corte de luz de tal magnitud fue el <strong>5 de marzo. Aquel d\u00eda, 550.000 usuarios se quedaron sin servicio el\u00e9ctrico en la Ciudad de Buenos Aires y el sur del Conurbano<\/strong>. La interrupci\u00f3n del servicio provoc\u00f3 inconvenientes en el transporte p\u00fablico, el tr\u00e1nsito y la circulaci\u00f3n vial, y hasta afect\u00f3 la actividad en Casa Rosada.<\/p>\n\n\n\n<p class=\"wp-block-paragraph\">Seg\u00fan inform\u00f3 el gobierno porte\u00f1o, durante esa jornada hubo <strong>63 rescates de personas atrapadas en ascensores<\/strong>, 16 asistencias para ascenso y descenso de personas mayores, 15 electrodependientes atendidos, seis personas atrapadas rescatadas y tres solicitudes de llenado de tanques completadas.<\/p>\n","protected":false},"excerpt":{"rendered":"<p>El corte de energ\u00eda sucedi\u00f3 poco despu\u00e9s de las 3 en diversas zonas de la Ciudad y el Conurbano. Hasta el Obelisco y el Congreso quedaron a oscuras. Todav\u00eda hay m\u00e1s de 11.000 hogares con el servicio interrumpido. Un apag\u00f3n masivo impact\u00f3 a cerca de 500.000 hogares en el \u00c1rea Metropolitana de Buenos Aires (AMBA)&hellip;<\/p>\n","protected":false},"author":1,"featured_media":139167,"comment_status":"open","ping_status":"open","sticky":false,"template":"","format":"standard","meta":{"footnotes":""},"categories":[25],"tags":[3468,2378,2450,2973,374,3764,45625,376],"class_list":["post-139166","post","type-post","status-publish","format-standard","has-post-thumbnail","hentry","category-sociedad","tag-amba","tag-apagon","tag-diario-el-sindical","tag-edenor","tag-edesur","tag-enre","tag-falta-de-suministro-electrico","tag-usuarios"],"_links":{"self":[{"href":"https:\/\/www.elsindical.com.ar\/notas\/wp-json\/wp\/v2\/posts\/139166","targetHints":{"allow":["GET"]}}],"collection":[{"href":"https:\/\/www.elsindical.com.ar\/notas\/wp-json\/wp\/v2\/posts"}],"about":[{"href":"https:\/\/www.elsindical.com.ar\/notas\/wp-json\/wp\/v2\/types\/post"}],"author":[{"embeddable":true,"href":"https:\/\/www.elsindical.com.ar\/notas\/wp-json\/wp\/v2\/users\/1"}],"replies":[{"embeddable":true,"href":"https:\/\/www.elsindical.com.ar\/notas\/wp-json\/wp\/v2\/comments?post=139166"}],"version-history":[{"count":1,"href":"https:\/\/www.elsindical.com.ar\/notas\/wp-json\/wp\/v2\/posts\/139166\/revisions"}],"predecessor-version":[{"id":139168,"href":"https:\/\/www.elsindical.com.ar\/notas\/wp-json\/wp\/v2\/posts\/139166\/revisions\/139168"}],"wp:featuredmedia":[{"embeddable":true,"href":"https:\/\/www.elsindical.com.ar\/notas\/wp-json\/wp\/v2\/media\/139167"}],"wp:attachment":[{"href":"https:\/\/www.elsindical.com.ar\/notas\/wp-json\/wp\/v2\/media?parent=139166"}],"wp:term":[{"taxonomy":"category","embeddable":true,"href":"https:\/\/www.elsindical.com.ar\/notas\/wp-json\/wp\/v2\/categories?post=139166"},{"taxonomy":"post_tag","embeddable":true,"href":"https:\/\/www.elsindical.com.ar\/notas\/wp-json\/wp\/v2\/tags?post=139166"}],"curies":[{"name":"wp","href":"https:\/\/api.w.org\/{rel}","templated":true}]}}