{"id":139126,"date":"2025-07-25T00:05:29","date_gmt":"2025-07-25T03:05:29","guid":{"rendered":"https:\/\/www.elsindical.com.ar\/notas\/?p=139126"},"modified":"2025-07-25T00:05:35","modified_gmt":"2025-07-25T03:05:35","slug":"bullrich-cruzo-a-kicillof-por-apartar-a-24-policias-esta-del-lado-de-los-delincuentes","status":"publish","type":"post","link":"https:\/\/www.elsindical.com.ar\/notas\/bullrich-cruzo-a-kicillof-por-apartar-a-24-policias-esta-del-lado-de-los-delincuentes\/","title":{"rendered":"Bullrich cruz\u00f3 a Kicillof por apartar a 24 polic\u00edas: \u201cEst\u00e1 del lado de los delincuentes\u201d"},"content":{"rendered":"<div class=\"wp-block-image\">\n<figure class=\"aligncenter size-full\"><a href=\"https:\/\/www.elsindical.com.ar\/notas\/var\/www\/html\/notas\/wp-content\/uploads\/2025\/07\/Bullrich-anuncios-julio-25.jpg\"><img loading=\"lazy\" decoding=\"async\" width=\"707\" height=\"403\" src=\"https:\/\/www.elsindical.com.ar\/notas\/var\/www\/html\/notas\/wp-content\/uploads\/2025\/07\/Bullrich-anuncios-julio-25.jpg\" alt=\"\" class=\"wp-image-139127\" srcset=\"https:\/\/www.elsindical.com.ar\/notas\/var\/www\/html\/notas\/wp-content\/uploads\/2025\/07\/Bullrich-anuncios-julio-25.jpg 707w, https:\/\/www.elsindical.com.ar\/notas\/var\/www\/html\/notas\/wp-content\/uploads\/2025\/07\/Bullrich-anuncios-julio-25-300x171.jpg 300w, https:\/\/www.elsindical.com.ar\/notas\/var\/www\/html\/notas\/wp-content\/uploads\/2025\/07\/Bullrich-anuncios-julio-25-220x126.jpg 220w\" sizes=\"auto, (max-width: 707px) 100vw, 707px\" \/><\/a><\/figure>\n<\/div>\n\n\n<p>La ministro de Seguridad Nacional, Patricia Bullrich, critic\u00f3 duro hoy al gobernador de Buenos Aires, Axel Kicillof, por <strong>apartar a 24 jefes policiales por tener v\u00ednculos con el uniformado retirado Maximiliano Bondarenko<\/strong>, quien fue designado primer candidato por La Libertad Avanza por la Terceras Secci\u00f3n Electoral, y sostuvo: \u201cOdia a la Polic\u00eda, siempre est\u00e1 con los delincuentes\u201d.<\/p>\n\n\n\n<p>\u201cKicillof, <strong>adem\u00e1s de ser un in\u00fatil, odia a la Polic\u00eda y est\u00e1 del lado de los delincuentes <\/strong>esa esa es mi lectura. Ellos no son capaces de poner a un polic\u00eda de candidato\u201d, sostuvo la funcionaria tras una mantener en la sede de su ministerio una reuni\u00f3n con Bondarenko y con el armador bonaerense de LLA Sebasti\u00e1n Pareja.<\/p>\n\n\n\n<p>Los tres participantes del encuentro, al atender a la prensa,<strong> reclamaron a Kicillof que \u201creintegre\u201d a los 24 polic\u00edas en sus puestos.<\/strong><\/p>\n\n\n\n<p>Kicillof desplaz\u00f3 a los efectivos de la Polic\u00eda Bonaerense al acusarlos de confabulaci\u00f3n dentro de la fuerza en favor del candidato a diputado provincial de La Libertad Avanza, y <strong>dijo que hay pruebas de que efectivos habr\u00edan utilizado recursos del Estado para apoyar pol\u00edticamente al ex polic\u00eda d<\/strong>e cara a los comicios legislativos de la provincia del 7 de septiembre.<\/p>\n\n\n\n<p>Bullrich sostuvo que el asado al que se alude en la acusaci\u00f3n \u201cse hizo una semana antes del cierre de listas en la casa de un polic\u00eda en actividad de cuyo hijo Maximiliano es el padrino y, a la vez, \u00e9l es padrino del hijo del polic\u00eda adonde fue\u201d. \u201cEs una relaci\u00f3n de familia. <strong>A ese polic\u00eda y a otros 23 los echaron por compartir un asado de camarader\u00eda\u201d, insisti\u00f3.<\/strong><\/p>\n\n\n\n<p>\u201cPedimos que los vuelvan a tomar, no se puede tomar represalias con polic\u00edas que son familia y amigos. Es una verticalidad rid\u00edcula, fuera de lugar. <strong>\u00bfQu\u00e9 hizo Kicillof con los que tiraron caca a Espert? \u00bf<\/strong>Con los que rompieron TN? Nada. Los premiaron. Y a estos polic\u00edas los echan\u201d, lament\u00f3.<\/p>\n\n\n\n<p>Por su parte, Bonadarenko remarc\u00f3 sobre la medida de Kicillof: \u201cNo es como lo dicen,<strong> la Polic\u00eda de la provincia de Buenos Aires es una familia<\/strong>, hay un sentido de pertenencia con sus compa\u00f1eros. Nos juntamos a comer un asado simplemente eso fue. Dio la casualidad que despu\u00e9s de ese asado me nombran candidato\u201d.<\/p>\n\n\n\n<p><strong>\u201cLo que hace Kicillof con la Polic\u00eda hace a\u00f1os que es una cacer\u00eda de brujas\u201d,<\/strong> dispar\u00f3 el postulante libertario.<\/p>\n\n\n\n<p>Bondarenko adem\u00e1s record\u00f3 que el reclamo salarial de los uniformados en 2021 \u201cpor sus magros sueldos, donde pas\u00f3 exactamente lo mismo, muchos est\u00e1n fuera de la fuerza por ese reclamo\u201d. <strong>\u201cLo m\u00e1s humillante es que les sacan su credencial, como si fueran delincuentes\u201d, dijo.<\/strong><\/p>\n\n\n\n<p>Por su parte, Kicillof se refiri\u00f3 brevemente a la pol\u00e9mica y sostuvo: \u201cPara m\u00ed lo que hay que decir simplemente es que <strong>hay normas, hay leyes<\/strong> y hay que respetarlas. Nada m\u00e1s que eso\u201d.<\/p>\n\n\n\n<p>Se explay\u00f3 m\u00e1s el ministro de Seguridad bonaerense, Javier Alonso, quien dijo que hab\u00eda polic\u00edas que \u201cutilizaban las oficinas y los elementos del Estado para brindar apoyo a este candidato, pero, fundamentalmente, para dise\u00f1ar una <strong>serie de medidas urgentes que dispondr\u00edan cierto nivel de intervenci\u00f3n de la polic\u00eda<\/strong> y parte de esa medida los inclu\u00edan a ellos como nuevos responsables de la instituci\u00f3n\u201d.<\/p>\n\n\n\n<p>Adem\u00e1s, le respondi\u00f3 a Bullrich: \u201cYo creo que la ministra se equivoca en defender la politizaci\u00f3n de la polic\u00eda. Hay una ley, que es clara, que dice que la polic\u00eda no puede participar en pol\u00edtica partidaria. <strong>Ellos no pueden defender que un polic\u00eda retirado, que es candidato de ellos, lidere a altos oficiales de la polic\u00eda bonaerense. <\/strong>No entiendo que Bullrich apruebe eso\u201d.<\/p>\n\n\n\n<p>Sobre el tema existe una <strong>investigaci\u00f3n en curso a cargo de Asuntos Internos de la Polic\u00eda Bonaerense<\/strong>, que ya fue elevada a la Justicia.<\/p>\n\n\n\n<p><\/p>\n","protected":false},"excerpt":{"rendered":"<p>La ministro de Seguridad Nacional, Patricia Bullrich, critic\u00f3 duro hoy al gobernador de Buenos Aires, Axel Kicillof, por apartar a 24 jefes policiales por tener v\u00ednculos con el uniformado retirado Maximiliano Bondarenko, quien fue designado primer candidato por La Libertad Avanza por la Terceras Secci\u00f3n Electoral, y sostuvo: \u201cOdia a la Polic\u00eda, siempre est\u00e1 con&hellip;<\/p>\n","protected":false},"author":1,"featured_media":139127,"comment_status":"open","ping_status":"open","sticky":false,"template":"","format":"standard","meta":{"footnotes":""},"categories":[13],"tags":[13798,2450,40628,45614,1241,118],"class_list":["post-139126","post","type-post","status-publish","format-standard","has-post-thumbnail","hentry","category-politica","tag-axel-kicillof","tag-diario-el-sindical","tag-lla","tag-maximiliano-bondarenko","tag-patricia-bullrich","tag-policias"],"_links":{"self":[{"href":"https:\/\/www.elsindical.com.ar\/notas\/wp-json\/wp\/v2\/posts\/139126","targetHints":{"allow":["GET"]}}],"collection":[{"href":"https:\/\/www.elsindical.com.ar\/notas\/wp-json\/wp\/v2\/posts"}],"about":[{"href":"https:\/\/www.elsindical.com.ar\/notas\/wp-json\/wp\/v2\/types\/post"}],"author":[{"embeddable":true,"href":"https:\/\/www.elsindical.com.ar\/notas\/wp-json\/wp\/v2\/users\/1"}],"replies":[{"embeddable":true,"href":"https:\/\/www.elsindical.com.ar\/notas\/wp-json\/wp\/v2\/comments?post=139126"}],"version-history":[{"count":1,"href":"https:\/\/www.elsindical.com.ar\/notas\/wp-json\/wp\/v2\/posts\/139126\/revisions"}],"predecessor-version":[{"id":139128,"href":"https:\/\/www.elsindical.com.ar\/notas\/wp-json\/wp\/v2\/posts\/139126\/revisions\/139128"}],"wp:featuredmedia":[{"embeddable":true,"href":"https:\/\/www.elsindical.com.ar\/notas\/wp-json\/wp\/v2\/media\/139127"}],"wp:attachment":[{"href":"https:\/\/www.elsindical.com.ar\/notas\/wp-json\/wp\/v2\/media?parent=139126"}],"wp:term":[{"taxonomy":"category","embeddable":true,"href":"https:\/\/www.elsindical.com.ar\/notas\/wp-json\/wp\/v2\/categories?post=139126"},{"taxonomy":"post_tag","embeddable":true,"href":"https:\/\/www.elsindical.com.ar\/notas\/wp-json\/wp\/v2\/tags?post=139126"}],"curies":[{"name":"wp","href":"https:\/\/api.w.org\/{rel}","templated":true}]}}